{"id":368110,"date":"2025-09-05T12:13:20","date_gmt":"2025-09-05T12:13:20","guid":{"rendered":"https:\/\/www.europesays.com\/fr\/368110\/"},"modified":"2025-09-05T12:13:20","modified_gmt":"2025-09-05T12:13:20","slug":"laitre-de-saint-maclou-de-rouen-est-lun-des-derniers-cimetieres-a-galeries-de-france","status":"publish","type":"post","link":"https:\/\/www.europesays.com\/fr\/368110\/","title":{"rendered":"L&rsquo;a\u00eetre de Saint-Maclou de Rouen est l&rsquo;un des derniers cimeti\u00e8res \u00e0 galeries de France"},"content":{"rendered":"<p>L&rsquo;a\u00eetre de Saint-Maclou de Rouen est l&rsquo;un des derniers cimeti\u00e8res \u00e0 galeries de FranceSur le m\u00eame sujet<a href=\"https:\/\/www.bfmtv.com\/societe\/video-l-aitre-de-saint-maclou-de-rouen-est-l-un-des-derniers-cimetieres-a-galeries-de-france_VN-202509050547.html\" title=\"L&#039;a\u00eetre de Saint-Maclou de Rouen est l&#039;un des derniers cimeti\u00e8res \u00e0 galeries de France\" rel=\"nofollow noopener\" target=\"_blank\"><img width=\"16\" height=\"9\" class=\"lozad\"  alt=\"L'a\u00eetre de Saint-Maclou de Rouen est l'un des derniers cimeti\u00e8res \u00e0 galeries de France\"\/>en lectureL&rsquo;a\u00eetre de Saint-Maclou de Rouen est l&rsquo;un des derniers cimeti\u00e8res \u00e0 galeries de France<\/a><a href=\"https:\/\/www.bfmtv.com\/societe\/video-10-septembre-on-a-une-augmentation-de-la-delinquance-en-bretagne-et-vient-s-ajouter-la-grogne-sociale-alerte-julien-le-cam-alliance-police-nationale_VN-202509050518.html\" title=\"10 septembre: &quot;On a une augmentation de la d\u00e9linquance en Bretagne, et vient s&#039;ajouter la grogne sociale&quot;, alerte Julien Le Cam (Alliance Police Nationale) \" rel=\"nofollow noopener\" target=\"_blank\"><img width=\"16\" height=\"9\" class=\"lozad\"  alt=\"10 septembre: &quot;On a une augmentation de la d\u00e9linquance en Bretagne, et vient s'ajouter la grogne sociale&quot;, alerte Julien Le Cam (Alliance Police Nationale) \"\/>1:5510 septembre: \u00ab\u00a0On a une augmentation de la d\u00e9linquance en Bretagne, et vient s&rsquo;ajouter la grogne sociale\u00a0\u00bb, alerte Julien Le Cam (Alliance Police Nationale)<\/a><a href=\"https:\/\/www.bfmtv.com\/societe\/video-nice-trois-militants-pro-palestiniens-ont-tente-de-s-introduire-de-force-dans-une-synagogue-ce-que-l-on-sait_VN-202509050512.html\" title=\"Nice: trois militants pro-palestiniens ont tent\u00e9 de s&#039;introduire de force dans une synagogue, ce que l&#039;on sait\" rel=\"nofollow noopener\" target=\"_blank\"><img width=\"16\" height=\"9\" class=\"lozad\"  alt=\"Nice: trois militants pro-palestiniens ont tent\u00e9 de s'introduire de force dans une synagogue, ce que l'on sait\"\/>1:43Nice: trois militants pro-palestiniens ont tent\u00e9 de s&rsquo;introduire de force dans une synagogue, ce que l&rsquo;on sait<\/a><a href=\"https:\/\/www.bfmtv.com\/economie\/replay-emissions\/les-experts-de-l-immo\/video-les-experts-de-l-immo-logement-neuf-la-crise-persiste-05-09_VN-202509050515.html\" title=\"Les Experts de l&#039;immo : Logement neuf, la crise persiste - 05\/09\" rel=\"nofollow noopener\" target=\"_blank\"><img width=\"16\" height=\"9\" class=\"lozad\"  alt=\"Les Experts de l'immo : Logement neuf, la crise persiste - 05\/09\"\/>27:47Les Experts de l&rsquo;immo : Logement neuf, la crise persiste &#8211; 05\/09<\/a><a href=\"https:\/\/www.bfmtv.com\/politique\/video-bloquer-tout-c-est-pire-que-tout-le-message-de-fermete-de-bruno-retailleau-face-au-mouvement-du-10-septembre-qui-se-prepare_VN-202509050509.html\" title=\"&quot;Bloquer tout, c&#039;est pire que tout&quot;: le message de fermet\u00e9 de Bruno Retailleau face au mouvement du 10 septembre qui se pr\u00e9pare\" rel=\"nofollow noopener\" target=\"_blank\"><img width=\"16\" height=\"9\" class=\"lozad\"  alt=\"&quot;Bloquer tout, c'est pire que tout&quot;: le message de fermet\u00e9 de Bruno Retailleau face au mouvement du 10 septembre qui se pr\u00e9pare\"\/>1:29&Prime;Bloquer tout, c&rsquo;est pire que tout\u00a0\u00bb: le message de fermet\u00e9 de Bruno Retailleau face au mouvement du 10 septembre qui se pr\u00e9pare<\/a><a href=\"https:\/\/www.bfmtv.com\/societe\/video-chaque-personne-peut-trouver-sa-pepite-les-premiers-stands-ont-ete-installes-pour-la-braderie-de-lille_VN-202509050491.html\" title=\"&quot;Chaque personne peut trouver sa p\u00e9pite&quot;: les premiers stands ont \u00e9t\u00e9 install\u00e9s pour la Braderie de Lille \" rel=\"nofollow noopener\" target=\"_blank\"><img width=\"16\" height=\"9\" class=\"lozad\"  alt=\"&quot;Chaque personne peut trouver sa p\u00e9pite&quot;: les premiers stands ont \u00e9t\u00e9 install\u00e9s pour la Braderie de Lille \"\/>1:10&Prime;Chaque personne peut trouver sa p\u00e9pite\u00a0\u00bb: les premiers stands ont \u00e9t\u00e9 install\u00e9s pour la Braderie de Lille<\/a><a href=\"https:\/\/www.bfmtv.com\/societe\/video-ou-en-est-le-chantier-de-l-a69_VN-202509050483.html\" title=\"O\u00f9 en est le chantier de l&#039;A69?\" rel=\"nofollow noopener\" target=\"_blank\"><img width=\"16\" height=\"9\" class=\"lozad\"  alt=\"O\u00f9 en est le chantier de l'A69?\"\/>1:26O\u00f9 en est le chantier de l&rsquo;A69?<\/a><a href=\"https:\/\/www.bfmtv.com\/societe\/video-mobilisation-du-10-septembre-le-mouvement-se-prepare-en-dehors-des-reseaux-sociaux_VN-202509050475.html\" title=\"Mobilisation du 10 septembre: le mouvement se pr\u00e9pare en dehors des r\u00e9seaux sociaux\" rel=\"nofollow noopener\" target=\"_blank\"><img width=\"16\" height=\"9\" class=\"lozad\"  alt=\"Mobilisation du 10 septembre: le mouvement se pr\u00e9pare en dehors des r\u00e9seaux sociaux\"\/>1:42Mobilisation du 10 septembre: le mouvement se pr\u00e9pare en dehors des r\u00e9seaux sociaux<\/a><a href=\"https:\/\/www.bfmtv.com\/societe\/video-mouvement-du-10-septembre-en-france-la-question-sociale-est-devenue-explosive-decrypte-henri-guaino-ancien-conseiller-special-de-nicolas-sarkozy_VN-202509050453.html\" title=\"Mouvement du 10 septembre: &quot;En France, la question sociale est devenue explosive&quot;, d\u00e9crypte Henri Guaino, ancien conseiller sp\u00e9cial de Nicolas Sarkozy \" rel=\"nofollow noopener\" target=\"_blank\"><img width=\"16\" height=\"9\" class=\"lozad\"  alt=\"Mouvement du 10 septembre: &quot;En France, la question sociale est devenue explosive&quot;, d\u00e9crypte Henri Guaino, ancien conseiller sp\u00e9cial de Nicolas Sarkozy \"\/>1:50Mouvement du 10 septembre: \u00ab\u00a0En France, la question sociale est devenue explosive\u00a0\u00bb, d\u00e9crypte Henri Guaino, ancien conseiller sp\u00e9cial de Nicolas Sarkozy<\/a><a href=\"https:\/\/www.bfmtv.com\/societe\/video-mouvement-du-10-septembre-cette-journee-ca-va-etre-avant-tout-le-jour-ferie-de-l-ultragauche-estime-jean-christophe-couvy-un1te_VN-202509050373.html\" title=\"Mouvement du 10 septembre: &quot;Cette journ\u00e9e, \u00e7a va \u00eatre avant tout le jour f\u00e9ri\u00e9 de l&#039;ultragauche&quot;, estime Jean-Christophe Couvy (UN1T\u00c9) \" rel=\"nofollow noopener\" target=\"_blank\"><img width=\"16\" height=\"9\" class=\"lozad\"  alt=\"Mouvement du 10 septembre: &quot;Cette journ\u00e9e, \u00e7a va \u00eatre avant tout le jour f\u00e9ri\u00e9 de l'ultragauche&quot;, estime Jean-Christophe Couvy (UN1T\u00c9) \"\/>1:16Mouvement du 10 septembre: \u00ab\u00a0Cette journ\u00e9e, \u00e7a va \u00eatre avant tout le jour f\u00e9ri\u00e9 de l&rsquo;ultragauche\u00a0\u00bb, estime Jean-Christophe Couvy (UN1T\u00c9)<\/a><a href=\"https:\/\/www.bfmtv.com\/societe\/video-chute-de-la-natalite-l-immigration-de-travail-n-est-pas-la-solution-miracle-explique-nicolas-pouvreau-monti-oid_VN-202509050315.html\" title=\"Chute de la natalit\u00e9: &quot;L&#039;immigration de travail n&#039;est pas la solution miracle&quot;, explique Nicolas Pouvreau Monti (OID)\" rel=\"nofollow noopener\" target=\"_blank\"><img width=\"16\" height=\"9\" class=\"lozad\"  alt=\"Chute de la natalit\u00e9: &quot;L'immigration de travail n'est pas la solution miracle&quot;, explique Nicolas Pouvreau Monti (OID)\"\/>2:31Chute de la natalit\u00e9: \u00ab\u00a0L&rsquo;immigration de travail n&rsquo;est pas la solution miracle\u00a0\u00bb, explique Nicolas Pouvreau Monti (OID)<\/a><a href=\"https:\/\/www.bfmtv.com\/politique\/video-mouvement-du-10-septembre-on-s-eloigne-quelque-peu-de-la-physionomie-des-gilets-jaunes-explique-jerome-fourquet-ifop_VN-202509050292.html\" title=\"Mouvement du 10 septembre: &quot;On s&#039;\u00e9loigne quelque peu de la physionomie des Gilets jaunes&quot;, explique J\u00e9r\u00f4me Fourquet (Ifop)\" rel=\"nofollow noopener\" target=\"_blank\"><img width=\"16\" height=\"9\" class=\"lozad\"  alt=\"Mouvement du 10 septembre: &quot;On s'\u00e9loigne quelque peu de la physionomie des Gilets jaunes&quot;, explique J\u00e9r\u00f4me Fourquet (Ifop)\"\/>1:40Mouvement du 10 septembre: \u00ab\u00a0On s&rsquo;\u00e9loigne quelque peu de la physionomie des Gilets jaunes\u00a0\u00bb, explique J\u00e9r\u00f4me Fourquet (Ifop)<\/a><a href=\"https:\/\/www.bfmtv.com\/police-justice\/video-ces-francais-qui-veulent-se-mobiliser-le-10-septembre-prochain_VN-202509050247.html\" title=\"Ces Fran\u00e7ais qui veulent se mobiliser le 10 septembre prochain\" rel=\"nofollow noopener\" target=\"_blank\"><img width=\"16\" height=\"9\" class=\"lozad\"  alt=\"Ces Fran\u00e7ais qui veulent se mobiliser le 10 septembre prochain\"\/>1:28Ces Fran\u00e7ais qui veulent se mobiliser le 10 septembre prochain<\/a><a href=\"https:\/\/www.bfmtv.com\/societe\/video-nous-devenons-la-poubelle-de-l-aveyron-elus-et-habitants-locaux-manifestent-contre-l-ouverture-d-un-centre-de-traitement-des-dechets_VN-202509050209.html\" title=\"&quot;Nous devenons la poubelle de l&#039;Aveyron&quot;: \u00e9lus et habitants locaux manifestent contre l&#039;ouverture d&#039;un centre de traitement des d\u00e9chets\" rel=\"nofollow noopener\" target=\"_blank\"><img width=\"16\" height=\"9\" class=\"lozad\"  alt=\"&quot;Nous devenons la poubelle de l'Aveyron&quot;: \u00e9lus et habitants locaux manifestent contre l'ouverture d'un centre de traitement des d\u00e9chets\"\/>1:12&Prime;Nous devenons la poubelle de l&rsquo;Aveyron\u00a0\u00bb: \u00e9lus et habitants locaux manifestent contre l&rsquo;ouverture d&rsquo;un centre de traitement des d\u00e9chets<\/a><a class=\"jumpToVideo\" target=\"_blank\"><img class=\"thumbnailPreview\"\/><\/a><\/p>\n","protected":false},"excerpt":{"rendered":"L&rsquo;a\u00eetre de Saint-Maclou de Rouen est l&rsquo;un des derniers cimeti\u00e8res \u00e0 galeries de FranceSur le m\u00eame sujeten lectureL&rsquo;a\u00eetre&hellip;\n","protected":false},"author":2,"featured_media":368111,"comment_status":"","ping_status":"","sticky":false,"template":"","format":"standard","meta":{"footnotes":""},"categories":[9587],"tags":[1111,11,1777,674,1011,27,12,5161,25,9590],"class_list":{"0":"post-368110","1":"post","2":"type-post","3":"status-publish","4":"format-standard","5":"has-post-thumbnail","7":"category-rouen","8":"tag-actu","9":"tag-actualites","10":"tag-eu","11":"tag-europe","12":"tag-fr","13":"tag-france","14":"tag-news","15":"tag-normandie","16":"tag-republique-francaise","17":"tag-rouen"},"share_on_mastodon":{"url":"https:\/\/pubeurope.com\/@fr\/115151634590167198","error":""},"_links":{"self":[{"href":"https:\/\/www.europesays.com\/fr\/wp-json\/wp\/v2\/posts\/368110","targetHints":{"allow":["GET"]}}],"collection":[{"href":"https:\/\/www.europesays.com\/fr\/wp-json\/wp\/v2\/posts"}],"about":[{"href":"https:\/\/www.europesays.com\/fr\/wp-json\/wp\/v2\/types\/post"}],"author":[{"embeddable":true,"href":"https:\/\/www.europesays.com\/fr\/wp-json\/wp\/v2\/users\/2"}],"replies":[{"embeddable":true,"href":"https:\/\/www.europesays.com\/fr\/wp-json\/wp\/v2\/comments?post=368110"}],"version-history":[{"count":0,"href":"https:\/\/www.europesays.com\/fr\/wp-json\/wp\/v2\/posts\/368110\/revisions"}],"wp:featuredmedia":[{"embeddable":true,"href":"https:\/\/www.europesays.com\/fr\/wp-json\/wp\/v2\/media\/368111"}],"wp:attachment":[{"href":"https:\/\/www.europesays.com\/fr\/wp-json\/wp\/v2\/media?parent=368110"}],"wp:term":[{"taxonomy":"category","embeddable":true,"href":"https:\/\/www.europesays.com\/fr\/wp-json\/wp\/v2\/categories?post=368110"},{"taxonomy":"post_tag","embeddable":true,"href":"https:\/\/www.europesays.com\/fr\/wp-json\/wp\/v2\/tags?post=368110"}],"curies":[{"name":"wp","href":"https:\/\/api.w.org\/{rel}","templated":true}]}}