{"id":368112,"date":"2025-09-05T12:15:19","date_gmt":"2025-09-05T12:15:19","guid":{"rendered":"https:\/\/www.europesays.com\/fr\/368112\/"},"modified":"2025-09-05T12:15:19","modified_gmt":"2025-09-05T12:15:19","slug":"lucille-lheureux-denonce-des-pressions","status":"publish","type":"post","link":"https:\/\/www.europesays.com\/fr\/368112\/","title":{"rendered":"Lucille Lheureux d\u00e9nonce des pressions"},"content":{"rendered":"<p>\t\t\t\t\tFLASH INFO \u2013 Dans un cour\u00adrier adress\u00e9 au p\u00f4le de r\u00e9gu\u00adla\u00adtion des \u00c9cologistes, la can\u00addi\u00addate \u00e0 la can\u00addi\u00adda\u00adture de la majo\u00adrit\u00e9 gre\u00adno\u00adbloise sor\u00adtante Lucille Lheureux d\u00e9nonce des pres\u00adsions et des inti\u00admi\u00adda\u00adtions dont elle aurait fait l\u2019ob\u00adjet. Celle qui occupe la fonc\u00adtion d\u2019ad\u00adjointe depuis 2014 pos\u00adtule pour \u00eatre t\u00eate de liste aux muni\u00adci\u00adpales de Grenoble 2026, aux c\u00f4t\u00e9s de trois autres pr\u00e9\u00adten\u00addants\u00a0: Margot Belair, Laurence Ruffin et Nicolas Beron-Perez.<\/p>\n<p>Comme sou\u00advent, en poli\u00adtique comme ailleurs, les sou\u00adrires de fa\u00e7ade en public peuvent cacher bien des ran\u00adc\u0153urs en cou\u00adlisses. Nouvelle illus\u00adtra\u00adtion avec la r\u00e9v\u00e9\u00adla\u00adtion, le jeudi 4 sep\u00adtembre 2025, d\u2019une lettre adres\u00ads\u00e9e par Lucille Lheureux au p\u00f4le de r\u00e9gu\u00adla\u00adtion des \u00c9cologistes. L\u2019\u00e9lue gre\u00adno\u00adbloise, <a href=\"https:\/\/www.placegrenet.fr\/2025\/07\/17\/municipales-les-quatre-volontaires-de-la-majorite-sortante-de-grenoble-exposent-leur-demarche-et-leur-calendrier\/655843\" target=\"_blank\" rel=\"noopener nofollow\">can\u00addi\u00addate \u00e0 la can\u00addi\u00adda\u00adture<\/a> pour repr\u00e9\u00adsen\u00adter la majo\u00adrit\u00e9 sor\u00adtante lors des muni\u00adci\u00adpales de 2026, y d\u00e9nonce des \u00ab\u00a0dys\u00adfonc\u00adtion\u00adne\u00adments\u00a0\u00bb dans le pro\u00adces\u00adsus de d\u00e9si\u00adgna\u00adtion de la t\u00eate de liste, comme le rap\u00adporte <a href=\"https:\/\/c.ledauphine.com\/elections\/2025\/09\/04\/l-adjointe-lucille-lheureux-signale-des-intimidations\" target=\"_blank\" rel=\"noopener nofollow\">Le Dauphin\u00e9 lib\u00e9r\u00e9<\/a>.<\/p>\n<p>Adjointe d\u2019\u00c9ric Piolle (\u00e0 l\u2019Urbanisme puis aux Cultures) depuis son \u00e9lec\u00adtion en 2014, Lucille Lheureux indique avoir subi des pres\u00adsions pour l\u2019in\u00adci\u00adter \u00e0 se d\u00e9sis\u00adter lors d\u2019un entre\u00adtien avec le maire de Grenoble. Mais aussi via un cour\u00adrier \u00e0 son inten\u00adtion qui rel\u00e8\u00adve\u00adrait de l\u2019in\u00adti\u00admi\u00adda\u00adtion selon\u00a0elle.<\/p>\n<p><a href=\"https:\/\/www.europesays.com\/fr\/wp-content\/uploads\/2025\/09\/lheureux-belair-ruffin-beron-perez-fm.jpg\" target=\"_blank\" rel=\"noopener\"><img fetchpriority=\"high\" decoding=\"async\" aria-describedby=\"caption-attachment-658959\" class=\"wp-image-658959 size-full\" src=\"data:image\/svg+xml,%3Csvg%20xmlns=\" http:=\"\" alt=\"Les sourires (de gauche \u00e0 droite) de Lucille Lheureux, Margot Belair, Laurence Ruffin et Nicolas Beron Perez. \u00a9 Florent Mathieu - Place Gre'net\" width=\"3231\" height=\"2272\" data-lazy-src=\"https:\/\/www.europesays.com\/fr\/wp-content\/uploads\/2025\/09\/lheureux-belair-ruffin-beron-perez-fm.jpg\"\/><\/a><\/p>\n<p id=\"caption-attachment-658959\" class=\"wp-caption-text\">Les sou\u00adrires (de gauche \u00e0 droite) de Lucille Lheureux, Margot Belair, Laurence Ruffin et Nicolas Beron Perez. \u00a9 Florent Mathieu \u2013 Place Gre\u2019net<\/p>\n<p>L\u2019\u00e9lue gre\u00adno\u00adbloise va jus\u00adqu\u2019\u00e0 d\u00e9non\u00adcer des pra\u00adtiques \u00ab\u00a0patriar\u00adcales, sexistes et clas\u00adsistes\u00a0\u00bb et affirme que \u00ab\u00a0les condi\u00adtions ne sont plus r\u00e9unies pour garan\u00adtir un fonc\u00adtion\u00adne\u00adment d\u00e9mo\u00adcra\u00adtique local qui per\u00admette un pro\u00adces\u00adsus sain\u00a0\u00bb.<\/p>\n<p>Quatre volon\u00adtaires mais une favorite<\/p>\n<p>La d\u00e9si\u00adgna\u00adtion de la future t\u00eate de liste de la majo\u00adrit\u00e9 gre\u00adno\u00adbloise sor\u00adtante doit se faire autour de quatre \u00ab\u00a0volon\u00adtaires\u00a0\u00bb. Parmi eux, figurent trois membres de l\u2019ex\u00e9\u00adcu\u00adtif actuel \u2013 les \u00e9co\u00adlo\u00adgistes Margot Belair et Lucille Lheureux ainsi que le com\u00admu\u00adniste Nicolas Beron-Perez \u2013 aux\u00adquels s\u2019a\u00adjoute une nou\u00advelle venue en poli\u00adtique\u00a0: <a href=\"https:\/\/www.placegrenet.fr\/2024\/11\/25\/municipales-de-2026-laurence-ruffin-future-candidate-de-la-majorite-grenobloise-sortante\/641021\" target=\"_blank\" rel=\"noopener nofollow\">Laurence Ruffin<\/a>. Cette der\u00adni\u00e8re, en posi\u00adtion de favo\u00adrite, aurait entre autres la pr\u00e9\u00adf\u00e9\u00adrence du maire \u00c9ric Piolle.<\/p>\n<p>Lors d\u2019une <a href=\"https:\/\/www.placegrenet.fr\/2025\/07\/17\/municipales-les-quatre-volontaires-de-la-majorite-sortante-de-grenoble-exposent-leur-demarche-et-leur-calendrier\/655843\" target=\"_blank\" rel=\"noopener nofollow\">ren\u00adcontre avec les quatre \u00ab\u00a0volon\u00adtaires\u00a0\u00bb<\/a> en juillet 2025, Lucille Lheureux disait le plus grand bien de cette d\u00e9marche d\u2019un genre nou\u00adveau. \u00ab\u00a0On s\u2019inscrit dans l\u2019histoire gre\u00adno\u00adbloise d\u2019invention de la fa\u00e7on de faire de la poli\u00adtique\u00a0\u00bb, jugeait ainsi l\u2019\u00e9\u00adlue. Une \u00ab\u00a0inven\u00adtion\u00a0\u00bb qui a ses limites\u00a0? Dans son cour\u00adrier, la m\u00eame Lucille Lheureux explique avoir fait face \u00ab\u00a0au refus de cer\u00adtains membres du col\u00adlec\u00adtif de tra\u00advailler \u00e0 un mode de d\u00e9si\u00adgna\u00adtion\u00a0\u00bb, selon le quotidien.<\/p>\n<p>Ce n\u2019est pas la pre\u00admi\u00e8re fois que des ten\u00adsions au sein des \u00c9cologistes se r\u00e9v\u00e8lent au grand jour. Qu\u2019il s\u2019a\u00adgisse de la ten\u00adta\u00adtive d\u2019\u00e9\u00advic\u00adtion d\u2019\u00c9ric Piolle des boucles de com\u00admu\u00adni\u00adca\u00adtion par la cheffe du parti Marine Tondelier, en f\u00e9vrier 2025. Ou d\u2019un \u00e9trange \u00e9pi\u00adsode sur fond de pri\u00admaire EELV en 2021, lorsque Sandrine Rousseau avait accus\u00e9 \u00c9ric Piolle de l\u2019a\u00advoir \u00ab\u00a0bous\u00adcu\u00adl\u00e9e\u00a0\u00bb durant les jour\u00adn\u00e9es d\u2019\u00e9t\u00e9 du parti \u00e0 Poitiers. Accusation sur laquelle elle \u00e9tait reve\u00adnue, avant que l\u2019\u00e9lu gre\u00adno\u00adblois ne soit mis hors de\u00a0cause.<\/p>\n<blockquote>\n<p><strong>Ironie du c\u00f4t\u00e9 d\u2019Allan Brunon, inqui\u00e9\u00adtude du c\u00f4t\u00e9 de St\u00e9phane Gemmani<\/strong><\/p>\n<p>Chef de file LFI pour Grenoble, Allan Brunon pro\u00adfite de la r\u00e9v\u00e9\u00adla\u00adtion du cour\u00adrier pour (re)dire tout le mal qu\u2019il pense de la m\u00e9thode des \u00c9cologistes. Dans un mes\u00adsage <a href=\"https:\/\/x.com\/allanbrunon\/status\/1963891723504849004\" target=\"_blank\" rel=\"noopener nofollow\">sur les r\u00e9seaux sociaux<\/a>, l\u2019Insoumis indique\u00a0: \u00ab\u00a0Nous avions alert\u00e9\u00a0: les pri\u00admaires finissent tou\u00adjours mal. Un exemple de ce qu\u2019il ne faut abso\u00adlu\u00adment pas faire pour prendre le pou\u00advoir en France en 2027. Voil\u00e0 pour\u00adquoi nous nous en tenons \u00e0 l\u2019\u00e9cart. Ces m\u00e9thodes, tr\u00e8s Ve R\u00e9publique, sont \u00e0 bout de souffle\u00a0\u00bb. Et iro\u00adnise aupr\u00e8s de Place Gre\u2019net\u00a0: \u00ab\u00a0Tout \u00e7a va finir en pugi\u00adlat\u00a0!\u00a0\u00bb.<\/p>\n<p>Autre r\u00e9ac\u00adtion, celle du gre\u00adno\u00adblois <a href=\"https:\/\/www.facebook.com\/stephane.gemmani\/posts\/pfbid0simFjcpdkAXZbxTyReAq9ySFBEnZJdy5ZeyWbDEfuStMjxLj9Lt6p4y11WNjfSJKl?locale=fr_FR\" target=\"_blank\" rel=\"noopener nofollow\">St\u00e9phane Gemmani<\/a>, engag\u00e9 dans la cam\u00adpagne de la socia\u00adliste Amandine Germain. Lequel d\u00e9clare\u00a0: \u00ab\u00a0Il m\u2019arrive d\u2019avoir des d\u00e9sac\u00adcords poli\u00adtiques avec Lucille Lheureux. Mais si les inti\u00admi\u00adda\u00adtions et pres\u00adsions qu\u2019elle d\u00e9nonce sont av\u00e9\u00adr\u00e9es, c\u2019est grave et abso\u00adlu\u00adment inad\u00admis\u00adsible. La vie poli\u00adtique ne peut se r\u00e9duire \u00e0 de tels com\u00adpor\u00adte\u00adments\u00a0: elle doit res\u00adter un espace de res\u00adpect et de s\u00e9r\u00e9\u00adnit\u00e9.\u00a0[\u2026] Nous devons retrou\u00adver l\u2019apaisement, la confiance et le sens du col\u00adlec\u00adtif pour faire vivre plei\u00adne\u00adment la d\u00e9mocratie.\u00a0\u00bb.<\/p>\n<\/blockquote>\n","protected":false},"excerpt":{"rendered":"FLASH INFO \u2013 Dans un cour\u00adrier adress\u00e9 au p\u00f4le de r\u00e9gu\u00adla\u00adtion des \u00c9cologistes, la can\u00addi\u00addate \u00e0 la can\u00addi\u00adda\u00adture&hellip;\n","protected":false},"author":2,"featured_media":368113,"comment_status":"","ping_status":"","sticky":false,"template":"","format":"standard","meta":{"footnotes":""},"categories":[9566],"tags":[1111,11,2430,1777,674,1011,27,2731,12,25],"class_list":{"0":"post-368112","1":"post","2":"type-post","3":"status-publish","4":"format-standard","5":"has-post-thumbnail","7":"category-grenoble","8":"tag-actu","9":"tag-actualites","10":"tag-auvergne-rhone-alpes","11":"tag-eu","12":"tag-europe","13":"tag-fr","14":"tag-france","15":"tag-grenoble","16":"tag-news","17":"tag-republique-francaise"},"share_on_mastodon":{"url":"https:\/\/pubeurope.com\/@fr\/115151642577333139","error":""},"_links":{"self":[{"href":"https:\/\/www.europesays.com\/fr\/wp-json\/wp\/v2\/posts\/368112","targetHints":{"allow":["GET"]}}],"collection":[{"href":"https:\/\/www.europesays.com\/fr\/wp-json\/wp\/v2\/posts"}],"about":[{"href":"https:\/\/www.europesays.com\/fr\/wp-json\/wp\/v2\/types\/post"}],"author":[{"embeddable":true,"href":"https:\/\/www.europesays.com\/fr\/wp-json\/wp\/v2\/users\/2"}],"replies":[{"embeddable":true,"href":"https:\/\/www.europesays.com\/fr\/wp-json\/wp\/v2\/comments?post=368112"}],"version-history":[{"count":0,"href":"https:\/\/www.europesays.com\/fr\/wp-json\/wp\/v2\/posts\/368112\/revisions"}],"wp:featuredmedia":[{"embeddable":true,"href":"https:\/\/www.europesays.com\/fr\/wp-json\/wp\/v2\/media\/368113"}],"wp:attachment":[{"href":"https:\/\/www.europesays.com\/fr\/wp-json\/wp\/v2\/media?parent=368112"}],"wp:term":[{"taxonomy":"category","embeddable":true,"href":"https:\/\/www.europesays.com\/fr\/wp-json\/wp\/v2\/categories?post=368112"},{"taxonomy":"post_tag","embeddable":true,"href":"https:\/\/www.europesays.com\/fr\/wp-json\/wp\/v2\/tags?post=368112"}],"curies":[{"name":"wp","href":"https:\/\/api.w.org\/{rel}","templated":true}]}}