{"id":368116,"date":"2025-09-05T12:17:09","date_gmt":"2025-09-05T12:17:09","guid":{"rendered":"https:\/\/www.europesays.com\/fr\/368116\/"},"modified":"2025-09-05T12:17:09","modified_gmt":"2025-09-05T12:17:09","slug":"trois-groupes-au-programme-dun-fest-noz-ce-week-end","status":"publish","type":"post","link":"https:\/\/www.europesays.com\/fr\/368116\/","title":{"rendered":"trois groupes au programme d&rsquo;un fest-noz ce week-end"},"content":{"rendered":"<p>            Par<br \/>\n        <strong><br \/>\n            <a href=\"https:\/\/actu.fr\/auteur\/redaction-jv\" title=\"Consulter tous les articles de R\u00e9daction Vitr\u00e9\" target=\"_blank\" rel=\"noopener\">R\u00e9daction Vitr\u00e9<\/a><br \/>\n        <\/strong><\/p>\n<p>        Publi\u00e9 le<\/p>\n<p>            5 sept. 2025 \u00e0 13h52        <\/p>\n<p>Samedi 6 septembre 2025, la salle de sport de <b>Br\u00e9c\u00e9 <\/b>(Ille-et-Vilaine) va accueillir le <b>26e fest-noz<\/b> de l\u2019association Oxyg\u00e8ne qui regroupe les activit\u00e9s danse bretonne et aquariophile.<\/p>\n<p class=\" wall-content\">Trois groupes au programme : <b>Ka\u00efffa<\/b>, groupe du pays de Foug\u00e8res, cr\u00e9\u00e9 en 2011, compos\u00e9 de cinq musiciens, avec bombarde, accord\u00e9on, basse, claviers, guitare et batterie.<\/p>\n<p class=\" wall-content\">Puis, <b>Trio Tapagwen<\/b>, de la r\u00e9gion de Combourg avec Gwendal Bouffort \u00e0 l\u2019accord\u00e9on, Pascal Cadet au chant, violon, banjo et Tangi P\u00e9nard au chant, \u00e0 la clarinette, \u00e0 la bombarde et \u00e0 la guitare.<\/p>\n<p>Un r\u00e9pertoire multidanse<\/p>\n<p class=\" wall-content\">\u00ab Deux formations o\u00f9 se c\u00f4toient musique de Haute et Basse Bretagne \u00bb, pr\u00e9cise Herv\u00e9 Gernigon, pr\u00e9sident d\u2019Oxyg\u00e8ne.<\/p>\n<p class=\" wall-content\"><b>MS Duo<\/b>, avec Morgane, \u00e0 l\u2019accord\u00e9on et S\u00e9bastien, \u00e0 la bombarde compl\u00e8tent le programme, toujours \u00ab dans un r\u00e9pertoire multidanse \u00bb des deux r\u00e9gions bretonnes.<\/p>\n<p>Vid\u00e9os : en ce moment sur Actu<\/p>\n<p class=\" wall-content\">Un 26e fest-noz qui engage une nouvelle saison associative pour la danse bretonne dont les cours red\u00e9marrent le 19\u00a0septembre, de 20 h 30 \u00e0 22 h 30, salle modulaire, situ\u00e9e derri\u00e8re la salle de sports. Adh\u00e9sion : 40\u00a0\u20ac l\u2019ann\u00e9e.<\/p>\n<p class=\" wall-content\">Une nouveaut\u00e9 cette ann\u00e9e : certains cours auront lieu en commun avec <b>Ch\u00e2teaubourg et la Nouzille<\/b>. Concernant les soir\u00e9es bar animations, elles seront reconduites dans des bars \u00e0 Liffr\u00e9, Acign\u00e9, Br\u00e9c\u00e9 avec musiciens et danseurs.<\/p>\n<p>Votre r\u00e9gion, votre actu !<\/p>\n<p>Recevez chaque jour les infos qui comptent pour vous.<\/p>\n<p>\t<a href=\"https:\/\/actu.fr\/newsletter\" class=\"ac-btn ac-btn--corner ac-btn--medium ac-btn--blue800\" target=\"_blank\" rel=\"noopener\">S&rsquo;incrire<\/a><\/p>\n<p class=\" wall-content\">Enfin, l\u2019association Oxyg\u00e8ne participe au<b> festival de musique Yaouank<\/b>, qui se d\u00e9roulera le 18\u00a0octobre 2025, \u00e0 Rennes, au Libert\u00e9.<\/p>\n<p class=\" wall-content\">Des b\u00e9n\u00e9voles d\u2019\u00ab Oxyg\u00e8ne\u00a0et des sympathisants \u00bb, accompagnent Herv\u00e9 Gernigon, responsable de la restauration \u00e0 Yaouank \u00ab avec 90\u00a0b\u00e9n\u00e9voles \u00bb, pour satisfaire les quelque 5 000 danseurs durant les 12 h de festival.<\/p>\n<p>Pratique : samedi 6 septembre, \u00e0 20 h 30, \u00e0 la salle de sports Roz Avel, 26\u00e8 fest-noz d\u2019Oxyg\u00e8ne. Entr\u00e9e : 8 \u20ac. G\u00e2teaux, cr\u00eapes et buvette.<\/p>\n<p class=\" wall-content\">Personnalisez votre actualit\u00e9 en ajoutant vos villes et m\u00e9dias en favori avec <a href=\"https:\/\/moncompte.actu.fr\" title=\"D\u00e9couvez Mon Actu\" rel=\"nofollow noopener\" data-trk=\"{&quot;cta&quot;:{&quot;action&quot;:&quot;https:\\\/\\\/moncompte.actu.fr&quot;,&quot;category&quot;:&quot;mon compte&quot;,&quot;from&quot;:&quot;article footer&quot;,&quot;name&quot;:&quot;Mon actu&quot;,&quot;type&quot;:&quot;cta&quot;}}\" target=\"_blank\">Mon Actu<\/a>.<\/p>\n","protected":false},"excerpt":{"rendered":"Par R\u00e9daction Vitr\u00e9 Publi\u00e9 le 5 sept. 2025 \u00e0 13h52 Samedi 6 septembre 2025, la salle de sport&hellip;\n","protected":false},"author":2,"featured_media":368117,"comment_status":"","ping_status":"","sticky":false,"template":"","format":"standard","meta":{"footnotes":""},"categories":[2821],"tags":[1111,11,829,1777,674,40218,1011,27,1652,12,584,25],"class_list":{"0":"post-368116","1":"post","2":"type-post","3":"status-publish","4":"format-standard","5":"has-post-thumbnail","7":"category-rennes","8":"tag-actu","9":"tag-actualites","10":"tag-bretagne","11":"tag-eu","12":"tag-europe","13":"tag-fest-noz","14":"tag-fr","15":"tag-france","16":"tag-loisirs-culture","17":"tag-news","18":"tag-rennes","19":"tag-republique-francaise"},"share_on_mastodon":{"url":"https:\/\/pubeurope.com\/@fr\/115151650406008072","error":""},"_links":{"self":[{"href":"https:\/\/www.europesays.com\/fr\/wp-json\/wp\/v2\/posts\/368116","targetHints":{"allow":["GET"]}}],"collection":[{"href":"https:\/\/www.europesays.com\/fr\/wp-json\/wp\/v2\/posts"}],"about":[{"href":"https:\/\/www.europesays.com\/fr\/wp-json\/wp\/v2\/types\/post"}],"author":[{"embeddable":true,"href":"https:\/\/www.europesays.com\/fr\/wp-json\/wp\/v2\/users\/2"}],"replies":[{"embeddable":true,"href":"https:\/\/www.europesays.com\/fr\/wp-json\/wp\/v2\/comments?post=368116"}],"version-history":[{"count":0,"href":"https:\/\/www.europesays.com\/fr\/wp-json\/wp\/v2\/posts\/368116\/revisions"}],"wp:featuredmedia":[{"embeddable":true,"href":"https:\/\/www.europesays.com\/fr\/wp-json\/wp\/v2\/media\/368117"}],"wp:attachment":[{"href":"https:\/\/www.europesays.com\/fr\/wp-json\/wp\/v2\/media?parent=368116"}],"wp:term":[{"taxonomy":"category","embeddable":true,"href":"https:\/\/www.europesays.com\/fr\/wp-json\/wp\/v2\/categories?post=368116"},{"taxonomy":"post_tag","embeddable":true,"href":"https:\/\/www.europesays.com\/fr\/wp-json\/wp\/v2\/tags?post=368116"}],"curies":[{"name":"wp","href":"https:\/\/api.w.org\/{rel}","templated":true}]}}