{"id":368118,"date":"2025-09-05T12:18:19","date_gmt":"2025-09-05T12:18:19","guid":{"rendered":"https:\/\/www.europesays.com\/fr\/368118\/"},"modified":"2025-09-05T12:18:19","modified_gmt":"2025-09-05T12:18:19","slug":"un-policier-blesse-trois-hommes-en-garde-a-vue","status":"publish","type":"post","link":"https:\/\/www.europesays.com\/fr\/368118\/","title":{"rendered":"un policier bless\u00e9, trois hommes en garde \u00e0 vue"},"content":{"rendered":"<p>Vers 3 h du matin vendredi 5\u00a0septembre, un \u00e9quipage de police secours a voulu contr\u00f4ler une voiture qui roulait \u00e0 vive allure sur la route de Bischwiller \u00e0 Bischheim. Le v\u00e9hicule et ses trois occupants ont pris la fuite. La brigade anticriminalit\u00e9 (Bac) est venue en renfort.<\/p>\n<p>Le conducteur s\u2019est engag\u00e9 sur l\u2019autoroute en direction de Souffelweyersheim avant de faire demi-tour \u00e0 Mundolsheim. \u00c0 hauteur du quartier de l\u2019Elsau, il s\u2019est engouffr\u00e9 dans le chemin de l\u2019Unterelsau o\u00f9 il a percut\u00e9 une butte de terre, mettant fin \u00e0 la fuite.<\/p>\n<p>Un policier de la Bac a \u00e9t\u00e9 bless\u00e9 en heurtant un bloc de b\u00e9ton au cours de l\u2019interpellation. \u00ab\u00a0Notre coll\u00e8gue a eu six points de suture \u00e0 la jambe. Il est sorti de l\u2019h\u00f4pital ce vendredi matin apr\u00e8s les soins\u00a0\u00bb, indique Sylvain Andr\u00e9, porte-parole du syndicat de police Alliance dans le Bas-Rhin.<\/p>\n<p>Les trois occupants de la voiture, \u00e2g\u00e9s de 17 et 18 ans, ont \u00e9t\u00e9 plac\u00e9s en garde \u00e0 vue. \u00ab\u00a0Le conducteur n&rsquo;avait \u00ab\u00a0pas de permis\u00a0\u00bb, le \u00ab\u00a0v\u00e9hicule\u00a0\u00bb n&rsquo;\u00e9tait \u00ab\u00a0pas assur\u00e9\u00a0\u00bb et \u00ab\u00a0vu qu&rsquo;ils ont chang\u00e9 de conducteur lors de la poursuite, l&rsquo;autre conducteur mineur \u00e9tait sous stup\u00e9fiants\u00a0\u00bb, pr\u00e9cise le repr\u00e9sentant syndical.<\/p>\n<p>  Des situations \u00ab de plus en plus fr\u00e9quentes \u00bb<\/p>\n<p>Lundi 25\u00a0ao\u00fbt, un policier de la brigade motoris\u00e9e de Strasbourg, \u00e2g\u00e9 de 40 ans, avait d\u00e9j\u00e0 \u00e9t\u00e9 <a href=\"https:\/\/www.dna.fr\/faits-divers-justice\/2025\/08\/26\/refus-d-obtemperer-un-chauffard-fonce-sur-un-policier-et-le-blesse-a-la-main\" target=\"_blank\" rel=\"nofollow noopener\"> bless\u00e9 aux cervicales et \u00e0 une main en tentant d\u2019intercepter un automobiliste<\/a> qui avait pris la fuite en direction de la Plaine-des-Bouchers. Ce dernier roulait sans permis et sous l\u2019emprise de stup\u00e9fiants.<\/p>\n<p>\u00ab\u00a0Ces situations, malheureusement de plus en plus fr\u00e9quentes, sont devenues intenables, s\u2019inqui\u00e8te Sylvain Andr\u00e9. Le manque de respect envers nos forces de l\u2019ordre est flagrant, et certains individus n\u2019h\u00e9sitent pas \u00e0 mettre en danger la vie de nos coll\u00e8gues ainsi que celle de nos concitoyens.\u00a0\u00bb<\/p>\n<p>Le syndicat de police \u00ab\u00a0exige des r\u00e9ponses judiciaires fermes et exemplaires face \u00e0 ces agissements criminels\u00a0\u00bb.<\/p>\n","protected":false},"excerpt":{"rendered":"Vers 3 h du matin vendredi 5\u00a0septembre, un \u00e9quipage de police secours a voulu contr\u00f4ler une voiture qui&hellip;\n","protected":false},"author":2,"featured_media":368119,"comment_status":"","ping_status":"","sticky":false,"template":"","format":"standard","meta":{"footnotes":""},"categories":[2820],"tags":[1111,11,2389,2649,2880,1777,674,274,107,1011,27,775,12,25,640,2879],"class_list":{"0":"post-368118","1":"post","2":"type-post","3":"status-publish","4":"format-standard","5":"has-post-thumbnail","7":"category-strasbourg","8":"tag-actu","9":"tag-actualites","10":"tag-alsace","11":"tag-bas-rhin","12":"tag-edition-strasbourg","13":"tag-eu","14":"tag-europe","15":"tag-faits-divers-justice","16":"tag-fil-info","17":"tag-fr","18":"tag-france","19":"tag-grand-est","20":"tag-news","21":"tag-republique-francaise","22":"tag-strasbourg","23":"tag-strasbourg-ville"},"share_on_mastodon":{"url":"https:\/\/pubeurope.com\/@fr\/115151654302998068","error":""},"_links":{"self":[{"href":"https:\/\/www.europesays.com\/fr\/wp-json\/wp\/v2\/posts\/368118","targetHints":{"allow":["GET"]}}],"collection":[{"href":"https:\/\/www.europesays.com\/fr\/wp-json\/wp\/v2\/posts"}],"about":[{"href":"https:\/\/www.europesays.com\/fr\/wp-json\/wp\/v2\/types\/post"}],"author":[{"embeddable":true,"href":"https:\/\/www.europesays.com\/fr\/wp-json\/wp\/v2\/users\/2"}],"replies":[{"embeddable":true,"href":"https:\/\/www.europesays.com\/fr\/wp-json\/wp\/v2\/comments?post=368118"}],"version-history":[{"count":0,"href":"https:\/\/www.europesays.com\/fr\/wp-json\/wp\/v2\/posts\/368118\/revisions"}],"wp:featuredmedia":[{"embeddable":true,"href":"https:\/\/www.europesays.com\/fr\/wp-json\/wp\/v2\/media\/368119"}],"wp:attachment":[{"href":"https:\/\/www.europesays.com\/fr\/wp-json\/wp\/v2\/media?parent=368118"}],"wp:term":[{"taxonomy":"category","embeddable":true,"href":"https:\/\/www.europesays.com\/fr\/wp-json\/wp\/v2\/categories?post=368118"},{"taxonomy":"post_tag","embeddable":true,"href":"https:\/\/www.europesays.com\/fr\/wp-json\/wp\/v2\/tags?post=368118"}],"curies":[{"name":"wp","href":"https:\/\/api.w.org\/{rel}","templated":true}]}}