{"id":368122,"date":"2025-09-05T12:20:10","date_gmt":"2025-09-05T12:20:10","guid":{"rendered":"https:\/\/www.europesays.com\/fr\/368122\/"},"modified":"2025-09-05T12:20:10","modified_gmt":"2025-09-05T12:20:10","slug":"les-operations-sous-marines-vont-enfin-debuter","status":"publish","type":"post","link":"https:\/\/www.europesays.com\/fr\/368122\/","title":{"rendered":"les op\u00e9rations sous-marines vont enfin d\u00e9buter"},"content":{"rendered":"<p>Une avanc\u00e9e \u00ab\u00a0historique dans le combat men\u00e9 par les familles des victimes depuis 57 ans\u00a0\u00bb, scandent Mes St\u00e9phane Nesa, Paul Sollacaro, et Philippe Soussi, les trois avocats de l&rsquo;association des familles des victimes du crash de la Caravelle Ajaccio-Nice survenu le 11\u00a0septembre 1968.<\/p>\n<p>De nouveaux \u00e9l\u00e9ments sont intervenus, r\u00e9v\u00e8lent-ils, dans le cadre d&rsquo;une r\u00e9union qui s&rsquo;est tenue le 10\u00a0juin dernier <a href=\"https:\/\/www.corsematin.com\/article\/faits-diversjustice\/8466051801907214\/crash-de-la-caravelle-ajaccio-nice-en-1968-la-justice-ordonne-detudier-la-faisabilite-dune\" target=\"_blank\" rel=\"noopener\">entre la juge d&rsquo;instruction en charge du dossier,<\/a> Maryline Nicolas, et les services de la pr\u00e9fecture maritime de la M\u00e9diterran\u00e9e.<\/p>\n<p>Les \u00e9changes ont port\u00e9 sur des op\u00e9rations de localisation et de photographies sous-marines de l&rsquo;\u00e9pave de l&rsquo;avion, avec la d\u00e9termination d&rsquo;une zone de recherches \u00ab\u00a0dont l&rsquo;\u00e9tendue a \u00e9t\u00e9 estim\u00e9e \u00e0 8\u00a0km2 selon les investigations conduites par le directeur d&rsquo;enqu\u00eate en fonction des \u00e9l\u00e9ments de la proc\u00e9dure\u00a0\u00bb, expliquent les conseils des fr\u00e8res Mathieu et Louis Paoli, dans un communiqu\u00e9 commun envoy\u00e9 aux m\u00e9dias, ce vendredi 6\u00a0septembre.<\/p>\n<p>Une affaire qui n&rsquo;a toujours pas trouv\u00e9 sa v\u00e9rit\u00e9, malgr\u00e9 la lev\u00e9e du secret-d\u00e9fense en 2019<\/p>\n<p>Le tempo semble s&rsquo;acc\u00e9l\u00e9rer dans cette affaire qui n&rsquo;a toujours pas trouv\u00e9 sa v\u00e9rit\u00e9, malgr\u00e9 la lev\u00e9e du secret-d\u00e9fense d\u00e9cid\u00e9e par le pr\u00e9sident de la R\u00e9publique, Emmanuel Macron, en 2019, tandis que, chaque ann\u00e9e, une double c\u00e9r\u00e9monie comm\u00e9morative se d\u00e9roule \u00e0 Nice et Ajaccio.<\/p>\n<p>Plus de cinq d\u00e9cennies apr\u00e8s que le vol Air France 1611 s&rsquo;est ab\u00eem\u00e9 au large du cap d&rsquo;Antibes &#8211; 95 morts, aucun survivant &#8211; les familles ne cessent de contester la version d&rsquo;un incendie dans la cabine-toilettes de l&rsquo;appareil. \u00c9voquant, quant \u00e0 elles, le tir d&rsquo;un missile accidentel depuis la base du Levant, pr\u00e8s d&rsquo;Hy\u00e8res (Var).<\/p>\n<p>Une th\u00e8se prise \u00ab\u00a0tr\u00e8s au s\u00e9rieux\u00a0\u00bb par la justice.<\/p>\n<p>Le 18\u00a0f\u00e9vrier 2025, la juge d&rsquo;instruction &#8211; saisie dans le cadre d&rsquo;une information pour dissimulation, destruction et soustraction de preuves, et recel de ces infractions &#8211; avait d\u00e9livr\u00e9 une commission rogatoire pour \u00e9tudier la faisabilit\u00e9 de prises de vues ou d&rsquo;un rep\u00eachage des pi\u00e8ces, soit les deux. D\u00e9signant des experts pour r\u00e9aliser cette \u00e9tude. Elle en avait alors inform\u00e9 les familles des victimes.<\/p>\n<p>Deux calendriers fix\u00e9s en fonction des options de recherches envisag\u00e9es par la Marine nationale et des moyens d\u00e9ploy\u00e9s<\/p>\n<p>Une d\u00e9cision dans la droite ligne de la r\u00e9solution du parquet de Nice, se disant favorable \u00e0 l&rsquo;initiative, tandis que des garanties avaient \u00e9t\u00e9 donn\u00e9es par l&rsquo;\u00c9lys\u00e9e assurant que tous les moyens seraient mis au service de la justice.<\/p>\n<p>Le dossier progresse donc, aujourd&rsquo;hui, avec \u00ab\u00a0deux calendriers fix\u00e9s en fonction des options de recherches envisag\u00e9es par la Marine nationale et des moyens d\u00e9ploy\u00e9s\u00a0\u00bb, d\u00e9taillent les avocats.<\/p>\n<p>D&rsquo;une part, une campagne de trois jours sur la zone identifi\u00e9e de 8\u00a0km2 devrait \u00eatre engag\u00e9e d&rsquo;ici la fin de l&rsquo;ann\u00e9e 2025 \u00ab\u00a0dans le but de localiser les d\u00e9bris de l&rsquo;\u00e9pave de la Caravelle et le cas \u00e9ch\u00e9ant, de r\u00e9aliser des photographies sous-marines\u00a0\u00bb.<\/p>\n<p>En cas d&rsquo;\u00e9chec de ces investigations ou l&rsquo;impossibilit\u00e9 de retrouver les d\u00e9bris, la seconde option pourrait \u00eatre mise en \u0153uvre \u00e0 la mi-2026, \u00ab\u00a0consistant en des op\u00e9rations r\u00e9alis\u00e9es sur une zone plus large et \u00e0 l&rsquo;aide d&rsquo;importants moyens techniques\u00a0\u00bb.<\/p>\n<p>Selon nos informations, le co\u00fbt du premier sc\u00e9nario s&rsquo;\u00e9l\u00e8verait entre 130\u00a0000\u00a0\u00e0 155\u00a0000 euros.<\/p>\n<p>Le deuxi\u00e8me sc\u00e9nario, qui s&rsquo;adosserait au projet France 2030 &#8211; plan pr\u00e9sidentiel d&rsquo;investissement pour la France destin\u00e9 \u00e0 investir massivement dans les technologies innovantes ou de soutenir la transition \u00e9cologique &#8211; s&rsquo;inscrirait dans la mission d\u00e9j\u00e0 programm\u00e9e de \u00ab\u00a0recherche d&rsquo;\u00e9paves m\u00e9talliques\u00a0\u00bb.<\/p>\n<p>\u00ab\u00a0Je pense que celui qui a appuy\u00e9 sur le bouton est peut-\u00eatre encore en vie\u00a0\u00bb<\/p>\n<p>Une solution qui permettrait de couvrir une zone plus large, notamment en ayant recours \u00e0 des robots autonomes sous-marins. Le co\u00fbt de cette mission serait int\u00e9gralement pris en charge dans le cadre dudit programme, fix\u00e9e \u00e0 une limite de 4\u00a0millions d&rsquo;euros.<\/p>\n<p>\u00ab\u00a0Ces annonces repr\u00e9sentent une bonne nouvelle\u00a0\u00bb, lance Mathieu Paoli, le pr\u00e9sident de l\u2019association des victimes saluant, au passage, le travail des trois avocats qui d\u00e9fendent le dossier \u00ab\u00a0avec un investissement total\u00a0\u00bb.<\/p>\n<p>L&rsquo;octog\u00e9naire, qui avait 24 ans au moment de la catastrophe, ne l\u00e2chera rien, continue-t-il \u00e0 marteler. Malgr\u00e9 les d\u00e9ceptions, le temps qui use, et une vie pass\u00e9e \u00e0 remuer ciel et terre, il y croit toujours.<\/p>\n<p>\u00ab\u00a0La Caravelle a sombr\u00e9 un 11\u00a0septembre 1968, la v\u00e9rit\u00e9, elle, ne peut tomber dans l&rsquo;oubli. Les plong\u00e9es vont \u00eatre d\u00e9terminantes. Il faut imp\u00e9rativement retrouver les r\u00e9acteurs de l&rsquo;appareil. Ils sont la cl\u00e9\u00a0\u00bb.<\/p>\n<p>Le pr\u00e9sident de l&rsquo;association des victimes sera pr\u00e9sent, \u00e0 Ajaccio, la semaine prochaine, jeudi 11\u00a0septembre. Avec ceux qui restent. Ceux qui veulent savoir. Ceux qui refusent la double peine, celle du drame et du secret.<\/p>\n<p>\u00ab\u00a0Je pense que celui qui a appuy\u00e9 sur le bouton est peut-\u00eatre encore en vie\u00a0\u00bb.<\/p>\n","protected":false},"excerpt":{"rendered":"Une avanc\u00e9e \u00ab\u00a0historique dans le combat men\u00e9 par les familles des victimes depuis 57 ans\u00a0\u00bb, scandent Mes St\u00e9phane&hellip;\n","protected":false},"author":2,"featured_media":368123,"comment_status":"","ping_status":"","sticky":false,"template":"","format":"standard","meta":{"footnotes":""},"categories":[2819],"tags":[17,1111,11,1102,50264,4098,6596,1777,674,1011,27,151,12,2401,22999,882,25,104,50265,3974],"class_list":{"0":"post-368122","1":"post","2":"type-post","3":"status-publish","4":"format-standard","5":"has-post-thumbnail","7":"category-nice","8":"tag-17","9":"tag-actu","10":"tag-actualites","11":"tag-breakingnews","12":"tag-caravelle-ajaccio-nice","13":"tag-crash","14":"tag-enfin","15":"tag-eu","16":"tag-europe","17":"tag-fr","18":"tag-france","19":"tag-les","20":"tag-news","21":"tag-nice","22":"tag-operations","23":"tag-provence-alpes-cote-dazur","24":"tag-republique-francaise","25":"tag-societe","26":"tag-sous-marines","27":"tag-vont"},"share_on_mastodon":{"url":"https:\/\/pubeurope.com\/@fr\/115151662239003951","error":""},"_links":{"self":[{"href":"https:\/\/www.europesays.com\/fr\/wp-json\/wp\/v2\/posts\/368122","targetHints":{"allow":["GET"]}}],"collection":[{"href":"https:\/\/www.europesays.com\/fr\/wp-json\/wp\/v2\/posts"}],"about":[{"href":"https:\/\/www.europesays.com\/fr\/wp-json\/wp\/v2\/types\/post"}],"author":[{"embeddable":true,"href":"https:\/\/www.europesays.com\/fr\/wp-json\/wp\/v2\/users\/2"}],"replies":[{"embeddable":true,"href":"https:\/\/www.europesays.com\/fr\/wp-json\/wp\/v2\/comments?post=368122"}],"version-history":[{"count":0,"href":"https:\/\/www.europesays.com\/fr\/wp-json\/wp\/v2\/posts\/368122\/revisions"}],"wp:featuredmedia":[{"embeddable":true,"href":"https:\/\/www.europesays.com\/fr\/wp-json\/wp\/v2\/media\/368123"}],"wp:attachment":[{"href":"https:\/\/www.europesays.com\/fr\/wp-json\/wp\/v2\/media?parent=368122"}],"wp:term":[{"taxonomy":"category","embeddable":true,"href":"https:\/\/www.europesays.com\/fr\/wp-json\/wp\/v2\/categories?post=368122"},{"taxonomy":"post_tag","embeddable":true,"href":"https:\/\/www.europesays.com\/fr\/wp-json\/wp\/v2\/tags?post=368122"}],"curies":[{"name":"wp","href":"https:\/\/api.w.org\/{rel}","templated":true}]}}