{"id":368126,"date":"2025-09-05T12:22:10","date_gmt":"2025-09-05T12:22:10","guid":{"rendered":"https:\/\/www.europesays.com\/fr\/368126\/"},"modified":"2025-09-05T12:22:10","modified_gmt":"2025-09-05T12:22:10","slug":"des-nouvelles-boutiques-vont-ouvrir-dans-ce-centre-commercial","status":"publish","type":"post","link":"https:\/\/www.europesays.com\/fr\/368126\/","title":{"rendered":"des nouvelles boutiques vont ouvrir dans ce centre commercial"},"content":{"rendered":"<p>            Par<br \/>\n        <strong><br \/>\n            <a href=\"https:\/\/actu.fr\/auteur\/redaction-nantes\" title=\"Consulter tous les articles de R\u00e9daction Nantes\" rel=\"nofollow noopener\" target=\"_blank\">R\u00e9daction Nantes<\/a><br \/>\n        <\/strong><\/p>\n<p>        Publi\u00e9 le<\/p>\n<p>            5 sept. 2025 \u00e0 10h54        <\/p>\n<p>Depuis plusieurs mois, des travaux sont en cours \u00e0 l\u2019ext\u00e9rieur de la Galerie Oc\u00e9ane, \u00e0 <a href=\"https:\/\/actu.fr\/pays-de-la-loire\/reze_44143\" rel=\"nofollow noopener\" target=\"_blank\">Rez\u00e9<\/a>, au sud de Nantes (Loire-Atlantique). Des am\u00e9nagements r\u00e9alis\u00e9s suite \u00e0 la fermeture de l\u2019ancien magasin Monsieur Bricolage.<\/p>\n<p class=\" wall-content\">Ce jeudi 4\u00a0septembre 2025, le centre commercial rez\u00e9en a d\u00e9voil\u00e9 <strong>le nom des cinq nouvelles boutiques qui vont s\u2019installer dans les locaux de l\u2019ancienne enseigne de bricolage<\/strong>.<\/p>\n<p>D\u00e9coration, v\u00eatements, animalerie<\/p>\n<p class=\" wall-content\">Dans une vid\u00e9o publi\u00e9e sur ses r\u00e9seaux sociaux, la Galerie Oc\u00e9ane a d\u00e9voil\u00e9 le nom des nouvelles boutiques\u2009: MaxiZoo, B&amp;M, Action, Kiabi et Besson Chaussures. B&amp;M et Kiabi devraient \u00eatre les deux premiers commerces \u00e0 ouvrir.<\/p>\n<p class=\" wall-content\"><a href=\"https:\/\/www.instagram.com\/p\/DOLK3ZtDEYb\/embed\" title=\"Ouvrir le lien sur Instagram\" rel=\"nofollow noopener\" target=\"_blank\">Visualiser le contenu sur Instagram<\/a><\/p>\n<p class=\" wall-content\">\u00abLes ouvertures se feront au fur et \u00e0 mesure entre <strong>d\u00e9but octobre et d\u00e9but d\u00e9cembre\u2009\u00bb<\/strong>, pr\u00e9cise le centre commercial rez\u00e9en.<\/p>\n<p class=\" wall-content\">Personnalisez votre actualit\u00e9 en ajoutant vos villes et m\u00e9dias en favori avec <a href=\"https:\/\/moncompte.actu.fr\" title=\"D\u00e9couvez Mon Actu\" rel=\"nofollow noopener\" data-trk=\"{&quot;cta&quot;:{&quot;action&quot;:&quot;https:\\\/\\\/moncompte.actu.fr&quot;,&quot;category&quot;:&quot;mon compte&quot;,&quot;from&quot;:&quot;article footer&quot;,&quot;name&quot;:&quot;Mon actu&quot;,&quot;type&quot;:&quot;cta&quot;}}\" target=\"_blank\">Mon Actu<\/a>.<\/p>\n<p>                    <script async src=\"\/\/www.instagram.com\/embed.js\"><\/script><\/p>\n","protected":false},"excerpt":{"rendered":"Par R\u00e9daction Nantes Publi\u00e9 le 5 sept. 2025 \u00e0 10h54 Depuis plusieurs mois, des travaux sont en cours&hellip;\n","protected":false},"author":2,"featured_media":368127,"comment_status":"","ping_status":"","sticky":false,"template":"","format":"standard","meta":{"footnotes":""},"categories":[2818],"tags":[1111,11,215,1777,674,1011,27,766,12,2636,25,104],"class_list":{"0":"post-368126","1":"post","2":"type-post","3":"status-publish","4":"format-standard","5":"has-post-thumbnail","7":"category-nantes","8":"tag-actu","9":"tag-actualites","10":"tag-commerce","11":"tag-eu","12":"tag-europe","13":"tag-fr","14":"tag-france","15":"tag-nantes","16":"tag-news","17":"tag-pays-de-la-loire","18":"tag-republique-francaise","19":"tag-societe"},"share_on_mastodon":{"url":"https:\/\/pubeurope.com\/@fr\/115151670080315173","error":""},"_links":{"self":[{"href":"https:\/\/www.europesays.com\/fr\/wp-json\/wp\/v2\/posts\/368126","targetHints":{"allow":["GET"]}}],"collection":[{"href":"https:\/\/www.europesays.com\/fr\/wp-json\/wp\/v2\/posts"}],"about":[{"href":"https:\/\/www.europesays.com\/fr\/wp-json\/wp\/v2\/types\/post"}],"author":[{"embeddable":true,"href":"https:\/\/www.europesays.com\/fr\/wp-json\/wp\/v2\/users\/2"}],"replies":[{"embeddable":true,"href":"https:\/\/www.europesays.com\/fr\/wp-json\/wp\/v2\/comments?post=368126"}],"version-history":[{"count":0,"href":"https:\/\/www.europesays.com\/fr\/wp-json\/wp\/v2\/posts\/368126\/revisions"}],"wp:featuredmedia":[{"embeddable":true,"href":"https:\/\/www.europesays.com\/fr\/wp-json\/wp\/v2\/media\/368127"}],"wp:attachment":[{"href":"https:\/\/www.europesays.com\/fr\/wp-json\/wp\/v2\/media?parent=368126"}],"wp:term":[{"taxonomy":"category","embeddable":true,"href":"https:\/\/www.europesays.com\/fr\/wp-json\/wp\/v2\/categories?post=368126"},{"taxonomy":"post_tag","embeddable":true,"href":"https:\/\/www.europesays.com\/fr\/wp-json\/wp\/v2\/tags?post=368126"}],"curies":[{"name":"wp","href":"https:\/\/api.w.org\/{rel}","templated":true}]}}