{"id":368128,"date":"2025-09-05T12:23:28","date_gmt":"2025-09-05T12:23:28","guid":{"rendered":"https:\/\/www.europesays.com\/fr\/368128\/"},"modified":"2025-09-05T12:23:28","modified_gmt":"2025-09-05T12:23:28","slug":"la-lune-rouge-vive-ce-week-end-a-nantes-big-city-nantes","status":"publish","type":"post","link":"https:\/\/www.europesays.com\/fr\/368128\/","title":{"rendered":"la lune rouge vive ce week-end \u00e0 Nantes ! \u2013 Big City Nantes"},"content":{"rendered":"<p><img fetchpriority=\"high\" width=\"527\" height=\"264\" src=\"https:\/\/www.europesays.com\/fr\/wp-content\/uploads\/2025\/09\/lune-de-sang-pdf.jpg\" class=\"attachment-csco-thumbnail-uncropped size-csco-thumbnail-uncropped wp-post-image\" alt=\"\" decoding=\"async\"\/>\t<img loading=\"lazy\" width=\"1044\" height=\"522\" src=\"https:\/\/www.europesays.com\/fr\/wp-content\/uploads\/2025\/09\/lune-de-sang-pdf.jpg\" class=\"attachment-csco-large-uncropped size-csco-large-uncropped wp-post-image\" alt=\"\" decoding=\"async\"\/>\t<\/p>\n<p>\nlune de sang \u00e0 Nantes en septembre\t<\/p>\n<p>Un spectacle lunaire se pr\u00e9pare dans le ciel ce <strong>dimanche<\/strong> <strong>7 septembre<\/strong> !<br \/><strong>La pleine lune<\/strong> sera un peu sp\u00e9ciale, cette nuit, puisqu\u2019elle s\u2019\u00e9clipsera dans l\u2019ombre de la Terre ! Notre plan\u00e8te fera parasol et emp\u00eachera les rayons du soleil d\u2019\u00e9clairer la lune qui deviendra<strong> rouge sang<\/strong> \ud83e\ude78\u2026 Big City t\u2019explique tout !<\/p>\n<p>Une magnifique \u00e9clipse lunaire le dimanche 7 septembre 2025<br \/>\n<img loading=\"lazy\" decoding=\"async\" width=\"1160\" height=\"580\" src=\"https:\/\/www.europesays.com\/fr\/wp-content\/uploads\/2025\/09\/grosse-lune-1160x580.png\" alt=\"Lune rouge \u00e0 Nantes en septembre\" class=\"wp-image-119473\"  \/>\u00a9 \u00a9 canva Lune rouge \u00e0 Nantes en septembre<\/p>\n<p>Ce rendez-vous astral est rare puisque notre satellite passe le plus souvent au-dessus ou en dessous du c\u00f4ne d\u2019ombre terrestre.<br \/>En gros, ce dimanche 7 septembre, la pleine lune arrivera \u00e0 l\u2019Est juste au m\u00eame moment o\u00f9 le soleil se couchera \u00e0 l\u2019Ouest, donc les trois astres seront align\u00e9s pour quelques instants \u2600\ufe0f\ud83c\udf0d\ud83c\udf12<\/p>\n<p>Mais pas de bol pour l\u2019Ouest<\/p>\n<p>Le maximum de l\u2019\u00e9clipse pr\u00e9vu \u00e0 <strong>20h13<\/strong>, ne sera visible qu\u2019\u00e0 l\u2019Est du pays, car la Lune ne sera alors pas encore lev\u00e9e \u00e0 l\u2019Ouest. <\/p>\n<p><a href=\"https:\/\/www.bigcitynantes.fr\/contact\/\" title=\"Publicit\u00e9\" rel=\"nofollow noopener\" target=\"_blank\"><br \/>\n<img decoding=\"async\" alt=\"Publicit\u00e9\" src=\"https:\/\/www.europesays.com\/fr\/wp-content\/uploads\/2025\/09\/ADS.webp.webp\" \/><br \/>\n<\/a><\/p>\n<p>\nPublicit\u00e9\n<\/p>\n<\/p>\n<p>Mais pas de panique, m\u00eame du c\u00f4t\u00e9 de Nantes, tu pourras jeter un coup d\u2019\u0153il au ciel pour l\u2019apercevoir\u2026 \u00c0 condition que l\u2019horizon soit d\u00e9gag\u00e9\u2026 \u2601\ufe0f Sois vif, car \u00e0 partir de <strong>20h53<\/strong>, elle commencera \u00e0 sortir de l\u2019ombre de la Terre, retrouvant sa couleur habituelle.\u00a0<\/p>\n<p>\u203c\ufe0fDeadline \u00e0 22h tapante : la Lune sera enti\u00e8rement ressortie de l\u2019ombre de la terre.\u00a0<\/p>\n<p>Pour les plus curieux et ceux qui ne veulent rien louper, cette nuit sanglante sera visible en live sur le site Time and Date au cas o\u00f9 tu ne te trouverais pas au bon endroit au bon moment \ud83d\ude09\u00a0<\/p>\n","protected":false},"excerpt":{"rendered":"lune de sang \u00e0 Nantes en septembre Un spectacle lunaire se pr\u00e9pare dans le ciel ce dimanche 7&hellip;\n","protected":false},"author":2,"featured_media":342026,"comment_status":"","ping_status":"","sticky":false,"template":"","format":"standard","meta":{"footnotes":""},"categories":[2818],"tags":[1111,11,1777,674,1011,27,766,12,2636,25],"class_list":{"0":"post-368128","1":"post","2":"type-post","3":"status-publish","4":"format-standard","5":"has-post-thumbnail","7":"category-nantes","8":"tag-actu","9":"tag-actualites","10":"tag-eu","11":"tag-europe","12":"tag-fr","13":"tag-france","14":"tag-nantes","15":"tag-news","16":"tag-pays-de-la-loire","17":"tag-republique-francaise"},"share_on_mastodon":{"url":"https:\/\/pubeurope.com\/@fr\/115151674427718198","error":""},"_links":{"self":[{"href":"https:\/\/www.europesays.com\/fr\/wp-json\/wp\/v2\/posts\/368128","targetHints":{"allow":["GET"]}}],"collection":[{"href":"https:\/\/www.europesays.com\/fr\/wp-json\/wp\/v2\/posts"}],"about":[{"href":"https:\/\/www.europesays.com\/fr\/wp-json\/wp\/v2\/types\/post"}],"author":[{"embeddable":true,"href":"https:\/\/www.europesays.com\/fr\/wp-json\/wp\/v2\/users\/2"}],"replies":[{"embeddable":true,"href":"https:\/\/www.europesays.com\/fr\/wp-json\/wp\/v2\/comments?post=368128"}],"version-history":[{"count":0,"href":"https:\/\/www.europesays.com\/fr\/wp-json\/wp\/v2\/posts\/368128\/revisions"}],"wp:featuredmedia":[{"embeddable":true,"href":"https:\/\/www.europesays.com\/fr\/wp-json\/wp\/v2\/media\/342026"}],"wp:attachment":[{"href":"https:\/\/www.europesays.com\/fr\/wp-json\/wp\/v2\/media?parent=368128"}],"wp:term":[{"taxonomy":"category","embeddable":true,"href":"https:\/\/www.europesays.com\/fr\/wp-json\/wp\/v2\/categories?post=368128"},{"taxonomy":"post_tag","embeddable":true,"href":"https:\/\/www.europesays.com\/fr\/wp-json\/wp\/v2\/tags?post=368128"}],"curies":[{"name":"wp","href":"https:\/\/api.w.org\/{rel}","templated":true}]}}