{"id":368130,"date":"2025-09-05T12:25:16","date_gmt":"2025-09-05T12:25:16","guid":{"rendered":"https:\/\/www.europesays.com\/fr\/368130\/"},"modified":"2025-09-05T12:25:16","modified_gmt":"2025-09-05T12:25:16","slug":"la-rochelle-lance-sa-saison-avec-un-choc-face-a-bordeaux","status":"publish","type":"post","link":"https:\/\/www.europesays.com\/fr\/368130\/","title":{"rendered":"La Rochelle lance sa saison, avec un choc face \u00e0 Bordeaux"},"content":{"rendered":"<p><img decoding=\"async\" class=\"\" style=\"width:100%;max-width:100%\" src=\"https:\/\/www.europesays.com\/fr\/wp-content\/uploads\/2025\/09\/Design_sans_titre__99_1757068576664-format16by9.jpg\" alt=\"Stade Rochelais \"\/><\/p>\n<p>Cr\u00e9dit : capture d&rsquo;\u00e9cran | staderochelais.com<\/p>\n<p style=\"text-align: justify;\"><strong>Un choc d\u2019entr\u00e9e face aux champions d\u2019Europe en titre, qui sortent d\u2019une saison presque parfaite et qui se sont renforc\u00e9s durant l\u2019intersaison.<\/strong><\/p>\n<p style=\"text-align: justify;\">Finalistes du dernier <strong>Top 14<\/strong> apr\u00e8s une d\u00e9faite en prolongation face \u00e0 Toulouse, les <strong>Bordelais<\/strong> arrivent lanc\u00e9s. Leur pr\u00e9paration estivale s\u2019est conclue par deux victoires contre Angoul\u00eame et Montauban.<\/p>\n<p style=\"text-align: justify;\"><strong>La Rochelle<\/strong>, de son c\u00f4t\u00e9, sort d\u2019une <strong>saison d\u00e9cevante.<\/strong> \u00c9limin\u00e9s en huiti\u00e8me de Champions Cup face au Munster et seulement septi\u00e8mes en championnat, les hommes de Ronan O\u2019Gara n\u2019avaient pas su accrocher les phases finales. \u00ab\u00a0On n&rsquo;a pas su trouver de r\u00e9gularit\u00e9, maintenir notre niveau d&rsquo;exigence toute l&rsquo;ann\u00e9e. Et au final, on s\u2019en est mordu les doigts\u00a0\u00bb, reconna\u00eet le troisi\u00e8me ligne <strong>Paul Boudehent<\/strong>, \u00e0 l\u2019AFP.<\/p>\n<p style=\"text-align: justify;\"><strong>Les Maritimes esp\u00e8rent donc rebondir d\u00e8s cette premi\u00e8re journ\u00e9e<\/strong>, forts d\u2019une victoire convaincante contre Pau (42-21) en pr\u00e9paration.<\/p>\n<p style=\"text-align: justify;\"><strong>\u00a0<\/strong><\/p>\n<p>Une affiche toujours particuli\u00e8re<\/p>\n<p style=\"text-align: justify;\">En avril dernier, <strong>les Rochelais s\u2019\u00e9taient impos\u00e9s \u00e0 Bordeaux<\/strong> (21-10), en ma\u00eetrisant leur sujet face \u00e0 un UBB sans inspiration. \u00ab\u00a0C&rsquo;est toujours un match sp\u00e9cial. C&rsquo;est la ville la plus proche et il y a toujours une rivalit\u00e9. Ils ont 33 000 supporters, et le stade ressemble \u00e0 une grosse ar\u00e8ne [\u2026] c&rsquo;est assez impressionnant de jouer l\u00e0-bas. Il ne faut rien leur laisser.\u00a0\u00bb, confie l\u2019ailier <strong>Jules Favre<\/strong> au micro d\u2019<strong>Alouette<\/strong>.<\/p>\n<p style=\"text-align: justify;\"><strong>\u00a0<\/strong><\/p>\n<p>Attention, nouvelles r\u00e8gles !<\/p>\n<p style=\"text-align: justify;\">Cette saison, le Top 14 d\u00e9bute avec <strong>plusieurs nouveaut\u00e9s d\u2019arbitrage<\/strong>. La plus marquante est l\u2019introduction du\u00a0<strong>carton orange<\/strong>, d\u00e9clinaison fran\u00e7aise du \u00ab\u00a0carton rouge de 20 minutes\u00a0\u00bb utilis\u00e9 au niveau international. <strong>Le joueur sanctionn\u00e9 pourra \u00eatre remplac\u00e9 apr\u00e8s vingt minutes d\u2019exclusion.<\/strong><\/p>\n<p style=\"text-align: justify;\">Autres \u00e9volutions : <strong>le micro de l\u2019arbitre principal sera ouvert<\/strong> pour <strong>expliquer ses d\u00e9cisions<\/strong> vid\u00e9o au public.\u00a0<\/p>\n<p style=\"text-align: justify;\">Le match entre l\u2019Union Bordeaux-B\u00e8gles et le Stade Rochelais se jouera donc <strong>ce samedi 6 septembre \u00e0 21h05 au stade Chaban-Delmas<\/strong>. La rencontre sera diffus\u00e9e en direct sur Canal+.<\/p>\n","protected":false},"excerpt":{"rendered":"Cr\u00e9dit : capture d&rsquo;\u00e9cran | staderochelais.com Un choc d\u2019entr\u00e9e face aux champions d\u2019Europe en titre, qui sortent d\u2019une&hellip;\n","protected":false},"author":2,"featured_media":368131,"comment_status":"","ping_status":"","sticky":false,"template":"","format":"standard","meta":{"footnotes":""},"categories":[2817],"tags":[1111,11,2888,1997,50266,1777,674,1011,27,50268,2217,12,2219,50267,25,479,3242,517,6365,23074,4364],"class_list":{"0":"post-368130","1":"post","2":"type-post","3":"status-publish","4":"format-standard","5":"has-post-thumbnail","7":"category-bordeaux","8":"tag-actu","9":"tag-actualites","10":"tag-alouette","11":"tag-bordeaux","12":"tag-carton-orange","13":"tag-eu","14":"tag-europe","15":"tag-fr","16":"tag-france","17":"tag-jules-favre","18":"tag-la-rochelle","19":"tag-news","20":"tag-nouvelle-aquitaine","21":"tag-paul-boudehent","22":"tag-republique-francaise","23":"tag-rugby","24":"tag-saison","25":"tag-sport","26":"tag-stade-rochelais","27":"tag-top14","28":"tag-ubb"},"share_on_mastodon":{"url":"https:\/\/pubeurope.com\/@fr\/115151681941324827","error":""},"_links":{"self":[{"href":"https:\/\/www.europesays.com\/fr\/wp-json\/wp\/v2\/posts\/368130","targetHints":{"allow":["GET"]}}],"collection":[{"href":"https:\/\/www.europesays.com\/fr\/wp-json\/wp\/v2\/posts"}],"about":[{"href":"https:\/\/www.europesays.com\/fr\/wp-json\/wp\/v2\/types\/post"}],"author":[{"embeddable":true,"href":"https:\/\/www.europesays.com\/fr\/wp-json\/wp\/v2\/users\/2"}],"replies":[{"embeddable":true,"href":"https:\/\/www.europesays.com\/fr\/wp-json\/wp\/v2\/comments?post=368130"}],"version-history":[{"count":0,"href":"https:\/\/www.europesays.com\/fr\/wp-json\/wp\/v2\/posts\/368130\/revisions"}],"wp:featuredmedia":[{"embeddable":true,"href":"https:\/\/www.europesays.com\/fr\/wp-json\/wp\/v2\/media\/368131"}],"wp:attachment":[{"href":"https:\/\/www.europesays.com\/fr\/wp-json\/wp\/v2\/media?parent=368130"}],"wp:term":[{"taxonomy":"category","embeddable":true,"href":"https:\/\/www.europesays.com\/fr\/wp-json\/wp\/v2\/categories?post=368130"},{"taxonomy":"post_tag","embeddable":true,"href":"https:\/\/www.europesays.com\/fr\/wp-json\/wp\/v2\/tags?post=368130"}],"curies":[{"name":"wp","href":"https:\/\/api.w.org\/{rel}","templated":true}]}}