{"id":368133,"date":"2025-09-05T12:27:11","date_gmt":"2025-09-05T12:27:11","guid":{"rendered":"https:\/\/www.europesays.com\/fr\/368133\/"},"modified":"2025-09-05T12:27:11","modified_gmt":"2025-09-05T12:27:11","slug":"sauvons-les-cachous-lajaunie-la-discrete-disparition-des-petites-boites-jaunes","status":"publish","type":"post","link":"https:\/\/www.europesays.com\/fr\/368133\/","title":{"rendered":"\u00ab\u00a0Sauvons les cachous Lajaunie\u00a0!\u00a0\u00bb La discr\u00e8te disparition des petites bo\u00eetes jaunes"},"content":{"rendered":"<p>La marque \u00e9tait (est) embl\u00e9matique, les <a href=\"https:\/\/www.20minutes.fr\/dossier\/publicite\" class=\"c-link c-link--is-underlined\" rel=\"nofollow noopener\" target=\"_blank\">pubs<\/a> souvent aussi courtes que percutantes. Les cachous Lajaunie ont marqu\u00e9 leur \u00e9poque. Celle des boomers notamment et de leurs enfants. Mais voil\u00e0 que 145 ans apr\u00e8s leur cr\u00e9ation dans une officine <a href=\"https:\/\/www.20minutes.fr\/toulouse\/\" class=\"c-link c-link--is-underlined\" rel=\"nofollow noopener\" target=\"_blank\">toulousaine<\/a> par un pharmacien \u00e9ponyme, la petite bo\u00eete jaune mythique a disparu des rayons. Sans avis de d\u00e9c\u00e8s.<\/p>\n<p>C\u2019est un consommateur, Quentin Rech, qui s\u2019en est alarm\u00e9 en juillet et qui a lanc\u00e9 une p\u00e9tition (sign\u00e9e par plus de 3.000 personnes au 5\u00a0septembre). \u00ab\u00a0Depuis l\u2019automne\u00a02024, les c\u00e9l\u00e8bres Cachous Lajaunie ont disparu des rayons. Aucune annonce officielle, aucun communiqu\u00e9 de presse\u00a0: la production s\u2019est arr\u00eat\u00e9e dans un silence complet\u00a0\u00bb, explique-t-il sur la plateforme <a href=\"https:\/\/www.change.org\/p\/sauvons-les-cachous-lajaunie-tr%C3%A9sor-de-notre-patrimoine-toulousain\" target=\"_blank\" class=\"c-link c-link--is-underlined\" rel=\"nofollow noopener\">Change<\/a>. \u00ab\u00a0Selon plusieurs t\u00e9moignages, un changement de recette aurait provoqu\u00e9 un rejet massif du produit, entra\u00eenant des retours en masse et l\u2019arr\u00eat de la production par le nouveau propri\u00e9taire de la marque, le groupe Perfetti Van Melle (\u00e9galement d\u00e9tenteur des marques Mentos ou Chupa Chups).\u00a0\u00bb<\/p>\n<p>\u00ab\u00a0Injustice culturelle et commerciale\u00a0\u00bb<\/p>\n<p>Pass\u00e9s sous diff\u00e9rents pavillons au fil des fusions et des rachats, les cachous Lajaunie appartiennent \u00e0 Perfetti Van Melle depuis\u00a02023 \u00ab\u00a0\u00e0 la suite de la vente de l\u2019activit\u00e9 chewing-gums et confiseries de Mondelez International en France\u00a0\u00bb, explique \u00e0 <a href=\"https:\/\/france3-regions.franceinfo.fr\/occitanie\/haute-garonne\/toulouse\/il-fait-partie-du-patrimoine-gustatif-et-affectif-francais-le-cachou-lajaunie-disparait-des-rayons-sans-explication-3211199.html\" target=\"_blank\" class=\"c-link c-link--is-underlined\" rel=\"nofollow noopener\">France 3 Occitanie<\/a>, la direction du groupe Mondelez. Laquelle confirme l\u2019arr\u00eat de la production. \u00ab\u00a0A l\u2019issue d\u2019une \u00e9valuation du produit, <a href=\"https:\/\/www.perfettivanmelle.com\/#\" target=\"_blank\" class=\"c-link c-link--is-underlined\" rel=\"nofollow noopener\">Perfetti Van Melle<\/a> a d\u00e9cid\u00e9 d\u2019arr\u00eater la production et la distribution de la marque fran\u00e7aise Cachou Lajaunie\u00a0\u00bb.<\/p>\n<\/p>\n<p>Cette soci\u00e9t\u00e9 italo-n\u00e9erlandaise sp\u00e9cialis\u00e9e dans les confiseries produit notamment Mentos et Chupa Chups. Si les cachous Lajaunie ne figurent plus dans les rayons, ils sont pourtant toujours bel et bien <a href=\"https:\/\/www.perfettivanmelle.com\/our-brands\/overview\/\" target=\"_blank\" class=\"c-link c-link--is-underlined\" rel=\"nofollow noopener\">pr\u00e9sents<\/a> sur son site. \u00ab\u00a0La disparition des Cachous Lajaunie, sans explication ni perspective, est une injustice culturelle et commerciale, estime Quentin Rech. Nous, consommateurs, amoureux de cette pastille unique, demandons la reprise de la production des Cachous Lajaunie selon la recette historique. Ou, \u00e0 d\u00e9faut, une prise de parole officielle du groupe Perfetti Van Melle pour \u00e9claircir la situation. Et si abandon il y a, la possibilit\u00e9 pour un acteur local ou ind\u00e9pendant de reprendre la production dans le respect de la tradition.\u00a0\u00bb<\/p>\n<p>\u00c2g\u00e9 de 20 ans, le jeune homme a d\u00e9j\u00e0 r\u00e9ussi son pari d\u2019alerter sur la disparition de cette confiserie au r\u00e9glisse. Il esp\u00e8re la faire rena\u00eetre de ses cendres. \u00ab\u00a0Le Cachou Lajaunie n\u2019est pas une simple confiserie\u00a0: c\u2019est un embl\u00e8me. Ne laissons pas une multinationale \u00e9trang\u00e8re rayer d\u2019un trait plus de 140 ans d\u2019histoire.\u00a0\u00bb<\/p>\n","protected":false},"excerpt":{"rendered":"La marque \u00e9tait (est) embl\u00e9matique, les pubs souvent aussi courtes que percutantes. Les cachous Lajaunie ont marqu\u00e9 leur&hellip;\n","protected":false},"author":2,"featured_media":368134,"comment_status":"","ping_status":"","sticky":false,"template":"","format":"standard","meta":{"footnotes":""},"categories":[2816],"tags":[1111,47,11,38328,6861,33,1777,674,1011,27,2722,2721,12,2680,2844,25,2312],"class_list":{"0":"post-368133","1":"post","2":"type-post","3":"status-publish","4":"format-standard","5":"has-post-thumbnail","7":"category-toulouse","8":"tag-actu","9":"tag-actualite","10":"tag-actualites","11":"tag-bonbons","12":"tag-change","13":"tag-economie","14":"tag-eu","15":"tag-europe","16":"tag-fr","17":"tag-france","18":"tag-haute-garonne","19":"tag-midi-pyrenees","20":"tag-news","21":"tag-occitanie","22":"tag-petition","23":"tag-republique-francaise","24":"tag-toulouse"},"share_on_mastodon":{"url":"https:\/\/pubeurope.com\/@fr\/115151689990561895","error":""},"_links":{"self":[{"href":"https:\/\/www.europesays.com\/fr\/wp-json\/wp\/v2\/posts\/368133","targetHints":{"allow":["GET"]}}],"collection":[{"href":"https:\/\/www.europesays.com\/fr\/wp-json\/wp\/v2\/posts"}],"about":[{"href":"https:\/\/www.europesays.com\/fr\/wp-json\/wp\/v2\/types\/post"}],"author":[{"embeddable":true,"href":"https:\/\/www.europesays.com\/fr\/wp-json\/wp\/v2\/users\/2"}],"replies":[{"embeddable":true,"href":"https:\/\/www.europesays.com\/fr\/wp-json\/wp\/v2\/comments?post=368133"}],"version-history":[{"count":0,"href":"https:\/\/www.europesays.com\/fr\/wp-json\/wp\/v2\/posts\/368133\/revisions"}],"wp:featuredmedia":[{"embeddable":true,"href":"https:\/\/www.europesays.com\/fr\/wp-json\/wp\/v2\/media\/368134"}],"wp:attachment":[{"href":"https:\/\/www.europesays.com\/fr\/wp-json\/wp\/v2\/media?parent=368133"}],"wp:term":[{"taxonomy":"category","embeddable":true,"href":"https:\/\/www.europesays.com\/fr\/wp-json\/wp\/v2\/categories?post=368133"},{"taxonomy":"post_tag","embeddable":true,"href":"https:\/\/www.europesays.com\/fr\/wp-json\/wp\/v2\/tags?post=368133"}],"curies":[{"name":"wp","href":"https:\/\/api.w.org\/{rel}","templated":true}]}}