{"id":368135,"date":"2025-09-05T12:28:13","date_gmt":"2025-09-05T12:28:13","guid":{"rendered":"https:\/\/www.europesays.com\/fr\/368135\/"},"modified":"2025-09-05T12:28:13","modified_gmt":"2025-09-05T12:28:13","slug":"au-programme-de-ce-week-end-de-rentree","status":"publish","type":"post","link":"https:\/\/www.europesays.com\/fr\/368135\/","title":{"rendered":"Au programme de ce week-end de rentr\u00e9e !"},"content":{"rendered":"<p>Eh oui, les vacances sont d\u00e9j\u00e0 derri\u00e8re nous\u2026 Mais pas question de c\u00e9der \u00e0 la morosit\u00e9 ! Profitons de ce week-end de rentr\u00e9e pour prolonger l\u2019\u00e9t\u00e9 et nous faire plaisir gr\u00e2ce aux nombreux \u00e9v\u00e9nements qui nous attendent partout dans les Hauts-de-France.\n<\/p>\n<p>                                <strong>Nord<\/strong><\/p>\n<p><strong>Braderie de Lille, les 6 et 7 septembre, \u00e0 Lille (59)<\/strong><\/p>\n<p>Plus grande brocante d\u2019Europe, on ne pr\u00e9sente plus la braderie de Lille qui est le rendez-vous incontournable des chineurs de tout poil chaque premier week-end de septembre. Venez faire de bonnes affaires tout en d\u00e9couvrant la flamboyante ville de Lille. Et pas de doute, vous vous vous pr\u00e9cipiterez pour d\u00e9guster une bonne moules-frites !<\/p>\n<p>La R\u00e9gion sera une nouvelle fois partenaire d&rsquo;Ici Nord pour vous faire vivre une seconde \u00e9dition du <a href=\"https:\/\/www.hautsdefrance.fr\/braderie-de-lille-france-bleu-nord-et-la-region-hauts-de-france-mettent-lambiance\/\" target=\"_blank\" rel=\"noopener\"><strong data-start=\"1466\" data-end=\"1497\">Blind Test musical g\u00e9ant<\/strong> <\/a>! Soyez au rendez-vous !<\/p>\n<p><a href=\"https:\/\/www.braderie-de-lille.fr\/\" target=\"_blank\" rel=\"noopener\">Plus d&rsquo;infos<\/a><\/p>\n<p><strong>12e biennale des Journ\u00e9es de verre, les 6 et 7 septembre, \u00e0 Sars-Poteries (59)<\/strong><\/p>\n<p>Rendez-vous au renomm\u00e9 Musverre de Sars-Poteries pour une journ\u00e9e exceptionnelle o\u00f9 vous pourrez d\u00e9couvrir les plus grands artistes verriers internationaux : vous les verrez \u00e0 l\u2019\u0153uvre lors de d\u00e9monstrations, pourrez admirer leurs cr\u00e9ations et aller \u00e0 leur rencontre pour leur poser toutes les questions que vous souhaitez.<\/p>\n<p><strong><a href=\"https:\/\/www.tourisme-avesnois.com\/agenda\/tout-l-agenda\/7409819_12eme-biennale-des-journees-du-verre\/\" target=\"_blank\" rel=\"noopener\">En savoir plus<\/a><\/strong><\/p>\n<p><strong>Trott\u2019exp\u00e9rience, le 6 septembre, \u00e0 Sin-le-Noble (59)<\/strong><\/p>\n<p>Et que diriez-vous d\u2019une promenade en trottinette \u00e9lectrique en pleine nature\u00a0? J\u00e9r\u00f4me sera votre guide et vous emm\u00e8nera \u00e0 la d\u00e9couverte de la faune, de la flore de paysages enchanteurs. Et qui sait, vous y rencontrerez sans doute quelques p\u00eacheurs qui se feront un plaisir de discuter de leur passion avec vous\u00a0!<\/p>\n<p><strong><a href=\"https:\/\/www.douaisis-agglo-tourisme.com\/offres\/trottexperience-vivier-de-sin-le-noble-sin-le-noble-fr-4152065\/\" target=\"_blank\" rel=\"noopener\">En savoir plus<\/a><\/strong><\/p>\n<p><strong>Foire \u00e0 l\u2019ail d\u2019Arleux, les 5, 6 et 7 septembre, \u00e0 Arleux (59)<\/strong><\/p>\n<p>C\u2019est une v\u00e9ritable institution qui c\u00e9l\u00e8bre un tr\u00e9sor de notre terroir\u00a0: la Foire \u00e0 l\u2019ail fum\u00e9 d\u2019Arleux rassemble des milliers de personnes enjou\u00e9es \u00e0 l\u2019id\u00e9e de passer un week-end festif autour d\u2019un produit embl\u00e9matique de notre r\u00e9gion. Braderie et brocante dans les rues de la commune, d\u00e9gustation de soupe \u00e0 l&rsquo;ail avec 5000 litres cuisin\u00e9s en deux jours, concours de tressage d&rsquo;ail, d\u00e9ambulation des g\u00e9ants ambassadeurs de l&rsquo;ail, intronisation par la confr\u00e9rie de l&rsquo;ail fum\u00e9, \u00e9lection d&rsquo;une reine de l&rsquo;ail\u2026 Tout sera fait pour que la bonne ambiance soit assur\u00e9e.<\/p>\n<p>La R\u00e9gion vous donne rendez-vous, le 6 septembre, avec le D\u00e9partement du Nord pour battre le record de la chenille de la braderie de Lille en 2024 !<\/p>\n<p><strong><a href=\"https:\/\/www.arleux.fr\/patrimoine\/ail-fume\/foire-a-lail-fume\" target=\"_blank\" rel=\"noopener\">Plus d&rsquo;infos<\/a><\/strong><\/p>\n<p><strong>Somme <\/strong><\/p>\n<p><strong>Agora 2025, le 6 septembre, \u00e0 Amiens (80)<\/strong><\/p>\n<p>Vous cherchez une activit\u00e9 sportive, culturelle, solidaire ou sociale dans laquelle vous investir\u00a0? Le forum Agora est fait pour vous\u00a0! Il vous permettra de vous mettre en contact avec de nombreuses associations pr\u00e9sentes et le choix est large\u00a0! Vous trouverez \u00e0 coup s\u00fbr l\u2019activit\u00e9 qui vous conviendra.<\/p>\n<p><strong><a href=\"https:\/\/www.somme-tourisme.com\/agenda\/agora-2025\/\" target=\"_blank\" rel=\"noopener\">En savoir plus<\/a><\/strong><\/p>\n<p><strong>Balade guid\u00e9e\u00a0: \u00e0 la d\u00e9couverte des moules de bouchot, le 6 septembre, \u00e0 Quend-Plage (80)<\/strong><\/p>\n<p>Suivez Odile, votre guide pleine d\u2019enthousiasme, pour d\u00e9couvrir la mytiliculture, la culture des moules. Et pas n\u2019importe lesquelles ! Ce sont les sp\u00e9cificit\u00e9s de la culture des moules de bouchot que vous d\u00e9couvrirez. Venez prendre un grand bol d\u2019air iod\u00e9 sur la plage de Quend tout en apprenant plus sur ces mollusques qui r\u00e9galent vos papilles.<\/p>\n<p><strong><a href=\"https:\/\/www.somme-tourisme.com\/agenda\/balade-guidee-a-la-decouverte-des-moules-de-bouchots\/\" target=\"_blank\" rel=\"noopener\">Plus d&rsquo;infos<\/a><\/strong><\/p>\n<p><strong>Visite guid\u00e9e la motte castrale et parcours arch\u00e9ologiques, le 6 septembre, \u00e0 Boves (80)<\/strong><\/p>\n<p>Remontez le temps et plongez au c\u0153ur des secrets de la motte castrale de Boves. Un arch\u00e9ologue, sp\u00e9cialiste des lieux, vous accompagnera et vous racontera mille et une anecdotes passionnantes sur ce lieu charg\u00e9 d&rsquo;Histoire.<\/p>\n<p><strong><a href=\"https:\/\/www.somme-tourisme.com\/agenda\/visite-guidee-boves-la-motte-castrale-parcours-archeologique\/\" target=\"_blank\" rel=\"noopener\">En savoir plus<\/a><\/strong><\/p>\n<p><strong>Pas-de-Calais<\/strong><\/p>\n<p><strong>Les Deux-Caps photos festival, jusqu\u2019au 2 novembre, \u00e0 Sangatte (62)<\/strong><\/p>\n<p>Ouvrez grand les yeux : cette exposition de photos vous donnera \u00e0 voir toute la beaut\u00e9 des paysages du site des Deux-Caps, grand site de France, de Wimereux \u00e0 Sangatte-Bl\u00e9riot-Plage. Sublime !<\/p>\n<p><strong><a href=\"https:\/\/www.calaisxxl.com\/offres\/agenda\/les-deux-caps-photos-festival\/\" target=\"_blank\" rel=\"noopener\">Plus d&rsquo;infos<\/a><\/strong><\/p>\n<p><strong>Exposition \u00ab\u00a0dragon, varan et chim\u00e8res\u00a0\u00bb, jusqu\u2019au 11 novembre, \u00e0 Calais (62)<\/strong><\/p>\n<p>Venez d\u00e9couvrir l\u2019extraordinaire monde imaginaire de Fran\u00e7ois Delarozi\u00e8re, cr\u00e9ateur notamment du fameux dragon de Calais. Au travers d\u2019une exposition richement document\u00e9e, vous pourrez consulter maquettes, dessins et photos. Et d\u00e9couvrir le processus de cr\u00e9ation de ces machines fabuleuses, dont le varan, que vous pourrez admirer dans les rues de Calais tr\u00e8s prochainement.<\/p>\n<p><strong><a href=\"https:\/\/www.calaisxxl.com\/offres\/agenda\/dragon-varan-et-chimeres\/\" target=\"_blank\" rel=\"noopener\">En savoir plus<\/a><\/strong><\/p>\n<p><strong>Courses hippiques, le 7 septembre, au Touquet-Paris-Plage (62)<\/strong><\/p>\n<p>Saurez-vous miser sur le bon cheval ? Au programme ce 7 septembre \u00e0 l\u2019hippodrome du Touquet, une course d\u2019obstacles qui sera sans aucun doute haute en couleurs et qui fera monter votre adr\u00e9naline.<\/p>\n<p><strong><a href=\"https:\/\/www.letouquet.com\/agenda\/courses-hippiques\/\" target=\"_blank\" rel=\"noopener\">Plus d&rsquo;infos<\/a><\/strong><\/p>\n<p><strong>Aisne<\/strong><\/p>\n<p><strong>Foire aux fromages de La Capelle, du 5 au 8 septembre, \u00e0 La Capelle (02)<\/strong><\/p>\n<p>Lors de cette grande f\u00eate qui existe depuis de nombreuses ann\u00e9es, les fromages sont rois ! Au pays du Maroilles, le plus fin des fromages forts, quoi de plus naturel ? Cette foire qui est devenu culte promet encore de grands moments de liesse \u00e0 vivre absolument : concerts, concours, f\u00eate foraine, braderie, d\u00e9gustations de produits du terroir\u2026 \u00c0 ne surtout pas manquer bien entendu !<\/p>\n<p><strong><a href=\"https:\/\/www.foireauxfromages.com\/\" target=\"_blank\" rel=\"noopener\">Plus d&rsquo;infos<\/a><\/strong><\/p>\n<p><strong>F\u00eates m\u00e9di\u00e9vales, les 6 et 7 septembre, \u00e0 Laon (02)<\/strong><\/p>\n<p>Oyez, oyez, bonnes gens ! Venez vivre un moment hors du temps lors des F\u00eates m\u00e9di\u00e9vales de Laon qui nous donnent rendez-vous, chaque ann\u00e9e, au mois de septembre. Dans le cadre majestueux des remparts de la cit\u00e9 fortifi\u00e9e, vous pourrez assister \u00e0 de spectaculaires tournois de chevalerie, d\u00e9ambuler dans les campements, le march\u00e9 m\u00e9di\u00e9val et vous d\u00e9lecter de spectacles de th\u00e9\u00e2tre, de musique et des jeux.<\/p>\n<p><strong><a href=\"https:\/\/www.tourisme-paysdelaon.com\/agenda\/les-fetes-medievales-de-laon\/\" target=\"_blank\" rel=\"noopener\">En savoir plus<\/a><\/strong><\/p>\n<p><strong>Vendanges avec la champagne M\u00e9teyer, jusqu\u2019au 10 septembre, \u00e0 Tr\u00e9lou-sur-Marne (02)<\/strong><\/p>\n<p>Venez d\u00e9couvrir les vendangeurs \u00e0 pied d\u2019\u0153uvre et qui ont du c\u0153ur \u00e0 l\u2019ouvrage dans le domaine des champagnes M\u00e9teyer, situ\u00e9 dans la vall\u00e9e de la Marne-Ouest. Une belle occasion d\u2019avoir un aper\u00e7u sur un m\u00e9tier intransigeant lors d\u2019une p\u00e9riode cruciale de l\u2019ann\u00e9e pour les Hauts-de-France qui produisent 10 % du champagne AOP en France.<\/p>\n<p><strong><a href=\"https:\/\/www.lesportesdelachampagne.com\/sejourner\/tout-l-agenda\/vendanges-avec-le-champagne-meteyer-trelou-sur-marne-fr-5933381\/\" target=\"_blank\" rel=\"noopener\">En savoir plus<\/a><\/strong><\/p>\n<p><strong>Oise<\/strong><\/p>\n<p><strong>Ruralit\u00e9 en f\u00eate, les 6 et 7 septembre, \u00e0 Compi\u00e8gne (60)<\/strong><\/p>\n<p>Dans le parc verdoyant du Ch\u00e2teau de Compi\u00e8gne, l\u2019\u00e9v\u00e9nement \u00ab\u00a0Ruralit\u00e9 en f\u00eate\u00a0\u00bb est de retour pour apporter une bonne dose de convivialit\u00e9 et de bonne humeur aux petits comme aux grands. Au programme : village des produits du terroir, \u00e9quipements de chasse, pr\u00e9sence d\u2019artisans d&rsquo;art, spectacle \u00e9questre, jeux picards, tir \u00e0 l&rsquo;arc, ferme p\u00e9dagogique, spectacle de fauconnerie et de nombreuses autres animations.<\/p>\n<p><strong><a href=\"https:\/\/www.frc-hautsdefrance.fr\/actualites\/ruralite-en-fete.html\" target=\"_blank\" rel=\"noopener\">Plus d&rsquo;infos<\/a><\/strong><\/p>\n<p><strong>Visite guid\u00e9e \u00ab\u00a0S\u00e9raphine de Senlis : entre ombre et lumi\u00e8re\u00a0\u00bb, le 6 septembre, \u00e0 Senlis (60)<\/strong><\/p>\n<p>C\u2019\u00e9tait une artiste fascinante qui a marqu\u00e9 Senlis et l\u2019Histoire de l\u2019art de son empreinte : marchez sur les pas de S\u00e9raphine Louis, peintre, au travers d\u2019une visite guid\u00e9e au c\u0153ur de Senlis o\u00f9 vous en apprendrez plus sur les lieux embl\u00e9matiques qui ont inspir\u00e9 son \u0153uvre, ainsi que son histoire hors du commun.<\/p>\n<p><strong><a href=\"https:\/\/www.chantilly-senlis-tourisme.com\/agenda\/visite-guidee-sur-les-pas-de-seraphine-de-senlis\/\" target=\"_blank\" rel=\"noopener\">En savoir plus<\/a><\/strong><\/p>\n<p><strong>Course d\u2019orientation, jusqu\u2019au 30 septembre, \u00e0 Fontaine-Chaalis (60)<\/strong><\/p>\n<p>Saurez-vous r\u00e9soudre les \u00e9nigmes qui se trouveront sur votre chemin lors de cette course d\u2019orientation accessible \u00e0 tous\u00a0? N\u2019h\u00e9sitez pas \u00e0 vous lancer dans cette aventure passionnante qui sollicitera vos m\u00e9ninges tout en vous permettant de passer un excellent moment.<\/p>\n<p><strong><a href=\"https:\/\/www.chantilly-senlis-tourisme.com\/agenda\/course-dorientation-de-chaalis-le-defi-culturel-et-sportif-de-lete\/occ\/5\/\" target=\"_blank\" rel=\"noopener\">Plus d&rsquo;infos<\/a><\/strong><\/p>\n","protected":false},"excerpt":{"rendered":"Eh oui, les vacances sont d\u00e9j\u00e0 derri\u00e8re nous\u2026 Mais pas question de c\u00e9der \u00e0 la morosit\u00e9 ! Profitons&hellip;\n","protected":false},"author":2,"featured_media":368136,"comment_status":"","ping_status":"","sticky":false,"template":"","format":"standard","meta":{"footnotes":""},"categories":[2815],"tags":[1111,11,1777,674,1011,27,811,1307,1393,12,2551,25,517,16812],"class_list":{"0":"post-368135","1":"post","2":"type-post","3":"status-publish","4":"format-standard","5":"has-post-thumbnail","7":"category-lille","8":"tag-actu","9":"tag-actualites","10":"tag-eu","11":"tag-europe","12":"tag-fr","13":"tag-france","14":"tag-hauts-de-france","15":"tag-lille","16":"tag-loisirs","17":"tag-news","18":"tag-patrimoine","19":"tag-republique-francaise","20":"tag-sport","21":"tag-terroir"},"share_on_mastodon":{"url":"https:\/\/pubeurope.com\/@fr\/115151693662536152","error":""},"_links":{"self":[{"href":"https:\/\/www.europesays.com\/fr\/wp-json\/wp\/v2\/posts\/368135","targetHints":{"allow":["GET"]}}],"collection":[{"href":"https:\/\/www.europesays.com\/fr\/wp-json\/wp\/v2\/posts"}],"about":[{"href":"https:\/\/www.europesays.com\/fr\/wp-json\/wp\/v2\/types\/post"}],"author":[{"embeddable":true,"href":"https:\/\/www.europesays.com\/fr\/wp-json\/wp\/v2\/users\/2"}],"replies":[{"embeddable":true,"href":"https:\/\/www.europesays.com\/fr\/wp-json\/wp\/v2\/comments?post=368135"}],"version-history":[{"count":0,"href":"https:\/\/www.europesays.com\/fr\/wp-json\/wp\/v2\/posts\/368135\/revisions"}],"wp:featuredmedia":[{"embeddable":true,"href":"https:\/\/www.europesays.com\/fr\/wp-json\/wp\/v2\/media\/368136"}],"wp:attachment":[{"href":"https:\/\/www.europesays.com\/fr\/wp-json\/wp\/v2\/media?parent=368135"}],"wp:term":[{"taxonomy":"category","embeddable":true,"href":"https:\/\/www.europesays.com\/fr\/wp-json\/wp\/v2\/categories?post=368135"},{"taxonomy":"post_tag","embeddable":true,"href":"https:\/\/www.europesays.com\/fr\/wp-json\/wp\/v2\/tags?post=368135"}],"curies":[{"name":"wp","href":"https:\/\/api.w.org\/{rel}","templated":true}]}}