{"id":368137,"date":"2025-09-05T12:29:10","date_gmt":"2025-09-05T12:29:10","guid":{"rendered":"https:\/\/www.europesays.com\/fr\/368137\/"},"modified":"2025-09-05T12:29:10","modified_gmt":"2025-09-05T12:29:10","slug":"braderie-de-lille-ce-week-end-comme-un-air-dete-pour-le-plus-grand-marche-aux-puces-deurope","status":"publish","type":"post","link":"https:\/\/www.europesays.com\/fr\/368137\/","title":{"rendered":"Braderie de Lille ce week-end : comme un air d&rsquo;\u00e9t\u00e9 pour le plus grand march\u00e9 aux puces d&rsquo;Europe"},"content":{"rendered":"<p>La <strong>Braderie de Lille<\/strong> est bien plus qu&rsquo;un simple march\u00e9 aux puces, elle est un symbole d&rsquo;histoire, de culture et de festivit\u00e9s qui \u00e9claire la ville chaque ann\u00e9e. Avec ses origines remontant au XII\u00e8 si\u00e8cles, cet \u00e9v\u00e8nement continue d&rsquo;attirer des millions de visiteurs du monde entier.<\/p>\n<p>La Braderie de Lille prend ses racines au Moyen \u00c2ge. Elle a commenc\u00e9 comme une vente annuelle o\u00f9 les domestiques vendaient d&rsquo;anciens objets pour gagner un peu d&rsquo;argent. Au fil du temps, cet \u00e9v\u00e9nement est devenu une grande c\u00e9l\u00e9bration. L&rsquo;une des traditions les plus populaires pendant la Braderie est la consommation de moules frites : les restaurants rivalisent pour voir qui peut accumuler la plus haute montagne de coquilles de moules devant leurs portes.<\/p>\n<p><strong>Des conditions m\u00e9t\u00e9o aux allures estivales pour la Braderie de Lille les 6 et 7 septembre<\/strong><\/p>\n<p>C&rsquo;est une belle m\u00e9t\u00e9o qui vous attend tout au long du week-end avec un thermom\u00e8tre \u00e0 la hausse et une chaleur digne d&rsquo;un plein \u00e9t\u00e9 pour la journ\u00e9e de dimanche. Vous pourrez laisser le parapluie au placard&#8230;<\/p>\n<p>Samedi, la journ\u00e9e s&rsquo;annonce ensoleill\u00e9e avec quelques nuages de beau temps. La fra\u00eecheur matinales (12\u00b0C au lever du jour) sera vite oubli\u00e9e avec un thermom\u00e8tre atteignant 23 \u00e0 24\u00b0C dans l&rsquo;apr\u00e8s-midi.<\/p>\n<p>Dimanche, le beau temps persistera avec un soleil voil\u00e9 en matin\u00e9e et quelques passages nuageux sans cons\u00e9quences l&rsquo;apr\u00e8s-midi. Les temp\u00e9ratures seront encore en hausse et partiront de 14\u00b0C le matin pour atteindre 29\u00b0C l&rsquo;apr\u00e8s-midi. Il fera donc chaud pour un d\u00e9but de mois de septembre. <\/p>\n<p><a target=\"_blank\" rel=\"noopener noreferrer nofollow\" href=\"https:\/\/www.lachainemeteo.com\/meteo-france\/ville-312\/previsions-meteo-lille-aujourdhui\"><strong>Retrouvez ici les pr\u00e9visions d\u00e9taill\u00e9es pour la ville de Lille ce week-end <\/strong><\/a><\/p>\n<p>Outre la m\u00e9t\u00e9o, pour vraiment profiter de la Braderie, il est essentiel de bien se pr\u00e9parer : portez des chaussures confortables, gardez un \u0153il sur les objets pr\u00e9cieux et n&rsquo;oubliez pas d&rsquo;apporter de l&rsquo;argent liquide si vous souhaitez chiner et faire des affaires. L&rsquo;un des plus grands plaisirs de la Braderie est en effet de d\u00e9nicher des tr\u00e9sors inattendus, des antiquit\u00e9s rares aux objets d&rsquo;art, la vari\u00e9t\u00e9 est stup\u00e9fiante.<\/p>\n<p>C&rsquo;est un \u00e9v\u00e8nement familial, dont l&rsquo;entr\u00e9e est gratuite. Assurez-vous de garder un \u0153il sur vos petits pour \u00e9viter qu&rsquo;ils ne se perdent dans la foule. Et bien s\u00fbr, un \u0153il sur l&rsquo;actualisation de nos pr\u00e9visions m\u00e9t\u00e9o ces prochains jours pour parer \u00e0 toute \u00e9ventualit\u00e9 !<\/p>\n","protected":false},"excerpt":{"rendered":"La Braderie de Lille est bien plus qu&rsquo;un simple march\u00e9 aux puces, elle est un symbole d&rsquo;histoire, de&hellip;\n","protected":false},"author":2,"featured_media":368138,"comment_status":"","ping_status":"","sticky":false,"template":"","format":"standard","meta":{"footnotes":""},"categories":[2815],"tags":[1111,11,1777,674,1011,27,811,1307,12,25],"class_list":{"0":"post-368137","1":"post","2":"type-post","3":"status-publish","4":"format-standard","5":"has-post-thumbnail","7":"category-lille","8":"tag-actu","9":"tag-actualites","10":"tag-eu","11":"tag-europe","12":"tag-fr","13":"tag-france","14":"tag-hauts-de-france","15":"tag-lille","16":"tag-news","17":"tag-republique-francaise"},"share_on_mastodon":{"url":"https:\/\/pubeurope.com\/@fr\/115151697886375256","error":""},"_links":{"self":[{"href":"https:\/\/www.europesays.com\/fr\/wp-json\/wp\/v2\/posts\/368137","targetHints":{"allow":["GET"]}}],"collection":[{"href":"https:\/\/www.europesays.com\/fr\/wp-json\/wp\/v2\/posts"}],"about":[{"href":"https:\/\/www.europesays.com\/fr\/wp-json\/wp\/v2\/types\/post"}],"author":[{"embeddable":true,"href":"https:\/\/www.europesays.com\/fr\/wp-json\/wp\/v2\/users\/2"}],"replies":[{"embeddable":true,"href":"https:\/\/www.europesays.com\/fr\/wp-json\/wp\/v2\/comments?post=368137"}],"version-history":[{"count":0,"href":"https:\/\/www.europesays.com\/fr\/wp-json\/wp\/v2\/posts\/368137\/revisions"}],"wp:featuredmedia":[{"embeddable":true,"href":"https:\/\/www.europesays.com\/fr\/wp-json\/wp\/v2\/media\/368138"}],"wp:attachment":[{"href":"https:\/\/www.europesays.com\/fr\/wp-json\/wp\/v2\/media?parent=368137"}],"wp:term":[{"taxonomy":"category","embeddable":true,"href":"https:\/\/www.europesays.com\/fr\/wp-json\/wp\/v2\/categories?post=368137"},{"taxonomy":"post_tag","embeddable":true,"href":"https:\/\/www.europesays.com\/fr\/wp-json\/wp\/v2\/tags?post=368137"}],"curies":[{"name":"wp","href":"https:\/\/api.w.org\/{rel}","templated":true}]}}