{"id":368139,"date":"2025-09-05T12:30:12","date_gmt":"2025-09-05T12:30:12","guid":{"rendered":"https:\/\/www.europesays.com\/fr\/368139\/"},"modified":"2025-09-05T12:30:12","modified_gmt":"2025-09-05T12:30:12","slug":"les-marins-pompiers-et-la-police-ont-investi-la-plage-du-prophete-a-marseille","status":"publish","type":"post","link":"https:\/\/www.europesays.com\/fr\/368139\/","title":{"rendered":"Les marins-pompiers et la police ont investi la plage du Proph\u00e8te \u00e0 Marseille"},"content":{"rendered":"<p>Comme l&rsquo;an dernier \u00e0 pareille \u00e9poque, le bataillon des marins-pompiers comm\u00e9more la bataille de la Chesapeake, devenue la victoire navale de r\u00e9f\u00e9rence, dont la c\u00e9l\u00e9bration annuelle nourrit l&rsquo;esprit combattant, l&rsquo;engagement et la <a href=\"https:\/\/www.laprovence.com\/article\/faits-divers-justice\/21055085494691\/marseille-le-bataillon-des-marins-pompiers-a-profite-de-sa-journee-de-cohesion-pour-celebrer-lesprit-dequipage\" target=\"_blank\" rel=\"nofollow noopener\">coh\u00e9sion<\/a> des \u00e9quipes.<\/p>\n<p>La comm\u00e9moration de cette bataille gagn\u00e9e par la marine fran\u00e7aise et qui a permis l&rsquo;ind\u00e9pendance des \u00c9tats-Unis a donn\u00e9 lieu ce vendredi matin 5\u00a0septembre, \u00e0 une comp\u00e9tition ludique sur la <a href=\"https:\/\/www.laprovence.com\/article\/region\/7140669567185514\/tourisme-a-marseille-de-malmousque-au-prophete-on-nest-pas-en-capacite-daccueillir-autant-de-monde\" target=\"_blank\" rel=\"nofollow noopener\">plage du Proph\u00e8te<\/a>, dans le 7e arrondissement de Marseille, \u00e0 laquelle les marins-pompiers avaient notamment convi\u00e9 policiers nationaux et municipaux, ce qui n&rsquo;a pas manqu\u00e9 de susciter la curiosit\u00e9 de nombreux Marseillais s&rsquo;inqui\u00e9tant d&rsquo;un \u00e9ventuel fait-divers qui aurait eu lieu sur la plage. \u00ab\u00a0C&rsquo;est un \u00e9v\u00e9nement totalement ludique\u00a0\u00bb a rassur\u00e9 le Bataillon marseillais.<\/p>\n","protected":false},"excerpt":{"rendered":"Comme l&rsquo;an dernier \u00e0 pareille \u00e9poque, le bataillon des marins-pompiers comm\u00e9more la bataille de la Chesapeake, devenue la&hellip;\n","protected":false},"author":2,"featured_media":368140,"comment_status":"","ping_status":"","sticky":false,"template":"","format":"standard","meta":{"footnotes":""},"categories":[2814],"tags":[17,1111,11,1777,674,274,1011,27,50269,151,18640,884,12,2537,15656,1072,50270,882,25],"class_list":{"0":"post-368139","1":"post","2":"type-post","3":"status-publish","4":"format-standard","5":"has-post-thumbnail","7":"category-marseille","8":"tag-17","9":"tag-actu","10":"tag-actualites","11":"tag-eu","12":"tag-europe","13":"tag-faits-divers-justice","14":"tag-fr","15":"tag-france","16":"tag-investi","17":"tag-les","18":"tag-marins-pompiers","19":"tag-marseille","20":"tag-news","21":"tag-ont","22":"tag-plage","23":"tag-police","24":"tag-prophete","25":"tag-provence-alpes-cote-dazur","26":"tag-republique-francaise"},"share_on_mastodon":{"url":"https:\/\/pubeurope.com\/@fr\/115151701528857236","error":""},"_links":{"self":[{"href":"https:\/\/www.europesays.com\/fr\/wp-json\/wp\/v2\/posts\/368139","targetHints":{"allow":["GET"]}}],"collection":[{"href":"https:\/\/www.europesays.com\/fr\/wp-json\/wp\/v2\/posts"}],"about":[{"href":"https:\/\/www.europesays.com\/fr\/wp-json\/wp\/v2\/types\/post"}],"author":[{"embeddable":true,"href":"https:\/\/www.europesays.com\/fr\/wp-json\/wp\/v2\/users\/2"}],"replies":[{"embeddable":true,"href":"https:\/\/www.europesays.com\/fr\/wp-json\/wp\/v2\/comments?post=368139"}],"version-history":[{"count":0,"href":"https:\/\/www.europesays.com\/fr\/wp-json\/wp\/v2\/posts\/368139\/revisions"}],"wp:featuredmedia":[{"embeddable":true,"href":"https:\/\/www.europesays.com\/fr\/wp-json\/wp\/v2\/media\/368140"}],"wp:attachment":[{"href":"https:\/\/www.europesays.com\/fr\/wp-json\/wp\/v2\/media?parent=368139"}],"wp:term":[{"taxonomy":"category","embeddable":true,"href":"https:\/\/www.europesays.com\/fr\/wp-json\/wp\/v2\/categories?post=368139"},{"taxonomy":"post_tag","embeddable":true,"href":"https:\/\/www.europesays.com\/fr\/wp-json\/wp\/v2\/tags?post=368139"}],"curies":[{"name":"wp","href":"https:\/\/api.w.org\/{rel}","templated":true}]}}