{"id":368143,"date":"2025-09-05T12:32:12","date_gmt":"2025-09-05T12:32:12","guid":{"rendered":"https:\/\/www.europesays.com\/fr\/368143\/"},"modified":"2025-09-05T12:32:12","modified_gmt":"2025-09-05T12:32:12","slug":"un-homme-sintroduit-dans-un-etablissement-scolaire-pour-arracher-le-collier-dun-eleve-a-lyon","status":"publish","type":"post","link":"https:\/\/www.europesays.com\/fr\/368143\/","title":{"rendered":"Un homme s&rsquo;introduit dans un \u00e9tablissement scolaire pour arracher le collier d&rsquo;un \u00e9l\u00e8ve \u00e0 Lyon"},"content":{"rendered":"<p>Un Alg\u00e9rien en situation irr\u00e9guli\u00e8re s&rsquo;est introduit dans un \u00e9tablissement scolaire et a arrach\u00e9 le collier d&rsquo;un \u00e9l\u00e8ve \u00e0 Lyon ce jeudi 4 septembre. Interpell\u00e9, il a pr\u00e9text\u00e9 \u00eatre mineur, mais des examens m\u00e9dicaux ont prouv\u00e9 le contraire.<\/p>\n<p>Un homme s&rsquo;est introduit dans un \u00e9tablissement scolaire \u00e0 Lyon jeudi 4 septembre, afin d&rsquo;arracher le collier d&rsquo;un \u00e9l\u00e8ve, d&rsquo;apr\u00e8s <a href=\"https:\/\/www.leprogres.fr\/faits-divers-justice\/2025\/09\/04\/un-arracheur-de-collier-s-attaque-a-un-eleve-dans-un-etablissement-scolaire-il-est-maitrise-par-un-prof-et-un-agent\" target=\"_blank\" class=\"external_link\" rel=\"nofollow noopener\">une information du Progr\u00e8s<\/a> confirm\u00e9e \u00e0 BFM Lyon par une source polici\u00e8re.<\/p>\n<p>Les faits se sont produits jeudi dans la matin\u00e9e, dans le cinqui\u00e8me arrondissement lyonnais. Selon les informations du quotidien rhodanien, le suspect a utilis\u00e9 une bombe au poivre pour r\u00e9aliser son vol et la victime pr\u00e9sente des griffures au visage.<\/p>\n<p>Apr\u00e8s avoir arrach\u00e9 la cha\u00eene du cou de l&rsquo;\u00e9l\u00e8ve, le mis en cause a \u00e9t\u00e9 ma\u00eetris\u00e9 par des membres du personnel de l&rsquo;\u00e9tablissement avant d&rsquo;\u00eatre interpell\u00e9 par la police.<\/p>\n<p>Jug\u00e9 en comparution imm\u00e9diate<\/p>\n<p>Le suspect est un homme alg\u00e9rien en situation irr\u00e9guli\u00e8re. Il a dans un premier temps assur\u00e9 aux enqu\u00eateurs qu&rsquo;il \u00e9tait mineur, dans le but d&rsquo;\u00e9chapper aux poursuites. Mais des examens m\u00e9dicaux, r\u00e9alis\u00e9s par la <a href=\"https:\/\/www.bfmtv.com\/lyon\/lyon-quatre-individus-faussement-mineurs-interpelles-pour-vols-aggraves_AN-202409060459.html\" title=\"Lyon: quatre individus faussement mineurs interpell\u00e9s pour vols aggrav\u00e9s\" class=\"internal_link\" rel=\"nofollow noopener\" target=\"_blank\">cellule d&rsquo;\u00e9valuation de la minorit\u00e9<\/a> (CEM), ont finalement d\u00e9montr\u00e9 qu&rsquo;il \u00e9tait bien majeur.<\/p>\n<p>Les enqu\u00eateurs de cette cellule, saisis par le procureur, doivent accompagner les d\u00e9marches permettant d&rsquo;\u00e9tablir la minorit\u00e9 durant le temps de la garde \u00e0 vue. Pour cela, le mis en cause est examin\u00e9 \u00e0 l&rsquo;institut m\u00e9dico-l\u00e9gal et passe une s\u00e9rie de tests osseux qui permettent d&rsquo;\u00e9tablir son \u00e2ge.<\/p>\n<p>L&rsquo;homme interpell\u00e9 est jug\u00e9 en comparution imm\u00e9diate ce vendredi 5 septembre.<\/p>\n<p>Lucie Nolorgues avec Mathias Fleury<\/p>\n","protected":false},"excerpt":{"rendered":"Un Alg\u00e9rien en situation irr\u00e9guli\u00e8re s&rsquo;est introduit dans un \u00e9tablissement scolaire et a arrach\u00e9 le collier d&rsquo;un \u00e9l\u00e8ve&hellip;\n","protected":false},"author":2,"featured_media":283229,"comment_status":"","ping_status":"","sticky":false,"template":"","format":"standard","meta":{"footnotes":""},"categories":[1889],"tags":[1111,11,2430,1777,674,1011,27,2428,12,25],"class_list":{"0":"post-368143","1":"post","2":"type-post","3":"status-publish","4":"format-standard","5":"has-post-thumbnail","7":"category-lyon","8":"tag-actu","9":"tag-actualites","10":"tag-auvergne-rhone-alpes","11":"tag-eu","12":"tag-europe","13":"tag-fr","14":"tag-france","15":"tag-lyon","16":"tag-news","17":"tag-republique-francaise"},"share_on_mastodon":{"url":"https:\/\/pubeurope.com\/@fr\/115151709445988681","error":""},"_links":{"self":[{"href":"https:\/\/www.europesays.com\/fr\/wp-json\/wp\/v2\/posts\/368143","targetHints":{"allow":["GET"]}}],"collection":[{"href":"https:\/\/www.europesays.com\/fr\/wp-json\/wp\/v2\/posts"}],"about":[{"href":"https:\/\/www.europesays.com\/fr\/wp-json\/wp\/v2\/types\/post"}],"author":[{"embeddable":true,"href":"https:\/\/www.europesays.com\/fr\/wp-json\/wp\/v2\/users\/2"}],"replies":[{"embeddable":true,"href":"https:\/\/www.europesays.com\/fr\/wp-json\/wp\/v2\/comments?post=368143"}],"version-history":[{"count":0,"href":"https:\/\/www.europesays.com\/fr\/wp-json\/wp\/v2\/posts\/368143\/revisions"}],"wp:featuredmedia":[{"embeddable":true,"href":"https:\/\/www.europesays.com\/fr\/wp-json\/wp\/v2\/media\/283229"}],"wp:attachment":[{"href":"https:\/\/www.europesays.com\/fr\/wp-json\/wp\/v2\/media?parent=368143"}],"wp:term":[{"taxonomy":"category","embeddable":true,"href":"https:\/\/www.europesays.com\/fr\/wp-json\/wp\/v2\/categories?post=368143"},{"taxonomy":"post_tag","embeddable":true,"href":"https:\/\/www.europesays.com\/fr\/wp-json\/wp\/v2\/tags?post=368143"}],"curies":[{"name":"wp","href":"https:\/\/api.w.org\/{rel}","templated":true}]}}