{"id":368144,"date":"2025-09-05T12:33:10","date_gmt":"2025-09-05T12:33:10","guid":{"rendered":"https:\/\/www.europesays.com\/fr\/368144\/"},"modified":"2025-09-05T12:33:10","modified_gmt":"2025-09-05T12:33:10","slug":"le-maire-de-saint-priest-accuse-la-metropole-de-lyon-dagir-sans-tenir-compte-de-lavis-des-communes","status":"publish","type":"post","link":"https:\/\/www.europesays.com\/fr\/368144\/","title":{"rendered":"Le maire de Saint-Priest accuse la M\u00e9tropole de Lyon d&rsquo;agir \u00ab\u00a0sans tenir compte de l&rsquo;avis des communes\u00a0\u00bb"},"content":{"rendered":"<p>                            <img loading=\"lazy\" width=\"1116\" height=\"675\" class=\"attachment-article size-article wp-post-image lazyload\" alt=\"Gilles Gascon, maire LR de Saint-Priest\" decoding=\"async\" src=\"https:\/\/www.europesays.com\/fr\/wp-content\/uploads\/2025\/09\/Capture-decran-2023-02-22-a-16.51.27.jpg\" data-eio-rwidth=\"1116\" data-eio-rheight=\"675\"\/><\/p>\n<p>Gilles Gascon, maire LR de Saint-Priest<\/p>\n<p class=\"content\" style=\"font-size:1.2em;font-weight:700\">Vendredi 5 septembre, le maire de Saint-Priest Gilles Gascon (LR) a largement critiqu\u00e9 le projet d&rsquo;urbanisme entretenu par la M\u00e9tropole de Lyon sur le Parc Technologique de la commune. <\/p>\n<p>Alors qu&rsquo;un programme d&rsquo;urbanisme entrepris par la M\u00e9tropole de Lyon se pr\u00e9cise sur le Parc Technologique de Saint-Priest, le maire de la commune Gilles Gascon (LR) a exprim\u00e9 son d\u00e9saccord au projet : \u00ab\u00a0\u00c0 Saint-Priest, Bruno Bernard veut construire massivement des logements\u2026 loin du c\u0153ur de la ville. Or nous avons d\u00e9j\u00e0 dit clairement notre opposition \u00e0 ce type de projet, faute d\u2019\u00e9coles, de cr\u00e8ches, de services publics indispensables\u00a0\u00bb, a partag\u00e9 le maire de Saint-Priest sur son compte Facebook vendredi 5 septembre. <\/p>\n<p>Le projet en question, le pr\u00e9sident de la M\u00e9tropole l&rsquo;avait publi\u00e9 sur ses r\u00e9seaux sociaux le 28 ao\u00fbt dernier : Remplacer les \u00ab\u00a035 000m2 de bureaux vacants et les 6000 places de parking sous-utilis\u00e9es\u00a0\u00bb du Parc Technologique pour en faire des logements. <\/p>\n<p>Sur Facebook le maire de Saint-Priest, \u00e9galement chef d&rsquo;un groupe d&rsquo;opposition \u00e0 la M\u00e9tropole accable Bruno Bernard : \u00ab\u00a0Apr\u00e8s 5 ans de gouvernance brutale et autoritaire, il continue : seul contre tous, persuad\u00e9 d\u2019avoir raison\u00a0\u00bb. Il l&rsquo;accuse notamment de vouloir \u00ab\u00a0b\u00e9tonner \u00e0 outrance\u00a0\u00bb et d&rsquo;avoir agit \u00ab\u00a0sans tenir compte de l&rsquo;avis des communes concern\u00e9es.\u00a0\u00bb <\/p>\n<p>Une r\u00e9flexion prospective depuis 2022<\/p>\n<p>Contact\u00e9e par nos confr\u00e8res du<a href=\"https:\/\/c.leprogres.fr\/economie\/2025\/09\/05\/ces-bureaux-vacants-deviendraient-des-logements-le-maire-de-saint-priest-denonce-du-betonnage-la-metropole-defend-un-quartier-plus-vert?login=1\" rel=\"nofollow noopener\" target=\"_blank\"> Progr\u00e8s,<\/a> la vice-pr\u00e9sidente de la M\u00e9tropole en charge de l\u2019urbanisme B\u00e9atrice Vessilier affirme qu&rsquo;une \u00ab\u00a0r\u00e9flexion prospective\u00a0\u00bb se tient depuis 2022 sur le quartier de la grande porte des Alpes \u00ab\u00a0en concertation avec les communes de la zone.\u00a0\u00bb Selon elle, le maire de Saint-Priest aurait m\u00eame accept\u00e9 \u00ab\u00a0une exp\u00e9rimentation progressive de cette transformation.\u00a0\u00bb\u00a0<\/p>\n<p>Quant \u00e0 l&rsquo;accusation de \u00ab\u00a0b\u00e9tonner la ville\u00a0\u00bb, cette derni\u00e8re \u00e0 au contraire affirm\u00e9 que l\u2019objectif \u00e9tait \u00ab\u00a0de faire une grande ceinture verte dans l\u2019Est lyonnais\u00a0\u00bb notamment en \u00ab\u00a0v\u00e9g\u00e9talisant\u00a0\u00bb l&rsquo;espace.<\/p>\n<p><strong>Lire aussi : <\/strong><a href=\"http:\/\/&quot;Trop stricte, injuste, illisible&quot; : Gilles Gascon, maire de Saint-Priest, tacle \u00e0 nouveau la ZFE\">\u00ab\u00a0Trop stricte, injuste, illisible\u00a0\u00bb : Gilles Gascon, maire de Saint-Priest, tacle \u00e0 nouveau la ZFE<\/a><\/p>\n","protected":false},"excerpt":{"rendered":"Gilles Gascon, maire LR de Saint-Priest Vendredi 5 septembre, le maire de Saint-Priest Gilles Gascon (LR) a largement&hellip;\n","protected":false},"author":2,"featured_media":368145,"comment_status":"","ping_status":"","sticky":false,"template":"","format":"standard","meta":{"footnotes":""},"categories":[1889],"tags":[1111,11,2430,1777,674,1011,27,2428,12,25],"class_list":{"0":"post-368144","1":"post","2":"type-post","3":"status-publish","4":"format-standard","5":"has-post-thumbnail","7":"category-lyon","8":"tag-actu","9":"tag-actualites","10":"tag-auvergne-rhone-alpes","11":"tag-eu","12":"tag-europe","13":"tag-fr","14":"tag-france","15":"tag-lyon","16":"tag-news","17":"tag-republique-francaise"},"share_on_mastodon":{"url":"https:\/\/pubeurope.com\/@fr\/115151713722799704","error":""},"_links":{"self":[{"href":"https:\/\/www.europesays.com\/fr\/wp-json\/wp\/v2\/posts\/368144","targetHints":{"allow":["GET"]}}],"collection":[{"href":"https:\/\/www.europesays.com\/fr\/wp-json\/wp\/v2\/posts"}],"about":[{"href":"https:\/\/www.europesays.com\/fr\/wp-json\/wp\/v2\/types\/post"}],"author":[{"embeddable":true,"href":"https:\/\/www.europesays.com\/fr\/wp-json\/wp\/v2\/users\/2"}],"replies":[{"embeddable":true,"href":"https:\/\/www.europesays.com\/fr\/wp-json\/wp\/v2\/comments?post=368144"}],"version-history":[{"count":0,"href":"https:\/\/www.europesays.com\/fr\/wp-json\/wp\/v2\/posts\/368144\/revisions"}],"wp:featuredmedia":[{"embeddable":true,"href":"https:\/\/www.europesays.com\/fr\/wp-json\/wp\/v2\/media\/368145"}],"wp:attachment":[{"href":"https:\/\/www.europesays.com\/fr\/wp-json\/wp\/v2\/media?parent=368144"}],"wp:term":[{"taxonomy":"category","embeddable":true,"href":"https:\/\/www.europesays.com\/fr\/wp-json\/wp\/v2\/categories?post=368144"},{"taxonomy":"post_tag","embeddable":true,"href":"https:\/\/www.europesays.com\/fr\/wp-json\/wp\/v2\/tags?post=368144"}],"curies":[{"name":"wp","href":"https:\/\/api.w.org\/{rel}","templated":true}]}}