{"id":368146,"date":"2025-09-05T12:34:11","date_gmt":"2025-09-05T12:34:11","guid":{"rendered":"https:\/\/www.europesays.com\/fr\/368146\/"},"modified":"2025-09-05T12:34:11","modified_gmt":"2025-09-05T12:34:11","slug":"mettre-en-oeuvre-le-sdrif-environnemental","status":"publish","type":"post","link":"https:\/\/www.europesays.com\/fr\/368146\/","title":{"rendered":"Mettre en \u0153uvre le SDRIF-Environnemental"},"content":{"rendered":"<p>Le nouveau Sch\u00e9ma directeur de la R\u00e9gion \u00cele-de-France &#8211; Environnemental (SDRIF-E) \u00ab \u00cele-de-France 2040 un nouvel \u00e9quilibre \u00bb a \u00e9t\u00e9 adopt\u00e9 par d\u00e9lib\u00e9ration du Conseil r\u00e9gional le 11 septembre 2024, puis approuv\u00e9 par d\u00e9cret, apr\u00e8s avis du Conseil d&rsquo;\u00c9tat, le 10 juin 2025.<\/p>\n<p>L\u2019Institut Paris Region, qui a accompagn\u00e9 la R\u00e9gion dans l\u2019\u00e9laboration du SDRIF-E, vous propose dans le cadre du dispositif r\u00e9gional d\u2019aide \u00e0 sa mise en \u0153uvre, une journ\u00e9e de formation gratuite afin d\u2019approfondir les principaux \u00e9l\u00e9ments de connaissance n\u00e9cessaires \u00e0 la mise en \u0153uvre du sch\u00e9ma et \u00e0 sa d\u00e9clinaison dans les documents d\u2019urbanisme locaux (SCoT et PLU(i)).<\/p>\n<p>Cette session sera centr\u00e9e sur la compr\u00e9hension des orientations r\u00e9glementaires : lecture des cartes r\u00e9glementaires, m\u00e9thodes de calcul des dispositions quantifi\u00e9es, articulation des orientations r\u00e9glementaires entre elles et traduction locale, etc.\u00a0<\/p>\n","protected":false},"excerpt":{"rendered":"Le nouveau Sch\u00e9ma directeur de la R\u00e9gion \u00cele-de-France &#8211; Environnemental (SDRIF-E) \u00ab \u00cele-de-France 2040 un nouvel \u00e9quilibre \u00bb&hellip;\n","protected":false},"author":2,"featured_media":368147,"comment_status":"","ping_status":"","sticky":false,"template":"","format":"standard","meta":{"footnotes":""},"categories":[1592],"tags":[1111,11,1777,674,1011,27,662,1577,12,626,25],"class_list":{"0":"post-368146","1":"post","2":"type-post","3":"status-publish","4":"format-standard","5":"has-post-thumbnail","7":"category-ile-de-france","8":"tag-actu","9":"tag-actualites","10":"tag-eu","11":"tag-europe","12":"tag-fr","13":"tag-france","14":"tag-ile-de-france","15":"tag-l","16":"tag-news","17":"tag-paris","18":"tag-republique-francaise"},"share_on_mastodon":{"url":"https:\/\/pubeurope.com\/@fr\/115151717208327022","error":""},"_links":{"self":[{"href":"https:\/\/www.europesays.com\/fr\/wp-json\/wp\/v2\/posts\/368146","targetHints":{"allow":["GET"]}}],"collection":[{"href":"https:\/\/www.europesays.com\/fr\/wp-json\/wp\/v2\/posts"}],"about":[{"href":"https:\/\/www.europesays.com\/fr\/wp-json\/wp\/v2\/types\/post"}],"author":[{"embeddable":true,"href":"https:\/\/www.europesays.com\/fr\/wp-json\/wp\/v2\/users\/2"}],"replies":[{"embeddable":true,"href":"https:\/\/www.europesays.com\/fr\/wp-json\/wp\/v2\/comments?post=368146"}],"version-history":[{"count":0,"href":"https:\/\/www.europesays.com\/fr\/wp-json\/wp\/v2\/posts\/368146\/revisions"}],"wp:featuredmedia":[{"embeddable":true,"href":"https:\/\/www.europesays.com\/fr\/wp-json\/wp\/v2\/media\/368147"}],"wp:attachment":[{"href":"https:\/\/www.europesays.com\/fr\/wp-json\/wp\/v2\/media?parent=368146"}],"wp:term":[{"taxonomy":"category","embeddable":true,"href":"https:\/\/www.europesays.com\/fr\/wp-json\/wp\/v2\/categories?post=368146"},{"taxonomy":"post_tag","embeddable":true,"href":"https:\/\/www.europesays.com\/fr\/wp-json\/wp\/v2\/tags?post=368146"}],"curies":[{"name":"wp","href":"https:\/\/api.w.org\/{rel}","templated":true}]}}