{"id":368158,"date":"2025-09-05T12:40:12","date_gmt":"2025-09-05T12:40:12","guid":{"rendered":"https:\/\/www.europesays.com\/fr\/368158\/"},"modified":"2025-09-05T12:40:12","modified_gmt":"2025-09-05T12:40:12","slug":"poutine-menace-nimporte-quelle-force-occidentale-sera-une-cible-legitime-pour-larmee-russe","status":"publish","type":"post","link":"https:\/\/www.europesays.com\/fr\/368158\/","title":{"rendered":"Poutine menace, n&rsquo;importe quelle force occidentale sera une \u00ab\u00a0cible l\u00e9gitime\u00a0\u00bb pour l&rsquo;arm\u00e9e russe"},"content":{"rendered":"<p class=\"article-p mdl\">Le torchon br\u00fble entre la Russie et l&rsquo;Europe. Alors que les alli\u00e9s de Kiev se sont rassembl\u00e9s jeudi 4 septembre 2025 \u00e0 Paris afin de participer \u00e0 une \u00ab\u00a0force de r\u00e9assurance\u00a0\u00bb dans l&rsquo;hypoth\u00e8se d&rsquo;un cessez-le-feu, la Russie a soulign\u00e9 vouloir b\u00e9n\u00e9ficier de garanties pour sa s\u00e9curit\u00e9.<br \/>Le lendemain de cette rencontre entre alli\u00e9s europ\u00e9ens, Vladimir Poutine a pr\u00e9venu que n&rsquo;importe quelle force occidentale en Ukraine sera une \u00ab\u00a0cible l\u00e9gitime\u00a0\u00bb pour l&rsquo;arm\u00e9e russe : \u00ab\u00a0Si des forces, quelles qu&rsquo;elles soient, y mettent les pieds, surtout maintenant au moment o\u00f9 des combats sont en cours, nous partirons du principe qu&rsquo;elles seront des cibles l\u00e9gitimes\u00a0\u00bb pour l&rsquo;arm\u00e9e russe, a d\u00e9clar\u00e9 le pr\u00e9sident russe.<\/p>\n<p class=\"article-p mdl\">Le ma\u00eetre du Kremlin a aussi ferm\u00e9 la porte \u00e0 la pr\u00e9sence de troupes occidentales m\u00eame en cas d&rsquo;un cessez-le-feu : \u00ab\u00a0Et si des d\u00e9cisions sont obtenues pour aboutir \u00e0 la paix, \u00e0 une paix durable, je ne vois tout simplement<strong> pas de sens \u00e0 leur pr\u00e9sence\u00a0\u00bb<\/strong> sur le territoire ukrainien.<\/p>\n<p class=\"article-p mdl\">De son c\u00f4t\u00e9, Dmitri Peskov, le porte-parole du Kremlin, accuse les Europ\u00e9ens d'\u00a0\u00bbentraver\u00a0\u00bb le r\u00e8glement du conflit : \u00ab\u00a0Les \u00e9trangers, en particulier les contingents militaires europ\u00e9ens et am\u00e9ricains, peuvent-ils fournir et garantir la s\u00e9curit\u00e9 de l&rsquo;Ukraine ? Absolument pas, ils ne le peuvent pas\u00a0\u00bb, a-t-il affirm\u00e9.<\/p>\n<p>    La r\u00e9daction vous recommande<\/p>\n<p class=\"s-newsletter__title\">\n                L\u2019actualit\u00e9 par la r\u00e9daction de RTL dans votre bo\u00eete mail.\n            <\/p>\n<p class=\"s-newsletter__subtitle\">\n                Gr\u00e2ce \u00e0 votre compte RTL abonnez-vous \u00e0 la newsletter RTL info pour suivre toute l&rsquo;actualit\u00e9 au quotidien\n            <\/p>\n<p>\n                                    Lire la suite\n                                <\/p>\n","protected":false},"excerpt":{"rendered":"Le torchon br\u00fble entre la Russie et l&rsquo;Europe. Alors que les alli\u00e9s de Kiev se sont rassembl\u00e9s jeudi&hellip;\n","protected":false},"author":2,"featured_media":368159,"comment_status":"","ping_status":"","sticky":false,"template":"","format":"standard","meta":{"footnotes":""},"categories":[1591],"tags":[11,674,1887,107,131,12,1885,1886,132,220,135],"class_list":{"0":"post-368158","1":"post","2":"type-post","3":"status-publish","4":"format-standard","5":"has-post-thumbnail","7":"category-russie","8":"tag-actualites","9":"tag-europe","10":"tag-federation-de-russie","11":"tag-fil-info","12":"tag-guerre-en-ukraine","13":"tag-news","14":"tag-russia","15":"tag-russian-federation","16":"tag-russie","17":"tag-ukraine","18":"tag-vladimir-poutine"},"share_on_mastodon":{"url":"https:\/\/pubeurope.com\/@fr\/115151740823163995","error":""},"_links":{"self":[{"href":"https:\/\/www.europesays.com\/fr\/wp-json\/wp\/v2\/posts\/368158","targetHints":{"allow":["GET"]}}],"collection":[{"href":"https:\/\/www.europesays.com\/fr\/wp-json\/wp\/v2\/posts"}],"about":[{"href":"https:\/\/www.europesays.com\/fr\/wp-json\/wp\/v2\/types\/post"}],"author":[{"embeddable":true,"href":"https:\/\/www.europesays.com\/fr\/wp-json\/wp\/v2\/users\/2"}],"replies":[{"embeddable":true,"href":"https:\/\/www.europesays.com\/fr\/wp-json\/wp\/v2\/comments?post=368158"}],"version-history":[{"count":0,"href":"https:\/\/www.europesays.com\/fr\/wp-json\/wp\/v2\/posts\/368158\/revisions"}],"wp:featuredmedia":[{"embeddable":true,"href":"https:\/\/www.europesays.com\/fr\/wp-json\/wp\/v2\/media\/368159"}],"wp:attachment":[{"href":"https:\/\/www.europesays.com\/fr\/wp-json\/wp\/v2\/media?parent=368158"}],"wp:term":[{"taxonomy":"category","embeddable":true,"href":"https:\/\/www.europesays.com\/fr\/wp-json\/wp\/v2\/categories?post=368158"},{"taxonomy":"post_tag","embeddable":true,"href":"https:\/\/www.europesays.com\/fr\/wp-json\/wp\/v2\/tags?post=368158"}],"curies":[{"name":"wp","href":"https:\/\/api.w.org\/{rel}","templated":true}]}}