{"id":368160,"date":"2025-09-05T12:41:10","date_gmt":"2025-09-05T12:41:10","guid":{"rendered":"https:\/\/www.europesays.com\/fr\/368160\/"},"modified":"2025-09-05T12:41:10","modified_gmt":"2025-09-05T12:41:10","slug":"dans-lhypothese-dune-rencontre-en-russie-vladimir-poutine-promet-aux-dirigeants-ukrainiens-une-securite-a-100","status":"publish","type":"post","link":"https:\/\/www.europesays.com\/fr\/368160\/","title":{"rendered":"dans l\u2019hypoth\u00e8se d\u2019une rencontre en Russie, Vladimir Poutine promet aux dirigeants ukrainiens une \u00ab\u00a0s\u00e9curit\u00e9 \u00e0 100\u00a0%\u00a0\u00bb"},"content":{"rendered":"<p>   Rome redit son \u00ab\u00a0indisponibilit\u00e9 \u00e0 envoyer des soldats en Ukraine\u00a0\u00bb, mais assure pouvoir \u00ab\u00a0soutenir un \u00e9ventuel cessez-le-feu\u00a0\u00bb             <\/p>\n<p class=\"post__live-container--answer-text post__space-node\">L\u2019Italie a redit, jeudi, qu\u2019elle ne d\u00e9ploierait pas de troupes en Ukraine, \u00e0 l\u2019issue d\u2019une r\u00e9union des alli\u00e9s de Kiev consacr\u00e9e aux garanties de s\u00e9curit\u00e9 pour ce pays.<\/p>\n<p class=\"post__live-container--answer-text post__space-node\">Au cours de la r\u00e9union \u00e0 Paris, \u00e0 laquelle elle participait en visioconf\u00e9rence, la premi\u00e8re ministre italienne, Giorgia Meloni, a soulign\u00e9 \u00ab\u00a0l\u2019indisponibilit\u00e9 de l\u2019Italie \u00e0 envoyer des soldats en Ukraine\u00a0\u00bb, selon un communiqu\u00e9 de la pr\u00e9sidence du Conseil, ajoutant que Rome pouvait \u00ab\u00a0soutenir un \u00e9ventuel cessez-le-feu par le biais d\u2019initiatives de surveillance et de formation \u00e0 l\u2019ext\u00e9rieur des fronti\u00e8res ukrainiennes\u00a0\u00bb.<\/p>\n<p class=\"post__live-container--answer-text post__space-node\">Selon le communiqu\u00e9 italien, \u00ab\u00a0le maintien de la pression collective sur la Russie, y compris par des sanctions\u00a0\u00bb, et \u00ab\u00a0des garanties de s\u00e9curit\u00e9 solides et cr\u00e9dibles, \u00e0 d\u00e9finir en commun des deux c\u00f4t\u00e9s de l\u2019Atlantique\u00a0\u00bb, sont n\u00e9cessaires pour \u00ab\u00a0une paix juste et durable\u00a0\u00bb en Ukraine.<\/p>\n<p class=\"post__live-container--answer-text post__space-node\">Emmanuel Macron avait bien pr\u00e9cis\u00e9, au cours d\u2019une conf\u00e9rence de presse \u00e0 Paris, que\u00a0l\u2019Italie faisait \u00ab\u00a0partie des 26\u00a0contributeurs, chacun\u00a0[ayant ses]\u00a0modalit\u00e9s d\u2019intervention\u00a0\u00bb, ajoutant que certains pays \u00ab\u00a0d\u00e9ploi[eront] des troupes sur le terrain\u00a0\u00bb en Ukraine, tandis que d\u2019autres \u00ab\u00a0rest[eront] dans des pays membres de l\u2019OTAN en mettant \u00e0 disposition leurs bases\u00a0\u00bb.<\/p>\n","protected":false},"excerpt":{"rendered":"Rome redit son \u00ab\u00a0indisponibilit\u00e9 \u00e0 envoyer des soldats en Ukraine\u00a0\u00bb, mais assure pouvoir \u00ab\u00a0soutenir un \u00e9ventuel cessez-le-feu\u00a0\u00bb L\u2019Italie&hellip;\n","protected":false},"author":2,"featured_media":367799,"comment_status":"","ping_status":"","sticky":false,"template":"","format":"standard","meta":{"footnotes":""},"categories":[1590],"tags":[11,1777,674,12,220],"class_list":{"0":"post-368160","1":"post","2":"type-post","3":"status-publish","4":"format-standard","5":"has-post-thumbnail","7":"category-ukraine","8":"tag-actualites","9":"tag-eu","10":"tag-europe","11":"tag-news","12":"tag-ukraine"},"share_on_mastodon":{"url":"https:\/\/pubeurope.com\/@fr\/115151744797175485","error":""},"_links":{"self":[{"href":"https:\/\/www.europesays.com\/fr\/wp-json\/wp\/v2\/posts\/368160","targetHints":{"allow":["GET"]}}],"collection":[{"href":"https:\/\/www.europesays.com\/fr\/wp-json\/wp\/v2\/posts"}],"about":[{"href":"https:\/\/www.europesays.com\/fr\/wp-json\/wp\/v2\/types\/post"}],"author":[{"embeddable":true,"href":"https:\/\/www.europesays.com\/fr\/wp-json\/wp\/v2\/users\/2"}],"replies":[{"embeddable":true,"href":"https:\/\/www.europesays.com\/fr\/wp-json\/wp\/v2\/comments?post=368160"}],"version-history":[{"count":0,"href":"https:\/\/www.europesays.com\/fr\/wp-json\/wp\/v2\/posts\/368160\/revisions"}],"wp:featuredmedia":[{"embeddable":true,"href":"https:\/\/www.europesays.com\/fr\/wp-json\/wp\/v2\/media\/367799"}],"wp:attachment":[{"href":"https:\/\/www.europesays.com\/fr\/wp-json\/wp\/v2\/media?parent=368160"}],"wp:term":[{"taxonomy":"category","embeddable":true,"href":"https:\/\/www.europesays.com\/fr\/wp-json\/wp\/v2\/categories?post=368160"},{"taxonomy":"post_tag","embeddable":true,"href":"https:\/\/www.europesays.com\/fr\/wp-json\/wp\/v2\/tags?post=368160"}],"curies":[{"name":"wp","href":"https:\/\/api.w.org\/{rel}","templated":true}]}}