{"id":368163,"date":"2025-09-05T12:43:12","date_gmt":"2025-09-05T12:43:12","guid":{"rendered":"https:\/\/www.europesays.com\/fr\/368163\/"},"modified":"2025-09-05T12:43:12","modified_gmt":"2025-09-05T12:43:12","slug":"la-numero-deux-du-gouvernement-angela-rayner-demissionne-apres-une-affaire-dimpot-sous-paye","status":"publish","type":"post","link":"https:\/\/www.europesays.com\/fr\/368163\/","title":{"rendered":"la num\u00e9ro deux du gouvernement, Angela Rayner, d\u00e9missionne apr\u00e8s une affaire d\u2019imp\u00f4t sous-pay\u00e9"},"content":{"rendered":"<p>                          <img loading=\"lazy\" decoding=\"async\" src=\"https:\/\/www.europesays.com\/fr\/wp-content\/uploads\/2025\/09\/577031c_ftp-import-images-1-7j7axtopgurl-5801176-01-06.jpg\" alt=\" Le premier ministre britannique Keir Starmer applaudit la vice-premi\u00e8re ministre et secr\u00e9taire d\u2019\u00c9tat au Logement Angela Rayner sur sc\u00e8ne, lors du congr\u00e8s annuel du Parti travailliste \u00e0 Liverpool, dans le nord-ouest de l\u2019Angleterre, le 22\u00a0septembre 2024.\"   width=\"664\" height=\"443\"\/>    Le premier ministre britannique Keir Starmer applaudit la vice-premi\u00e8re ministre et secr\u00e9taire d\u2019\u00c9tat au Logement Angela Rayner sur sc\u00e8ne, lors du congr\u00e8s annuel du Parti travailliste \u00e0 Liverpool, dans le nord-ouest de l\u2019Angleterre, le 22\u00a0septembre 2024.  OLI SCARFF \/ AFP                          <\/p>\n<p class=\"article__paragraph  \">La vice-premi\u00e8re ministre britannique, Angela Rayner, a d\u00e9missionn\u00e9 du gouvernement, deux jours apr\u00e8s avoir reconnu n\u2019avoir pas pay\u00e9 un montant suffisant d\u2019imp\u00f4t lors de l\u2019achat d\u2019un appartement, un coup dur pour le gouvernement travailliste d\u00e9j\u00e0 en difficult\u00e9.<\/p>\n<p class=\"article__paragraph  \">\u00ab\u00a0J\u2019ai d\u00e9cid\u00e9 de d\u00e9missionner de mes fonctions de vice-premi\u00e8re ministre et de ministre du logement (\u2026) ainsi que du poste de vice-pr\u00e9sidente du Parti travailliste\u00a0\u00bb, a \u00e9crit l\u2019\u00e9lue dans un \u00e9change de lettres avec le premier ministre Keir Starmer, publi\u00e9 vendredi 5\u00a0septembre apr\u00e8s plusieurs jours de controverse.<\/p>\n<p class=\"article__paragraph  \">Cette figure de l\u2019aile gauche du Labour, \u00e2g\u00e9e de 45\u00a0ans, a dit \u00ab\u00a0regretter profond\u00e9ment [sa] d\u00e9cision de ne pas avoir recherch\u00e9 des conseils fiscaux sp\u00e9cialis\u00e9s suppl\u00e9mentaires\u00a0\u00bb, et assumer \u00ab\u00a0l\u2019enti\u00e8re responsabilit\u00e9 de cette erreur\u00a0\u00bb, li\u00e9e \u00e0 l\u2019achat d\u2019un appartement.<\/p>\n<p>                                       Lire aussi |  Article r\u00e9serv\u00e9 \u00e0 nos abonn\u00e9s  <a href=\"https:\/\/www.lemonde.fr\/economie\/article\/2025\/09\/04\/au-royaume-uni-une-rentree-economique-et-budgetaire-tendue_6638870_3234.html\" class=\"js-article-read-also catcher--favoris__link\" data-premium=\"1\" id=\"article-title-3435511\" rel=\"nofollow noopener\" target=\"_blank\">Au Royaume-Uni, une rentr\u00e9e \u00e9conomique et budg\u00e9taire tendue<\/a>    <\/p>\n<p>   Lire plus tard  <\/p>\n<p>                          En difficult\u00e9 dans les sondages                    <\/p>\n<p class=\"article__paragraph  \">Un rapport ind\u00e9pendant du conseiller en \u00e9thique du gouvernement, auquel elle avait signal\u00e9 sa situation, a conclu vendredi qu\u2019elle avait \u00ab\u00a0enfreint le code\u00a0\u00bb de conduite minist\u00e9rielle. Elle aurait ainsi \u00e9conomis\u00e9 40\u00a0000\u00a0livres sterling (46\u00a0050\u00a0euros) d\u2019imp\u00f4t li\u00e9 \u00e0 l\u2019acquisition de ce logement, en retirant son nom des titres de propri\u00e9t\u00e9 d\u2019un autre bien immobilier situ\u00e9 dans sa circonscription. En cons\u00e9quence, le nouvel appartement \u00e9tait officiellement son seul bien immobilier.<\/p>\n<p class=\"article__paragraph  \">Dans sa lettre acceptant sa d\u00e9mission, Keir Starmer, \u00ab\u00a0tr\u00e8s attrist\u00e9\u00a0\u00bb, a assur\u00e9 \u00e0 Angela Rayner qu\u2019elle demeurerait \u00ab\u00a0une figure majeure\u00a0\u00bb du parti travailliste, en difficult\u00e9 dans les sondages un an seulement apr\u00e8s son arriv\u00e9e au pouvoir.<\/p>\n<p class=\"article__paragraph  \">Souvent prise pour cible par les m\u00e9dias conservateurs, Angela Rayner a quitt\u00e9 l\u2019\u00e9cole sans dipl\u00f4me et, \u00e0 16\u00a0ans, est devenue m\u00e8re c\u00e9libataire. Elle a d\u00e9couvert le syndicalisme puis la politique apr\u00e8s avoir travaill\u00e9 dans le social, et a gravi les \u00e9chelons du Labour jusqu\u2019\u00e0 devenir num\u00e9ro deux du parti.<\/p>\n<p class=\"author__detail\">  Le Monde avec AFP  <\/p>\n<p>                  <a href=\"https:\/\/www.lemonde.fr\/syndication\/\" class=\"reuse__content\" title=\"R\u00e9utiliser ce contenu\" target=\"_blank\" rel=\"nofollow noopener\">R\u00e9utiliser ce contenu<\/a>      <\/p>\n","protected":false},"excerpt":{"rendered":"Le premier ministre britannique Keir Starmer applaudit la vice-premi\u00e8re ministre et secr\u00e9taire d\u2019\u00c9tat au Logement Angela Rayner sur&hellip;\n","protected":false},"author":2,"featured_media":368164,"comment_status":"","ping_status":"","sticky":false,"template":"","format":"standard","meta":{"footnotes":""},"categories":[1588],"tags":[11,1777,674,12,473,1853,1851,1850,1852],"class_list":{"0":"post-368163","1":"post","2":"type-post","3":"status-publish","4":"format-standard","5":"has-post-thumbnail","7":"category-royaume-uni","8":"tag-actualites","9":"tag-eu","10":"tag-europe","11":"tag-news","12":"tag-royaume-uni","13":"tag-royaume-uni-de-grande-bretagne-et-dirlande-du-nord","14":"tag-uk","15":"tag-united-kingdom","16":"tag-united-kingdom-of-great-britain-and-northern-ireland"},"share_on_mastodon":{"url":"https:\/\/pubeurope.com\/@fr\/115151753227225631","error":""},"_links":{"self":[{"href":"https:\/\/www.europesays.com\/fr\/wp-json\/wp\/v2\/posts\/368163","targetHints":{"allow":["GET"]}}],"collection":[{"href":"https:\/\/www.europesays.com\/fr\/wp-json\/wp\/v2\/posts"}],"about":[{"href":"https:\/\/www.europesays.com\/fr\/wp-json\/wp\/v2\/types\/post"}],"author":[{"embeddable":true,"href":"https:\/\/www.europesays.com\/fr\/wp-json\/wp\/v2\/users\/2"}],"replies":[{"embeddable":true,"href":"https:\/\/www.europesays.com\/fr\/wp-json\/wp\/v2\/comments?post=368163"}],"version-history":[{"count":0,"href":"https:\/\/www.europesays.com\/fr\/wp-json\/wp\/v2\/posts\/368163\/revisions"}],"wp:featuredmedia":[{"embeddable":true,"href":"https:\/\/www.europesays.com\/fr\/wp-json\/wp\/v2\/media\/368164"}],"wp:attachment":[{"href":"https:\/\/www.europesays.com\/fr\/wp-json\/wp\/v2\/media?parent=368163"}],"wp:term":[{"taxonomy":"category","embeddable":true,"href":"https:\/\/www.europesays.com\/fr\/wp-json\/wp\/v2\/categories?post=368163"},{"taxonomy":"post_tag","embeddable":true,"href":"https:\/\/www.europesays.com\/fr\/wp-json\/wp\/v2\/tags?post=368163"}],"curies":[{"name":"wp","href":"https:\/\/api.w.org\/{rel}","templated":true}]}}