{"id":368169,"date":"2025-09-05T12:46:10","date_gmt":"2025-09-05T12:46:10","guid":{"rendered":"https:\/\/www.europesays.com\/fr\/368169\/"},"modified":"2025-09-05T12:46:10","modified_gmt":"2025-09-05T12:46:10","slug":"un-pretre-polonais-avoue-avoir-agresse-des-enfants","status":"publish","type":"post","link":"https:\/\/www.europesays.com\/fr\/368169\/","title":{"rendered":"un pr\u00eatre polonais avoue avoir agress\u00e9 des enfants"},"content":{"rendered":"<p>Dans une interview \u00e0 \u00ab\u00a0<a href=\"https:\/\/www.francebleu.fr\/emissions\/l-invite-d-ici-ici-auxerre\/oui-des-attouchements-il-y-en-a-eu-eugene-plater-pretre-a-saint-valerien-reconnait-des-actes-pedophiles-9219570\" target=\"_blank\" rel=\"nofollow noopener\">Ici Auxerre<\/a>\u00a0\u00bb, Eug\u00e8ne Plater-Syberg, aujourd\u2019hui \u00e2g\u00e9 de 90\u00a0ans, reconna\u00eet avoir commis des agressions sexuelles sur des enfants. \u00ab\u00a0Des attouchements, il y en a eu, oui\u00a0\u00bb, et les faits ont dur\u00e9 \u00ab\u00a0trois ou quatre ans\u00a0\u00bb, a d\u00e9clar\u00e9 le pr\u00eatre qui habite aujourd\u2019hui dans l\u2019Yonne. Selon Le Parisien, il avait d\u00e9j\u00e0 reconnu sa responsabilit\u00e9 en 2011 devant plusieurs victimes qui avaient d\u00e9cid\u00e9 de le confronter lors d\u2019une conf\u00e9rence d\u2019anciens \u00e9l\u00e8ves, \u00e0 Sens.<\/p>\n<p>13 hommes et une femme, mineurs au moment des faits<\/p>\n<p>Depuis juillet et la publication d\u2019un article dans une revue polonaise, \u00ab\u00a014\u00a0personnes se sont adress\u00e9es \u00e0 l\u2019<a href=\"https:\/\/www.inirr.fr\/\" target=\"_blank\" rel=\"nofollow noopener\">Inirr<\/a>\u00a0\u00bb, a affirm\u00e9 Marie Derain de Vaucresson, la pr\u00e9sidente de l\u2019Instance nationale ind\u00e9pendante de reconnaissance et de r\u00e9paration (Inirr). Il s\u2019agit de 13\u00a0hommes, victimes pr\u00e9sum\u00e9es dans le cadre du petit s\u00e9minaire, et d\u2019une femme, qui \u00e9taient mineurs \u00e0 l\u2019\u00e9poque des faits et qui aujourd\u2019hui \u00ab\u00a0habitent tous en Pologne\u00a0\u00bb, un seul parlant fran\u00e7ais, a-t-elle ajout\u00e9.<\/p>\n<p>\u00ab\u00a0La question pour nous est de savoir si ce petit s\u00e9minaire et les pr\u00eatres qui s\u2019y trouvaient dans le cadre de la mission polonaise \u00e0 Paris sont sous la responsabilit\u00e9 de l\u2019<a href=\"https:\/\/www.sudouest.fr\/societe\/religion\/religion-ouvert-proche-des-idees-du-pape-francois-qui-est-jean-marc-aveline-nouveau-patron-de-l-eglise-de-france-23881343.php\" rel=\"nofollow noopener\" target=\"_blank\">\u00c9glise de France<\/a>\u00a0\u00bb, a ajout\u00e9 Marie Derain de Vaucresson. Cr\u00e9\u00e9e en 2022 et financ\u00e9e par un fonds abond\u00e9 par l\u2019\u00c9glise de France, l\u2019Inirr recueille les t\u00e9moignages de victimes et propose une r\u00e9paration financi\u00e8re pouvant aller jusqu\u2019\u00e0 60\u00a0000\u00a0euros.<\/p>\n","protected":false},"excerpt":{"rendered":"Dans une interview \u00e0 \u00ab\u00a0Ici Auxerre\u00a0\u00bb, Eug\u00e8ne Plater-Syberg, aujourd\u2019hui \u00e2g\u00e9 de 90\u00a0ans, reconna\u00eet avoir commis des agressions sexuelles&hellip;\n","protected":false},"author":2,"featured_media":368170,"comment_status":"","ping_status":"","sticky":false,"template":"","format":"standard","meta":{"footnotes":""},"categories":[1586],"tags":[11,1777,674,1779,1011,27,12,25,1778,364],"class_list":{"0":"post-368169","1":"post","2":"type-post","3":"status-publish","4":"format-standard","5":"has-post-thumbnail","7":"category-europe","8":"tag-actualites","9":"tag-eu","10":"tag-europe","11":"tag-european-union","12":"tag-fr","13":"tag-france","14":"tag-news","15":"tag-republique-francaise","16":"tag-ue","17":"tag-union-europeenne"},"share_on_mastodon":{"url":"https:\/\/pubeurope.com\/@fr\/115151764411129479","error":""},"_links":{"self":[{"href":"https:\/\/www.europesays.com\/fr\/wp-json\/wp\/v2\/posts\/368169","targetHints":{"allow":["GET"]}}],"collection":[{"href":"https:\/\/www.europesays.com\/fr\/wp-json\/wp\/v2\/posts"}],"about":[{"href":"https:\/\/www.europesays.com\/fr\/wp-json\/wp\/v2\/types\/post"}],"author":[{"embeddable":true,"href":"https:\/\/www.europesays.com\/fr\/wp-json\/wp\/v2\/users\/2"}],"replies":[{"embeddable":true,"href":"https:\/\/www.europesays.com\/fr\/wp-json\/wp\/v2\/comments?post=368169"}],"version-history":[{"count":0,"href":"https:\/\/www.europesays.com\/fr\/wp-json\/wp\/v2\/posts\/368169\/revisions"}],"wp:featuredmedia":[{"embeddable":true,"href":"https:\/\/www.europesays.com\/fr\/wp-json\/wp\/v2\/media\/368170"}],"wp:attachment":[{"href":"https:\/\/www.europesays.com\/fr\/wp-json\/wp\/v2\/media?parent=368169"}],"wp:term":[{"taxonomy":"category","embeddable":true,"href":"https:\/\/www.europesays.com\/fr\/wp-json\/wp\/v2\/categories?post=368169"},{"taxonomy":"post_tag","embeddable":true,"href":"https:\/\/www.europesays.com\/fr\/wp-json\/wp\/v2\/tags?post=368169"}],"curies":[{"name":"wp","href":"https:\/\/api.w.org\/{rel}","templated":true}]}}