{"id":368175,"date":"2025-09-05T12:49:11","date_gmt":"2025-09-05T12:49:11","guid":{"rendered":"https:\/\/www.europesays.com\/fr\/368175\/"},"modified":"2025-09-05T12:49:11","modified_gmt":"2025-09-05T12:49:11","slug":"israel-evoque-la-fermeture-du-consulat-de-france-a-jerusalem","status":"publish","type":"post","link":"https:\/\/www.europesays.com\/fr\/368175\/","title":{"rendered":"Isra\u00ebl \u00e9voque la fermeture du consulat de France \u00e0 J\u00e9rusalem"},"content":{"rendered":"<p><img decoding=\"async\" src=\"https:\/\/www.europesays.com\/fr\/wp-content\/uploads\/2025\/09\/68bad57c2a5a8de939b00117_Screenshot.jpg\" loading=\"lazy\" width=\"Auto\" height=\"Auto\" alt=\"\" class=\"articles-banner\"\/><\/p>\n<p>Cr\u00e9dit : Christian Ender\/Getty Images<\/p>\n<p>La vice-ministre des Affaires \u00e9trang\u00e8res, Sharren Haskel, a indiqu\u00e9 que la fermeture du consulat fran\u00e7ais \u00e0 J\u00e9rusalem est \u00ab\u00a0sur la table du Premier ministre\u00a0\u00bb. Cette mesure est envisag\u00e9e en r\u00e9ponse \u00e0 l&rsquo;intention d&rsquo;Emmanuel Macron de reconna\u00eetre l&rsquo;\u00c9tat palestinien.<\/p>\n<p>Les relations entre la France et Isra\u00ebl sont tendues apr\u00e8s qu\u2019Emmanuel Macron a annonc\u00e9 il y a plusieurs semaines que la France reconna\u00eetrait officiellement l\u2019\u00c9tat de Palestine d\u2019ici le 22 septembre.\u00a0<\/p>\n<p>Selon un article publi\u00e9 dimanche par le quotidien Israel Hayom, le ministre des Affaires \u00e9trang\u00e8res, Gideon Saar, a recommand\u00e9 \u00e0 Benyamin Netanyahou la fermeture du consulat de France \u00e0 J\u00e9rusalem.\u00a0<\/p>\n<p>\u200d<strong>\u201cSur la table du Premier ministre\u201d<\/strong><\/p>\n<p>Cette menace a \u00e9t\u00e9 confirm\u00e9e par la vice-ministre, Sharren Haskel, qui a indiqu\u00e9 au correspondant de France Radio que la fermeture du consulat fran\u00e7ais \u00e0 J\u00e9rusalem est \u00ab\u00a0sur la table du Premier ministre\u00a0\u00bb.<\/p>\n<p>Cette derni\u00e8re reproche \u00e0 Emmanuel Macron d&rsquo;avoir \u00ab\u00a0essay\u00e9 de pousser tous les \u00c9tats autour \u00e0 faire cette action\u00a0\u00bb de reconnaissance internationale de l&rsquo;\u00c9tat de Palestine.\u00a0<\/p>\n<p>Le 22 septembre prochain, lors d\u2019une conf\u00e9rence \u00e0 l\u2019ONU qui portera sur une solution \u00e0 deux \u00c9tats, la France devrait concr\u00e9tiser la reconnaissance de l\u2019\u00c9tat de Palestine, suivie notamment par le Canada, l&rsquo;Australie et la Belgique.<\/p>\n","protected":false},"excerpt":{"rendered":"Cr\u00e9dit : Christian Ender\/Getty Images La vice-ministre des Affaires \u00e9trang\u00e8res, Sharren Haskel, a indiqu\u00e9 que la fermeture du&hellip;\n","protected":false},"author":2,"featured_media":368176,"comment_status":"","ping_status":"","sticky":false,"template":"","format":"standard","meta":{"footnotes":""},"categories":[4],"tags":[11,1011,27,12,25],"class_list":{"0":"post-368175","1":"post","2":"type-post","3":"status-publish","4":"format-standard","5":"has-post-thumbnail","7":"category-france","8":"tag-actualites","9":"tag-fr","10":"tag-france","11":"tag-news","12":"tag-republique-francaise"},"share_on_mastodon":{"url":"https:\/\/pubeurope.com\/@fr\/115151776576705777","error":""},"_links":{"self":[{"href":"https:\/\/www.europesays.com\/fr\/wp-json\/wp\/v2\/posts\/368175","targetHints":{"allow":["GET"]}}],"collection":[{"href":"https:\/\/www.europesays.com\/fr\/wp-json\/wp\/v2\/posts"}],"about":[{"href":"https:\/\/www.europesays.com\/fr\/wp-json\/wp\/v2\/types\/post"}],"author":[{"embeddable":true,"href":"https:\/\/www.europesays.com\/fr\/wp-json\/wp\/v2\/users\/2"}],"replies":[{"embeddable":true,"href":"https:\/\/www.europesays.com\/fr\/wp-json\/wp\/v2\/comments?post=368175"}],"version-history":[{"count":0,"href":"https:\/\/www.europesays.com\/fr\/wp-json\/wp\/v2\/posts\/368175\/revisions"}],"wp:featuredmedia":[{"embeddable":true,"href":"https:\/\/www.europesays.com\/fr\/wp-json\/wp\/v2\/media\/368176"}],"wp:attachment":[{"href":"https:\/\/www.europesays.com\/fr\/wp-json\/wp\/v2\/media?parent=368175"}],"wp:term":[{"taxonomy":"category","embeddable":true,"href":"https:\/\/www.europesays.com\/fr\/wp-json\/wp\/v2\/categories?post=368175"},{"taxonomy":"post_tag","embeddable":true,"href":"https:\/\/www.europesays.com\/fr\/wp-json\/wp\/v2\/tags?post=368175"}],"curies":[{"name":"wp","href":"https:\/\/api.w.org\/{rel}","templated":true}]}}