{"id":368179,"date":"2025-09-05T12:53:14","date_gmt":"2025-09-05T12:53:14","guid":{"rendered":"https:\/\/www.europesays.com\/fr\/368179\/"},"modified":"2025-09-05T12:53:14","modified_gmt":"2025-09-05T12:53:14","slug":"atp-novak-djokovic-sur-kyrgios-si-nick-avait-eu-30-de-la-discipline-requise-et-il-en-a-environ-5-il-serait-facilement-dans-le-top-10","status":"publish","type":"post","link":"https:\/\/www.europesays.com\/fr\/368179\/","title":{"rendered":"ATP > Novak Djokovic sur Kyrgios : \u00ab\u00a0Si Nick avait eu 30 % de la discipline requise, et il en a environ 5 %, il serait facilement dans le Top 10\u00a0\u00bb"},"content":{"rendered":"<p>Interrog\u00e9 par les m\u00e9dias serbes pr\u00e9sents \u00e0 New\u2010York sur le cas Nick Kyrgios, Novak a eu bien s\u00fbr eu des mots \u00ab\u202fdoux\u202f\u00bb \u00e0 l\u2019\u00e9gard de celui qui est devenu un \u00ab\u202fami\u202f\u00bb apr\u00e8s avoir \u00e9t\u00e9 un ennemi. Pour Novak, la carri\u00e8re de l\u2019Australien aurait pu \u00eatre vrai\u00adment plus effi\u00adcace avec un peu plus de s\u00e9rieux.<\/p>\n<p>\u00ab\u202f<strong>Nick, malheu\u00adreu\u00adse\u00adment, n\u2019a jamais eu la disci\u00adpline n\u00e9ces\u00adsaire. S\u2019il avait eu 30\u202f% de la disci\u00adpline requise \u2013 et il en a environ 5\u202f% \u2013 il serait faci\u00adle\u00adment dans le Top 10. J\u2019adorerais qu\u2019il revienne, car il a travers\u00e9 tant de bles\u00adsures. Il repr\u00e9\u00adsente beau\u00adcoup pour notre sport. Aussi contro\u00advers\u00e9 et diff\u00e9\u00adrent soit\u2010il, les gens l\u2019adorent et \u200b\u200bil attire les foules.\u00a0J\u2019esp\u00e8re qu\u2019il pourra terminer sa carri\u00e8re sur le court. Ce serait dommage que les bles\u00adsures l\u2019emp\u00eachent de disputer au moins quelques grands tour\u00adnois suppl\u00e9mentaires\u202f\u00bb<\/strong><\/p>\n<p class=\"post-published-date\" style=\"color: silver; font-size: 75%; text-align: left;\">Publi\u00e9 le vendredi 5 septembre 2025 \u00e0 08:36<\/p>\n","protected":false},"excerpt":{"rendered":"Interrog\u00e9 par les m\u00e9dias serbes pr\u00e9sents \u00e0 New\u2010York sur le cas Nick Kyrgios, Novak a eu bien s\u00fbr&hellip;\n","protected":false},"author":2,"featured_media":368180,"comment_status":"","ping_status":"","sticky":false,"template":"","format":"standard","meta":{"footnotes":""},"categories":[1415],"tags":[105,1011,27,4874,60,1467],"class_list":{"0":"post-368179","1":"post","2":"type-post","3":"status-publish","4":"format-standard","5":"has-post-thumbnail","7":"category-tennis","8":"tag-djokovic","9":"tag-fr","10":"tag-france","11":"tag-kyrgios","12":"tag-sports","13":"tag-tennis"},"share_on_mastodon":{"url":"https:\/\/pubeurope.com\/@fr\/115151791872824405","error":""},"_links":{"self":[{"href":"https:\/\/www.europesays.com\/fr\/wp-json\/wp\/v2\/posts\/368179","targetHints":{"allow":["GET"]}}],"collection":[{"href":"https:\/\/www.europesays.com\/fr\/wp-json\/wp\/v2\/posts"}],"about":[{"href":"https:\/\/www.europesays.com\/fr\/wp-json\/wp\/v2\/types\/post"}],"author":[{"embeddable":true,"href":"https:\/\/www.europesays.com\/fr\/wp-json\/wp\/v2\/users\/2"}],"replies":[{"embeddable":true,"href":"https:\/\/www.europesays.com\/fr\/wp-json\/wp\/v2\/comments?post=368179"}],"version-history":[{"count":0,"href":"https:\/\/www.europesays.com\/fr\/wp-json\/wp\/v2\/posts\/368179\/revisions"}],"wp:featuredmedia":[{"embeddable":true,"href":"https:\/\/www.europesays.com\/fr\/wp-json\/wp\/v2\/media\/368180"}],"wp:attachment":[{"href":"https:\/\/www.europesays.com\/fr\/wp-json\/wp\/v2\/media?parent=368179"}],"wp:term":[{"taxonomy":"category","embeddable":true,"href":"https:\/\/www.europesays.com\/fr\/wp-json\/wp\/v2\/categories?post=368179"},{"taxonomy":"post_tag","embeddable":true,"href":"https:\/\/www.europesays.com\/fr\/wp-json\/wp\/v2\/tags?post=368179"}],"curies":[{"name":"wp","href":"https:\/\/api.w.org\/{rel}","templated":true}]}}