{"id":368187,"date":"2025-09-05T12:58:10","date_gmt":"2025-09-05T12:58:10","guid":{"rendered":"https:\/\/www.europesays.com\/fr\/368187\/"},"modified":"2025-09-05T12:58:10","modified_gmt":"2025-09-05T12:58:10","slug":"latletico-de-madrid-vise-un-cadre-du-psg","status":"publish","type":"post","link":"https:\/\/www.europesays.com\/fr\/368187\/","title":{"rendered":"L&rsquo;Atletico de Madrid vise un cadre du PSG !"},"content":{"rendered":"<p>Le mercato estival a ferm\u00e9 ses portes il<br \/>\ny a quelques jours. Mais rien n&#8217;emp\u00eache certains clubs de d\u00e9j\u00e0<br \/>\npr\u00e9parer les prochains. C&rsquo;est le cas de l&rsquo;Atletico de Madrid qui<br \/>\nveut encore renforcer son \u00e9quipe.<\/p>\n<p>Le club madril\u00e8ne souhaiterait s\u2019attacher les services d\u2019un<br \/>\ncadre du Paris Saint-Germain. A en croire les informations du m\u00e9dia<br \/>\nespagnol Fichajes, les Colchoneros voudraient recruter le<br \/>\nmilieu de terrain espagnol Fabian Ruiz. Diego Simeone, s\u00e9duit par<br \/>\nson activit\u00e9 d\u00e9fensive et sa justesse technique, en aurait fait une<br \/>\npriorit\u00e9 pour l\u2019\u00e9t\u00e9 prochain.<\/p>\n<blockquote class=\"twitter-tweet\"><p><a class=\"twitter-link\" rel=\"noindex, nofollow noopener\" href=\"https:\/\/twitter.com\/livesfoot\/status\/1963692781378875803\" target=\"_blank\"><\/p><\/blockquote>\n<p>Les Colchoneros misent sur sa situation contractuelle<br \/>\npour lancer une offensive. Leur plan ? Offrir \u00e0 Fabian Ruiz un<br \/>\ncontrat longue dur\u00e9e et un salaire cons\u00e9quent, tout en n\u00e9gociant un<br \/>\ntransfert \u00e0 moindre co\u00fbt avec le PSG.<\/p>\n<p>Luis Enrique adore Fabian Ruiz<\/p>\n<p>Fabian Ruiz est convoit\u00e9 par de nombreux clubs europ\u00e9ens.<br \/>\nToutefois, l\u2019Espagnol est un \u00e9l\u00e9ment cl\u00e9 du dispositif de Luis<br \/>\nEnrique. Le manager rouge et bleu adore le profil du champion<br \/>\nd\u2019Europe 2025. \u00ab\u00a0Je pense que Fabian Ruiz a montr\u00e9 ces<br \/>\ndeux derni\u00e8res ann\u00e9es \u00e0 tous les Parisiens qu\u2019il peut jouer un tr\u00e8s<br \/>\nbon football, il a encore fait un tr\u00e8s bon match, il marque un but,<br \/>\nil est proche d\u2019un doubl\u00e9, c\u2019est important pour lui et pour<br \/>\nl\u2019\u00e9quipe,\u00a0\u00bb avait-il lanc\u00e9 en conf\u00e9rence de presse.<\/p>\n<p><script async src=\"https:\/\/platform.twitter.com\/widgets.js\" charset=\"utf-8\"><\/script><\/p>\n","protected":false},"excerpt":{"rendered":"Le mercato estival a ferm\u00e9 ses portes il y a quelques jours. Mais rien n&#8217;emp\u00eache certains clubs de&hellip;\n","protected":false},"author":2,"featured_media":368188,"comment_status":"","ping_status":"","sticky":false,"template":"","format":"standard","meta":{"footnotes":""},"categories":[1410],"tags":[63,1011,27,60],"class_list":{"0":"post-368187","1":"post","2":"type-post","3":"status-publish","4":"format-standard","5":"has-post-thumbnail","7":"category-football","8":"tag-football","9":"tag-fr","10":"tag-france","11":"tag-sports"},"share_on_mastodon":{"url":"https:\/\/pubeurope.com\/@fr\/115151811972199395","error":""},"_links":{"self":[{"href":"https:\/\/www.europesays.com\/fr\/wp-json\/wp\/v2\/posts\/368187","targetHints":{"allow":["GET"]}}],"collection":[{"href":"https:\/\/www.europesays.com\/fr\/wp-json\/wp\/v2\/posts"}],"about":[{"href":"https:\/\/www.europesays.com\/fr\/wp-json\/wp\/v2\/types\/post"}],"author":[{"embeddable":true,"href":"https:\/\/www.europesays.com\/fr\/wp-json\/wp\/v2\/users\/2"}],"replies":[{"embeddable":true,"href":"https:\/\/www.europesays.com\/fr\/wp-json\/wp\/v2\/comments?post=368187"}],"version-history":[{"count":0,"href":"https:\/\/www.europesays.com\/fr\/wp-json\/wp\/v2\/posts\/368187\/revisions"}],"wp:featuredmedia":[{"embeddable":true,"href":"https:\/\/www.europesays.com\/fr\/wp-json\/wp\/v2\/media\/368188"}],"wp:attachment":[{"href":"https:\/\/www.europesays.com\/fr\/wp-json\/wp\/v2\/media?parent=368187"}],"wp:term":[{"taxonomy":"category","embeddable":true,"href":"https:\/\/www.europesays.com\/fr\/wp-json\/wp\/v2\/categories?post=368187"},{"taxonomy":"post_tag","embeddable":true,"href":"https:\/\/www.europesays.com\/fr\/wp-json\/wp\/v2\/tags?post=368187"}],"curies":[{"name":"wp","href":"https:\/\/api.w.org\/{rel}","templated":true}]}}