{"id":368189,"date":"2025-09-05T12:59:15","date_gmt":"2025-09-05T12:59:15","guid":{"rendered":"https:\/\/www.europesays.com\/fr\/368189\/"},"modified":"2025-09-05T12:59:15","modified_gmt":"2025-09-05T12:59:15","slug":"pourquoi-la-nouvelle-coiffure-de-la-princesse-de-galles-suscite-autant-de-commentaires","status":"publish","type":"post","link":"https:\/\/www.europesays.com\/fr\/368189\/","title":{"rendered":"pourquoi la nouvelle coiffure de la princesse de Galles suscite autant de commentaires"},"content":{"rendered":"<p>La presse du monde entier s&rsquo;est fait l&rsquo;\u00e9cho de la nouvelle coiffure de la princesse de Galles, qui est apparue jeudi \u00e0 Londres nimb\u00e9e d&rsquo;une longue chevelure blond fonc\u00e9.<\/p>\n<p>\u00ab\u00a0La princesse de Galles est blonde!\u00a0\u00bb, la presse du monde entier n&rsquo;avait d&rsquo;yeux, jeudi, que pour la nouvelle coiffure de Kate Middleton. La princesse de Galles est apparue au mus\u00e9e d&rsquo;Histoire naturelle de Londres, o\u00f9 elle a rencontr\u00e9 sous une pluie battante, dans les jardins r\u00e9cemment r\u00e9am\u00e9nag\u00e9s, de jeunes enfants. Il s&rsquo;agissait l\u00e0 du premier engagement officiel de Kate et William depuis les vacances d&rsquo;\u00e9t\u00e9.<\/p>\n<p>La princesse Kate arborait une chevelure \u00e9tonnamment longue et boucl\u00e9e, d&rsquo;un blond qualifi\u00e9 tant\u00f4t de \u00ab\u00a0vintage\u00a0\u00bb, tant\u00f4t de \u00ab\u00a0post-vacances\u00a0\u00bb, de \u00ab\u00a0caramel\u00a0\u00bb, de \u00ab\u00a0miel\u00a0\u00bb ou de \u00ab\u00a0dor\u00e9\u00a0\u00bb par les diff\u00e9rents m\u00e9dias qui ont relay\u00e9 l&rsquo;information.<\/p>\n<p>Fin ao\u00fbt, la princesse avait d\u00e9j\u00e0 laiss\u00e9 entrevoir cette nouvelle teinte, alors qu&rsquo;elle se rendait \u00e0 l&rsquo;\u00e9glise avec ses enfants, \u00e0 Balmoral. Une couleur qualifi\u00e9e dans le <a href=\"https:\/\/www.thetimes.com\/uk\/royal-family\/article\/princess-wales-blonde-hair-kate-hqg29fpd9\" target=\"_blank\" class=\"external_link\" rel=\"nofollow noopener\">Times<\/a> de \u00ab\u00a0bronde\u00a0\u00bb, un l\u00e9ger \u00e9claircissement de ses cheveux bruns. Kate est donc de retour de vacances avec des cheveux blondis par le soleil. Ou plus vraisemblement par son coiffeur.<\/p>\n<p>Message cach\u00e9<\/p>\n<p>Pourquoi cela suscite-t-il tant de commentaires? \u00ab\u00a0Que Kate ait quelques m\u00e8ches plus claires ne devrait pas \u00eatre un choc. Mais nos attentes envers la royaut\u00e9 moderne sont tout sauf modernes\u00a0\u00bb, analyse le Times, dans un article consacr\u00e9 \u00e0 la nouvelle blondeur de la princesse de Galles. Rappelant que la reine Elizabeth II a \u00ab\u00a0d\u00e9fini les attentes envers une femme de la royaut\u00e9 vieillissant sous le regard du public: \u00eatre toujours et imm\u00e9diatement reconnaissable par son public\u00a0\u00bb.<\/p>\n<p><img decoding=\"async\" src=\"https:\/\/www.europesays.com\/fr\/wp-content\/uploads\/2025\/06\/principale-255_2.png\"  alt=\"Kate &quot;cancer free&quot;: comment la princesse a r\u00e9volutionn\u00e9 la communication royale en une vid\u00e9o\" title=\"Kate &quot;cancer free&quot;: comment la princesse a r\u00e9volutionn\u00e9 la communication royale en une vid\u00e9o\"\/>Kate \u00ab\u00a0cancer free\u00a0\u00bb: comment la princesse a r\u00e9volutionn\u00e9 la communication royale en une vid\u00e9o<\/p>\n<p>La reine n&rsquo;h\u00e9sitait pas \u00e0 afficher les couleurs les plus audacieuses mais elle n&rsquo;a quasiment jamais chang\u00e9 de coiffure en 70 ans de r\u00e8gne. Camilla, suivant son exemple, n&rsquo;a pas chang\u00e9 de coiffure depuis les ann\u00e9es 1970, se dirigeant seulement avec l&rsquo;\u00e2ge vers un blond plus blanc.<\/p>\n<p>Et puis, rappelle encore le Times, chaque tenue de Kate, est minutieusement analys\u00e9. \u00ab\u00a0Elle fait la une des journaux lorsqu&rsquo;elle porte un pantalon\u00a0\u00bb, rappelle le Times. Chaque bijou qu&rsquo;elle arbore, est scrut\u00e9 dans l&rsquo;espoir d&rsquo;y trouver un message cach\u00e9. <a href=\"https:\/\/www.bfmtv.com\/people\/mode\/le-look-a-copier-de-la-semaine-la-blouse-violette-de-kate-middleton_AV-201904210046.html\" title=\"Le look \u00e0 copier de la semaine: la blouse violette de Kate Middleton\" class=\"internal_link\" rel=\"nofollow noopener\" target=\"_blank\">Combien co\u00fbte cette robe<\/a>? Ces boucles d&rsquo;oreilles sont-elles un <a href=\"https:\/\/www.bfmtv.com\/people\/tetes-couronnees\/meghan-markle-son-emouvant-hommage-a-la-princesse-diana_AN-201810160101.html\" title=\"Meghan Markle: son \u00e9mouvant hommage \u00e0 la princesse Diana\" class=\"internal_link\" rel=\"nofollow noopener\" target=\"_blank\">hommage \u00e0 Diana<\/a>? La princesse a-t-elle d\u00e9j\u00e0 port\u00e9 cette tenue dans d&rsquo;autres circonstances?<\/p>\n<p>\u00ab\u00a0Une perruque\u00a0\u00bb<\/p>\n<p>Mais au-del\u00e0 de ces consid\u00e9rations stylistiques &#8211; la princesse de Galles va-t-elle lancer une tendance? &#8211; la chevelure de Kate soul\u00e8ve d&rsquo;autres questions. En t\u00e9moignent les commentaires sur les r\u00e9seaux sociaux de ceux qui s&rsquo;interrogent sur l&rsquo;authenticit\u00e9 de ses cheveux.<\/p>\n<p>Certains sur X, estiment ainsi qu&rsquo;il s&rsquo;agit d&rsquo;une perruque, renvoyant aux <a href=\"https:\/\/www.bfmtv.com\/people\/tetes-couronnees\/sante-de-kate-pourquoi-la-presse-britannique-est-si-respectueuse-du-silence-de-la-famille-royale_AV-202403020051.html\" title=\"Sant\u00e9 de Kate: pourquoi la presse britannique est si respectueuse du silence de la famille royale\" class=\"internal_link\" rel=\"nofollow noopener\" target=\"_blank\">sp\u00e9culations<\/a>, l&rsquo;ann\u00e9e derni\u00e8re, sur son \u00e9tat de sant\u00e9. <a href=\"https:\/\/www.bfmtv.com\/people\/tetes-couronnees\/kate-middleton-atteinte-d-un-cancer-vague-d-emotion-et-de-soutien-apres-l-annonce-de-la-princesse_AD-202403220787.html\" title=\"Kate Middleton atteinte d&#039;un cancer: vague d&#039;\u00e9motion et de soutien apr\u00e8s l&#039;annonce de la princesse\" class=\"internal_link\" rel=\"nofollow noopener\" target=\"_blank\">Atteinte d&rsquo;un cancer<\/a> qu&rsquo;elle a annonc\u00e9 tardivement au public, la princesse a suivi une chimioth\u00e9rapie. Elle a beau avoir annonc\u00e9 en septembre 2024 avoir <a href=\"https:\/\/www.bfmtv.com\/people\/tetes-couronnees\/kate-middleton-premiere-apparition-depuis-l-annonce-de-la-fin-de-sa-chimiotherapie_AN-202409230261.html\" title=\"Kate Middleton fait sa premi\u00e8re apparition depuis l&#039;annonce de la fin de sa chimioth\u00e9rapie\" class=\"internal_link\" rel=\"nofollow noopener\" target=\"_blank\">termin\u00e9 son traitement<\/a> et \u00eatre d\u00e9sormais <a href=\"https:\/\/www.bfmtv.com\/people\/tetes-couronnees\/kate-middleton-de-retour-dans-l-hopital-ou-elle-a-ete-traitee-contre-le-cancer-pour-remercier-les-soignants_AN-202501140591.html\" title=\"Kate Middleton: la princesse se dit &quot;soulag\u00e9e d&#039;\u00eatre en r\u00e9mission&quot; de son cancer\" class=\"internal_link\" rel=\"nofollow noopener\" target=\"_blank\">en r\u00e9mission<\/a>, son apparence est aujourd&rsquo;hui souvent comment\u00e9e sous le prisme de sa sant\u00e9.<\/p>\n<p><img decoding=\"async\" loading=\"lazy\" width=\"1400\" height=\"1400\" src=\"https:\/\/www.europesays.com\/fr\/wp-content\/uploads\/2025\/09\/La-princesse-Kate-Middleton-1893805.jpg\"  alt=\"La princesse Kate Middleton\" title=\"La princesse Kate Middleton\"\/>La princesse Kate Middleton \u00a9 AFP<\/p>\n<p>Si certains commentateurs sont anim\u00e9s d&rsquo;une inqui\u00e9tude authentique, d&rsquo;autres sont moins bienveillants. Car les couacs de communication au d\u00e9but de la maladie de la princesse, et l&rsquo;\u00e9poque o\u00f9 l&rsquo;on se demandait <a href=\"https:\/\/www.bfmtv.com\/podcasts\/le-podcast-royal\/ou-est-passee-kate-middleton-comment-le-silence-de-kensington-alimente-les-rumeurs_EN-202403090042.html\" title=\"O\u00f9 est pass\u00e9e Kate Middleton? Comment le silence de Kensington alimente les rumeurs\" class=\"internal_link\" rel=\"nofollow noopener\" target=\"_blank\">o\u00f9 elle \u00e9tait pass\u00e9e<\/a> ont laiss\u00e9 des traces, en tout cas sur les r\u00e9seaux sociaux, alimentant durablement <a href=\"https:\/\/www.bfmtv.com\/people\/tetes-couronnees\/ce-n-est-pas-kate-pourquoi-plus-rien-n-arrete-les-theories-complotistes-sur-la-princesse-de-galles_AV-202403200047.html\" title=\"&quot;Ce n&#039;est pas Kate&quot;: pourquoi plus rien n&#039;arr\u00eate les th\u00e9ories complotistes sur la princesse de Galles\" class=\"internal_link\" rel=\"nofollow noopener\" target=\"_blank\">une d\u00e9fiance<\/a> chez certains internautes friands de th\u00e9ories complotistes. Les insinuations sur la coiffure de la princesse rel\u00e8vent de ces th\u00e9ories qui voudraient que l&rsquo;on nous mente.<\/p>\n<p>Pour preuve, la calvitie ou la <a href=\"https:\/\/www.bfmtv.com\/people\/tetes-couronnees\/la-nouvelle-barbe-du-prince-william-fait-la-une-de-la-presse-britannique_AD-202409060433.html\" title=\"La nouvelle barbe du prince William fait la une de la presse britannique\" class=\"internal_link\" rel=\"nofollow noopener\" target=\"_blank\">nouvelle barbe<\/a> du prince William, elles aussi abondamment comment\u00e9es sur les r\u00e9seaux sociaux et a fait la une des medias britanniques, mais n&rsquo;ont pas aliment\u00e9 de tels sous-entendus, juste des louanges ou des moqueries.<\/p>\n<p><img loading=\"lazy\" decoding=\"async\" width=\"75\" height=\"75\" src=\"https:\/\/www.europesays.com\/fr\/wp-content\/uploads\/2025\/06\/rangin-magali-9_1.jpg\" class=\"author_pic\" alt=\"Magali Rangin\" title=\"Magali Rangin\"\/><\/p>\n","protected":false},"excerpt":{"rendered":"La presse du monde entier s&rsquo;est fait l&rsquo;\u00e9cho de la nouvelle coiffure de la princesse de Galles, qui&hellip;\n","protected":false},"author":2,"featured_media":368190,"comment_status":"","ping_status":"","sticky":false,"template":"","format":"standard","meta":{"footnotes":""},"categories":[1359],"tags":[58,59,1011,27,973],"class_list":{"0":"post-368189","1":"post","2":"type-post","3":"status-publish","4":"format-standard","5":"has-post-thumbnail","7":"category-people","8":"tag-divertissement","9":"tag-entertainment","10":"tag-fr","11":"tag-france","12":"tag-people"},"share_on_mastodon":{"url":"https:\/\/pubeurope.com\/@fr\/115151815619438493","error":""},"_links":{"self":[{"href":"https:\/\/www.europesays.com\/fr\/wp-json\/wp\/v2\/posts\/368189","targetHints":{"allow":["GET"]}}],"collection":[{"href":"https:\/\/www.europesays.com\/fr\/wp-json\/wp\/v2\/posts"}],"about":[{"href":"https:\/\/www.europesays.com\/fr\/wp-json\/wp\/v2\/types\/post"}],"author":[{"embeddable":true,"href":"https:\/\/www.europesays.com\/fr\/wp-json\/wp\/v2\/users\/2"}],"replies":[{"embeddable":true,"href":"https:\/\/www.europesays.com\/fr\/wp-json\/wp\/v2\/comments?post=368189"}],"version-history":[{"count":0,"href":"https:\/\/www.europesays.com\/fr\/wp-json\/wp\/v2\/posts\/368189\/revisions"}],"wp:featuredmedia":[{"embeddable":true,"href":"https:\/\/www.europesays.com\/fr\/wp-json\/wp\/v2\/media\/368190"}],"wp:attachment":[{"href":"https:\/\/www.europesays.com\/fr\/wp-json\/wp\/v2\/media?parent=368189"}],"wp:term":[{"taxonomy":"category","embeddable":true,"href":"https:\/\/www.europesays.com\/fr\/wp-json\/wp\/v2\/categories?post=368189"},{"taxonomy":"post_tag","embeddable":true,"href":"https:\/\/www.europesays.com\/fr\/wp-json\/wp\/v2\/tags?post=368189"}],"curies":[{"name":"wp","href":"https:\/\/api.w.org\/{rel}","templated":true}]}}