{"id":368193,"date":"2025-09-05T13:01:15","date_gmt":"2025-09-05T13:01:15","guid":{"rendered":"https:\/\/www.europesays.com\/fr\/368193\/"},"modified":"2025-09-05T13:01:15","modified_gmt":"2025-09-05T13:01:15","slug":"lavertissement-de-lassassin-premier-roman-de-malachy-fivey","status":"publish","type":"post","link":"https:\/\/www.europesays.com\/fr\/368193\/","title":{"rendered":"\u00ab\u00a0L\u2019Avertissement de l\u2019assassin\u00a0\u00bb, premier roman de Malachy Fivey"},"content":{"rendered":"<p>N\u00e9 en Irlande du Nord en 1967, sixi\u00e8me\u00a0d\u2019une fratrie de neuf\u00a0enfants, l\u2019auteur a\u00a0grandi en\u00a0p\u00e9riode troubl\u00e9e, o\u00f9 le fait d\u2019appartenir \u00e0 une famille catholique\u00a0entra\u00eenait des discriminations en termes\u00a0de logement, d\u2019emploi, de vie civique et de statut social. Malachy\u00a0&#8211; un\u00a0pr\u00e9nom de saint &#8211;\u00a0annon\u00e7ait aussi imm\u00e9diatement son origine, avec\u00a0un jugement \u00e0 la cl\u00e9. Cette exp\u00e9rience pr\u00e9coce d\u2019\u00eatre cat\u00e9goris\u00e9 a fa\u00e7onn\u00e9 son sens de l\u2019injustice et a nourri son empathie pour les personnes\u00a0stigmatis\u00e9es, que ce soit par leur\u00a0nom, la couleur de leur peau ou\u00a0leur foi.<\/p>\n<p>Ce Saint-Martinois a enseign\u00e9 la philosophie, la th\u00e9ologie et le th\u00e9\u00e2tre durant plus de vingt ans\u00a0au Royaume\u2011Uni, puis au Moyen et\u00a0en Extr\u00eame\u2011Orient. Il a aussi v\u00e9cu deux\u00a0ans aux \u00c9tats\u2011Unis, o\u00f9 il \u0153uvra pour une association d\u2019aide aux sans-abri. Son parcours acad\u00e9mique impressionne\u00a0: apr\u00e8s un cursus en\u00a0philosophie, il obtient un Master en politique internationale \u00e0 l\u2019universit\u00e9 d\u2019Aberystwyth, au Pays de Galles, puis compl\u00e8te ses \u00e9tudes \u00e0 Salamanque\u00a0en Espagne.<\/p>\n<p>\u00ab\u00a0Mon roman s\u2019appuie sur une histoire v\u00e9rifiable\u00a0\u00bb<\/p>\n<p>\u00ab\u00a0Mon\u00a0roman s\u2019appuie sur une histoire v\u00e9rifiable qui m\u2019a demand\u00e9 six\u00a0ann\u00e9es d\u2019\u00e9criture, avec une\u00a0majeure partie du temps\u00a0consacr\u00e9e \u00e0 la recherche des personnes, des lieux et des chronologies qui structurent mon\u00a0r\u00e9cit. J\u2019ai \u00e9prouv\u00e9\u00a0chaque sc\u00e8ne \u00e0 l\u2019aune des sources historiques et en lien avec\u00a0deux\u00a0historiens allemands de premier plan.<\/p>\n<p>Herschel Grynszpan, 17\u00a0ans, est au c\u0153ur de mon ouvrage. Il a tir\u00e9 sur le diplomate allemand Ernst vom Rath \u00e0 Paris le 7\u00a0novembre 1938, un acte dont le r\u00e9gime nazi s\u2019est empar\u00e9 pour servir de pr\u00e9texte \u00e0 la Nuit de Cristal. Le roman suit\u00a0la tentative du r\u00e9gime d\u2019organiser un proc\u00e8s\u2011spectacle de propagande et dramatise le refus de Grynszpan d\u2019\u00eatre instrumentalis\u00e9 contre les siens. Cet\u00a0acte d\u00e9sesp\u00e9r\u00e9 d\u2019un jeune immigrant juif \u00e0 Paris d\u00e9clenche une temp\u00eate qui va balayer l\u2019Europe. La lutte de Herschel Grynszpan pour la libert\u00e9 et l\u2019identit\u00e9 se d\u00e9ploie alors que l\u2019\u00e9tau de l\u2019oppression nazie se resserre, le contraignant \u00e0 affronter\u00a0dangers croissants et choix impossibles. En captivit\u00e9, Herschel doit d\u00e9cider s\u2019il reste fid\u00e8le \u00e0 ses convictions ou s\u2019il se laisse utiliser comme outil de propagande. Son parcours est celui de la r\u00e9silience, du sacrifice et de la qu\u00eate obstin\u00e9e de l\u2019espoir au c\u0153ur des t\u00e9n\u00e8bres.\u00a0\u00bb<\/p>\n<p>Lavender, un deuxi\u00e8me roman, est d\u00e9j\u00e0 en cours. Il racontera trois destin\u00e9es irlandaises entrem\u00eal\u00e9es\u2026<\/p>\n<p>\u00ab\u00a0L\u2019Avertissement de l\u2019assassin\u00a0\u00bb, de Malachy Fivey, 552 pages, disponible en fran\u00e7ais et en anglais en librairie et sur Amazon.<\/p>\n","protected":false},"excerpt":{"rendered":"N\u00e9 en Irlande du Nord en 1967, sixi\u00e8me\u00a0d\u2019une fratrie de neuf\u00a0enfants, l\u2019auteur a\u00a0grandi en\u00a0p\u00e9riode troubl\u00e9e, o\u00f9 le fait&hellip;\n","protected":false},"author":2,"featured_media":368194,"comment_status":"","ping_status":"","sticky":false,"template":"","format":"standard","meta":{"footnotes":""},"categories":[1357],"tags":[1379,9332,1674,58,59,1011,27,1380,50274,1584],"class_list":{"0":"post-368193","1":"post","2":"type-post","3":"status-publish","4":"format-standard","5":"has-post-thumbnail","7":"category-livres","8":"tag-books","9":"tag-centrepresse","10":"tag-communes","11":"tag-divertissement","12":"tag-entertainment","13":"tag-fr","14":"tag-france","15":"tag-livres","16":"tag-saint-martin-lars","17":"tag-vienne"},"share_on_mastodon":{"url":"https:\/\/pubeurope.com\/@fr\/115151823409838501","error":""},"_links":{"self":[{"href":"https:\/\/www.europesays.com\/fr\/wp-json\/wp\/v2\/posts\/368193","targetHints":{"allow":["GET"]}}],"collection":[{"href":"https:\/\/www.europesays.com\/fr\/wp-json\/wp\/v2\/posts"}],"about":[{"href":"https:\/\/www.europesays.com\/fr\/wp-json\/wp\/v2\/types\/post"}],"author":[{"embeddable":true,"href":"https:\/\/www.europesays.com\/fr\/wp-json\/wp\/v2\/users\/2"}],"replies":[{"embeddable":true,"href":"https:\/\/www.europesays.com\/fr\/wp-json\/wp\/v2\/comments?post=368193"}],"version-history":[{"count":0,"href":"https:\/\/www.europesays.com\/fr\/wp-json\/wp\/v2\/posts\/368193\/revisions"}],"wp:featuredmedia":[{"embeddable":true,"href":"https:\/\/www.europesays.com\/fr\/wp-json\/wp\/v2\/media\/368194"}],"wp:attachment":[{"href":"https:\/\/www.europesays.com\/fr\/wp-json\/wp\/v2\/media?parent=368193"}],"wp:term":[{"taxonomy":"category","embeddable":true,"href":"https:\/\/www.europesays.com\/fr\/wp-json\/wp\/v2\/categories?post=368193"},{"taxonomy":"post_tag","embeddable":true,"href":"https:\/\/www.europesays.com\/fr\/wp-json\/wp\/v2\/tags?post=368193"}],"curies":[{"name":"wp","href":"https:\/\/api.w.org\/{rel}","templated":true}]}}