{"id":368197,"date":"2025-09-05T13:03:10","date_gmt":"2025-09-05T13:03:10","guid":{"rendered":"https:\/\/www.europesays.com\/fr\/368197\/"},"modified":"2025-09-05T13:03:10","modified_gmt":"2025-09-05T13:03:10","slug":"50-cent-aux-commandes-dune-emission-de-true-crime-lena-dunham-sortira-ses-memoires-en-2026","status":"publish","type":"post","link":"https:\/\/www.europesays.com\/fr\/368197\/","title":{"rendered":"50 Cent aux commandes d\u2019une \u00e9mission de True Crime\u2026 Lena Dunham sortira ses m\u00e9moires en\u00a02026\u2026"},"content":{"rendered":"<p>5\u00a0septembre 2025<\/p>\n<p>Young Thug pr\u00e9sente ses excuses \u00e0 GloRilla pour lui avoir dit qu\u2019elle \u00e9tait \u00ab\u00a0moche\u00a0\u00bb<\/p>\n<p>Le rappeur \u00e9tait en appel avec sa petite amie Mariah The Scientist quand il s\u2019est quelque peu \u00ab\u00a0l\u00e2ch\u00e9\u00a0\u00bb sur <a href=\"https:\/\/www.20minutes.fr\/people\/4026937-20230308-rappeuse-glorilla-devastee-mort-deux-personnes-concert\" rel=\"nofollow noopener\" target=\"_blank\" class=\"c-link c-link--is-underlined\">GloRilla<\/a>, comme ont pu le constater les internautes \u00e0 la suite de la publication de la conversation. \u00ab\u00a0Cette sal*pe est moche comme tout\u00a0\u00bb, avait-il d\u00e9clar\u00e9, selon <a href=\"https:\/\/www.billboard.com\/music\/rb-hip-hop\/young-thug-apology-glorilla-jail-call-1236059365\/\" rel=\"nofollow noopener\" target=\"_blank\" class=\"c-link c-link--is-underlined\">Billboard<\/a>. \u00ab\u00a0Une longue perruque de merde, maigre comme un clou, une t\u00eate \u00e9norme, une grande gueule. Je ne la draguerais pas, pour rien au monde. Cette merde n\u2019est rien.\u00a0\u00bb<\/p>\n<p>Un post publi\u00e9 par la rappeuse a sembl\u00e9 \u00eatre une <a href=\"https:\/\/x.com\/GloTheofficial\/status\/1963676087608889715\" rel=\"nofollow\" target=\"_blank\" class=\"c-link c-link--is-underlined\">r\u00e9ponse<\/a> pour les fans\u00a0: \u00ab\u00a0Remarque, c\u2019est le m\u00eame mec qui me harc\u00e8le au t\u00e9l\u00e9phone pour me demander de quelle couleur sont mes yeux, lol\u00a0\u00bb. Et ce sont des excuses en bonne et due forme que Young Thug, qui \u00e9tait <a href=\"https:\/\/www.20minutes.fr\/arts-stars\/people\/4064222-20231127-juge-crime-organise-celebre-rappeur-young-thug-tout-avoue-chansons\" rel=\"nofollow noopener\" target=\"_blank\" class=\"c-link c-link--is-underlined\">incarc\u00e9r\u00e9<\/a> de mai\u00a02022 \u00e0 octobre\u00a02024, a <a href=\"https:\/\/x.com\/youngthug\/status\/1963695415674712360\" rel=\"nofollow\" target=\"_blank\" class=\"c-link c-link--is-underlined\">pr\u00e9sent\u00e9es<\/a> sur X. \u00ab\u00a0Tout d\u2019abord, je te pr\u00e9sente mes excuses pour mes propos, et honn\u00eatement, je ne te trouve pas du tout laide. Je parlais depuis la prison, je traversais juste une p\u00e9riode difficile. Je n\u2019aime pas d\u00e9nigrer les filles et je ne l\u2019ai presque jamais fait. Je suis d\u00e9sol\u00e9, ma jumelle\u00a0\u00bb, a-t-il \u00e9crit.<\/p>\n<p>50 Cent va pr\u00e9senter une \u00e9mission de True Crime<\/p>\n<p>Lena Dunham sortira ses m\u00e9moires en\u00a02026<\/p>\n<p>L\u2019actrice et cin\u00e9aste a annonc\u00e9 hier avoir fini l\u2019\u00e9criture de Famesick, son autobiographie dont la parution est pr\u00e9vue le 14\u00a0avril 2026. Commenc\u00e9 seulement 30 jours apr\u00e8s sa sortie de cure de d\u00e9sintoxication aux benzodiaz\u00e9pines en\u00a02018, l\u2019artiste y relate son parcours avec <a href=\"https:\/\/www.20minutes.fr\/arts-stars\/people\/3224435-20220129-lena-dunham-detaille-comment-plonge-addiction-anxiolytiques\" rel=\"nofollow noopener\" target=\"_blank\" class=\"c-link c-link--is-underlined\">l\u2019addiction<\/a>.<\/p>\n<p>\u00ab\u00a0Il m\u2019a fallu beaucoup de temps pour obtenir le recul n\u00e9cessaire afin de raconter cette histoire avec honn\u00eatet\u00e9, humilit\u00e9 et une bonne dose d\u2019humour\u00a0\u00bb, a <a href=\"https:\/\/people.com\/lena-dunham-memoir-famesick-11803438\" rel=\"nofollow noopener\" target=\"_blank\" class=\"c-link c-link--is-underlined\">expos\u00e9<\/a> dans People celle qui aura finalement mis sept ans pour finir l\u2019ouvrage. Famesick se concentre sur l\u2019\u00e9poque du succ\u00e8s de sa <a href=\"https:\/\/www.20minutes.fr\/arts-stars\/people\/4162861-20250709-lena-dunham-felicite-etre-restee-loin-cameras-depuis-girls-car-accepte-enfin-corps\" rel=\"nofollow noopener\" target=\"_blank\" class=\"c-link c-link--is-underlined\">s\u00e9rie Girls<\/a> et traite de <a href=\"https:\/\/www.20minutes.fr\/sante\/4138256-20250211-endometriose-adresse-experimentation-gratuite-premiers-tests-salivaires\" rel=\"nofollow noopener\" target=\"_blank\" class=\"c-link c-link--is-underlined\">l\u2019endom\u00e9triose<\/a> s\u00e9v\u00e8re qui l\u2019a pouss\u00e9e \u00e0 subir une hyst\u00e9rectomie en\u00a02018.<\/p>\n","protected":false},"excerpt":{"rendered":"5\u00a0septembre 2025 Young Thug pr\u00e9sente ses excuses \u00e0 GloRilla pour lui avoir dit qu\u2019elle \u00e9tait \u00ab\u00a0moche\u00a0\u00bb Le rappeur&hellip;\n","protected":false},"author":2,"featured_media":368198,"comment_status":"","ping_status":"","sticky":false,"template":"","format":"standard","meta":{"footnotes":""},"categories":[1355],"tags":[45158,58,59,2702,1011,27,50275,1361,873,973,133],"class_list":{"0":"post-368197","1":"post","2":"type-post","3":"status-publish","4":"format-standard","5":"has-post-thumbnail","7":"category-musique","8":"tag-50-cent","9":"tag-divertissement","10":"tag-entertainment","11":"tag-fil-des-stars","12":"tag-fr","13":"tag-france","14":"tag-lena-dunham","15":"tag-music","16":"tag-musique","17":"tag-people","18":"tag-video"},"share_on_mastodon":{"url":"https:\/\/pubeurope.com\/@fr\/115151831465691497","error":""},"_links":{"self":[{"href":"https:\/\/www.europesays.com\/fr\/wp-json\/wp\/v2\/posts\/368197","targetHints":{"allow":["GET"]}}],"collection":[{"href":"https:\/\/www.europesays.com\/fr\/wp-json\/wp\/v2\/posts"}],"about":[{"href":"https:\/\/www.europesays.com\/fr\/wp-json\/wp\/v2\/types\/post"}],"author":[{"embeddable":true,"href":"https:\/\/www.europesays.com\/fr\/wp-json\/wp\/v2\/users\/2"}],"replies":[{"embeddable":true,"href":"https:\/\/www.europesays.com\/fr\/wp-json\/wp\/v2\/comments?post=368197"}],"version-history":[{"count":0,"href":"https:\/\/www.europesays.com\/fr\/wp-json\/wp\/v2\/posts\/368197\/revisions"}],"wp:featuredmedia":[{"embeddable":true,"href":"https:\/\/www.europesays.com\/fr\/wp-json\/wp\/v2\/media\/368198"}],"wp:attachment":[{"href":"https:\/\/www.europesays.com\/fr\/wp-json\/wp\/v2\/media?parent=368197"}],"wp:term":[{"taxonomy":"category","embeddable":true,"href":"https:\/\/www.europesays.com\/fr\/wp-json\/wp\/v2\/categories?post=368197"},{"taxonomy":"post_tag","embeddable":true,"href":"https:\/\/www.europesays.com\/fr\/wp-json\/wp\/v2\/tags?post=368197"}],"curies":[{"name":"wp","href":"https:\/\/api.w.org\/{rel}","templated":true}]}}