{"id":368209,"date":"2025-09-05T13:09:13","date_gmt":"2025-09-05T13:09:13","guid":{"rendered":"https:\/\/www.europesays.com\/fr\/368209\/"},"modified":"2025-09-05T13:09:13","modified_gmt":"2025-09-05T13:09:13","slug":"seoul-denonce-larrestation-de-plusieurs-sud-coreens-dans-une-usine-des-etats-unis-par-les-services-de-limmigration","status":"publish","type":"post","link":"https:\/\/www.europesays.com\/fr\/368209\/","title":{"rendered":"S\u00e9oul d\u00e9nonce l\u2019arrestation de plusieurs Sud-Cor\u00e9ens dans une usine des Etats-Unis par les services de l\u2019immigration"},"content":{"rendered":"<p>                          <img loading=\"lazy\" decoding=\"async\" src=\"https:\/\/www.europesays.com\/fr\/wp-content\/uploads\/2025\/09\/044eb5c_ftp-import-images-1-xskkxlzyodpy-2ee0e8fda0f643ad815de7ea623b3304-0-22f863e3fe14463e9ffba5cc.jpeg\" alt=\"L\u2019usine Hyundai Motor Group Metaplant America \u00e0 Ellabell (Etat de G\u00e9orgie), le 26\u00a0mars 2025.\"   width=\"664\" height=\"443\"\/>    L\u2019usine Hyundai Motor Group Metaplant America \u00e0 Ellabell (Etat de G\u00e9orgie), le 26\u00a0mars 2025.  MIKE STEWART\/AP                          <\/p>\n<p class=\"article__paragraph  \">Plusieurs Sud-Cor\u00e9ens ont \u00e9t\u00e9 arr\u00eat\u00e9s par les autorit\u00e9s am\u00e9ricaines de l\u2019immigration pendant une op\u00e9ration men\u00e9e dans une usine de batteries en construction aux Etats-Unis, a affirm\u00e9, vendredi 5\u00a0septembre, le minist\u00e8re des affaires \u00e9trang\u00e8res sud-cor\u00e9en. Les services am\u00e9ricains de l\u2019immigration et des douanes (ICE) ont effectu\u00e9 une descente jeudi sur le \u00ab\u00a0site d\u2019une usine de batteries d\u2019une entreprise [sud-cor\u00e9enne] en G\u00e9orgie, arr\u00eatant plusieurs ressortissants sud-cor\u00e9ens\u00a0\u00bb, a pr\u00e9cis\u00e9 \u00e0 la presse le porte-parole du minist\u00e8re, Lee Jae-woong, sans en pr\u00e9ciser le nombre. \u00ab\u00a0Plusieurs (\u2026) ont \u00e9t\u00e9 plac\u00e9s en d\u00e9tention\u00a0\u00bb, a-t-il ajout\u00e9.<\/p>\n<p class=\"article__paragraph  \">Une source proche du dossier a fait savoir \u00e0 l\u2019Agence France-Presse (AFP) qu\u2019\u00ab\u00a0environ 300 Sud-Cor\u00e9ens\u00a0\u00bb avaient \u00e9t\u00e9 arr\u00eat\u00e9s lors d\u2019un raid de l\u2019ICE dans une usine de batteries pour v\u00e9hicules \u00e9lectriques des importants groupes sud-cor\u00e9ens Hyundai (automobile) et LG (technologie). Jusqu\u2019\u00e0 450\u00a0personnes ont \u00e9t\u00e9 arr\u00eat\u00e9es au total, selon l\u2019agence de presse sud-cor\u00e9enne Yonhap.<\/p>\n<p class=\"article__paragraph  \">Les autorit\u00e9s am\u00e9ricaines ont affirm\u00e9 que cette op\u00e9ration s\u2019inscrivait dans le cadre d\u2019une enqu\u00eate concernant des personnes sans papiers. \u00ab\u00a0Les activit\u00e9s \u00e9conomiques de nos investisseurs et les droits et int\u00e9r\u00eats l\u00e9gitimes de nos ressortissants ne doivent pas \u00eatre injustement l\u00e9s\u00e9s dans le cadre de l\u2019application de la loi am\u00e9ricaine\u00a0\u00bb, a ajout\u00e9 le porte-parole du minist\u00e8re des affaires \u00e9trang\u00e8res sud-cor\u00e9en.<\/p>\n<p>                                       Lire aussi |  Article r\u00e9serv\u00e9 \u00e0 nos abonn\u00e9s  <a href=\"https:\/\/www.lemonde.fr\/international\/article\/2025\/06\/06\/avec-lee-jae-myung-la-coree-du-sud-veut-renouer-avec-une-diplomatie-d-equilibre-entre-les-puissances_6610794_3210.html\" class=\"js-article-read-also catcher--favoris__link\" data-premium=\"1\" id=\"article-title-3425751\" rel=\"nofollow noopener\" target=\"_blank\">Avec Lee Jae-myung, la Cor\u00e9e du Sud veut renouer avec une diplomatie d\u2019\u00e9quilibre entre les puissances<\/a>    <\/p>\n<p>   Lire plus tard  <\/p>\n<p>                          \u00ab\u00a0Inqui\u00e9tude\u00a0\u00bb des autorit\u00e9s sud-cor\u00e9ennes                    <\/p>\n<p class=\"article__paragraph  \">S\u00e9oul a dit avoir envoy\u00e9 du personnel diplomatique sur place. Les autorit\u00e9s sud-cor\u00e9ennes ont \u00e9galement fait part \u00e0 l\u2019ambassade am\u00e9ricaine \u00e0 S\u00e9oul \u00ab\u00a0de [leur] inqui\u00e9tude et de [leurs] regrets\u00a0\u00bb concernant cette situation.<\/p>\n<p class=\"article__paragraph  \">Hyundai Motor Group a dit \u00e0 l\u2019AFP n\u2019avoir aucun commentaire \u00e0 faire au sujet de cette op\u00e9ration. LG Energy Solution a d\u00e9clar\u00e9, de son c\u00f4t\u00e9, suivre \u00ab\u00a0de pr\u00e8s la situation et recueill[ir] toutes les informations pertinentes\u00a0\u00bb. \u00ab\u00a0Notre priorit\u00e9 absolue est toujours d\u2019assurer la s\u00e9curit\u00e9 et le bien-\u00eatre de nos employ\u00e9s et de nos partenaires. Nous coop\u00e9rerons pleinement avec les autorit\u00e9s comp\u00e9tentes\u00a0\u00bb, a soulign\u00e9 LG.<\/p>\n<p class=\"article__paragraph  \">La Cor\u00e9e du Sud, quatri\u00e8me \u00e9conomie d\u2019Asie, est un important constructeur automobile et producteur d\u2019\u00e9lectronique, qui poss\u00e8de plusieurs usines aux Etats-Unis. En juillet, S\u00e9oul s\u2019\u00e9tait engag\u00e9 \u00e0 investir 350\u00a0milliards de dollars (environ 300\u00a0milliards d\u2019euros) aux Etats-Unis afin d\u2019apaiser les menaces relatives aux droits de douane brandies par pr\u00e9sident am\u00e9ricain, Donald Trump. Les entreprises sud-cor\u00e9ennes ont investi des milliards de dollars dans la construction d\u2019usines aux Etats-Unis, dans le dessein d\u2019acc\u00e9der au march\u00e9 am\u00e9ricain et d\u2019\u00e9viter les droits de douane.<\/p>\n<p>                                       Lire aussi |  Article r\u00e9serv\u00e9 \u00e0 nos abonn\u00e9s  <a href=\"https:\/\/www.lemonde.fr\/international\/article\/2025\/03\/05\/en-asie-du-nord-est-les-allies-des-etats-unis-sur-le-qui-vive_6576565_3210.html\" class=\"js-article-read-also catcher--favoris__link\" data-premium=\"1\" id=\"article-title-3412459\" rel=\"nofollow noopener\" target=\"_blank\">En Asie du Nord-Est, les alli\u00e9s des Etats-Unis sur le qui-vive<\/a>    <\/p>\n<p>   Lire plus tard  <\/p>\n<p class=\"author__detail\">  Le Monde avec AFP  <\/p>\n","protected":false},"excerpt":{"rendered":"L\u2019usine Hyundai Motor Group Metaplant America \u00e0 Ellabell (Etat de G\u00e9orgie), le 26\u00a0mars 2025. MIKE STEWART\/AP Plusieurs Sud-Cor\u00e9ens&hellip;\n","protected":false},"author":2,"featured_media":368210,"comment_status":"","ping_status":"","sticky":false,"template":"","format":"standard","meta":{"footnotes":""},"categories":[6],"tags":[35,33,34,1011,27],"class_list":{"0":"post-368209","1":"post","2":"type-post","3":"status-publish","4":"format-standard","5":"has-post-thumbnail","7":"category-economie","8":"tag-business","9":"tag-economie","10":"tag-economy","11":"tag-fr","12":"tag-france"},"share_on_mastodon":{"url":"https:\/\/pubeurope.com\/@fr\/115151855001745919","error":""},"_links":{"self":[{"href":"https:\/\/www.europesays.com\/fr\/wp-json\/wp\/v2\/posts\/368209","targetHints":{"allow":["GET"]}}],"collection":[{"href":"https:\/\/www.europesays.com\/fr\/wp-json\/wp\/v2\/posts"}],"about":[{"href":"https:\/\/www.europesays.com\/fr\/wp-json\/wp\/v2\/types\/post"}],"author":[{"embeddable":true,"href":"https:\/\/www.europesays.com\/fr\/wp-json\/wp\/v2\/users\/2"}],"replies":[{"embeddable":true,"href":"https:\/\/www.europesays.com\/fr\/wp-json\/wp\/v2\/comments?post=368209"}],"version-history":[{"count":0,"href":"https:\/\/www.europesays.com\/fr\/wp-json\/wp\/v2\/posts\/368209\/revisions"}],"wp:featuredmedia":[{"embeddable":true,"href":"https:\/\/www.europesays.com\/fr\/wp-json\/wp\/v2\/media\/368210"}],"wp:attachment":[{"href":"https:\/\/www.europesays.com\/fr\/wp-json\/wp\/v2\/media?parent=368209"}],"wp:term":[{"taxonomy":"category","embeddable":true,"href":"https:\/\/www.europesays.com\/fr\/wp-json\/wp\/v2\/categories?post=368209"},{"taxonomy":"post_tag","embeddable":true,"href":"https:\/\/www.europesays.com\/fr\/wp-json\/wp\/v2\/tags?post=368209"}],"curies":[{"name":"wp","href":"https:\/\/api.w.org\/{rel}","templated":true}]}}