{"id":368213,"date":"2025-09-05T13:11:11","date_gmt":"2025-09-05T13:11:11","guid":{"rendered":"https:\/\/www.europesays.com\/fr\/368213\/"},"modified":"2025-09-05T13:11:11","modified_gmt":"2025-09-05T13:11:11","slug":"terrorisme-abou-jannah-17-ans-interpelle-dans-la-sarthe-alors-quil-projetait-des-attentats","status":"publish","type":"post","link":"https:\/\/www.europesays.com\/fr\/368213\/","title":{"rendered":"Terrorisme : \u00ab Abou Jannah \u00bb, 17 ans, interpell\u00e9 dans la Sarthe alors qu\u2019il projetait des attentats"},"content":{"rendered":"<p class=\"paragraph text_align_left lp-f-body-02\">Il avait baptis\u00e9 ses <a href=\"https:\/\/www.leparisien.fr\/faits-divers\/trois-jeunes-interpelles-par-la-dgsi-dans-le-nord-pour-un-projet-dattentat-a-la-ceinture-explosive-06-04-2025-TE3AJAVVOJEAPOLSNEIOOG3PN4.php\" target=\"_blank\" rel=\"noreferrer nofollow noopener\">projets d\u2019attentats<\/a> \u00ab retour de flammes \u00bb ou \u00ab \u0153il pour \u0153il, dent pour dent \u00bb. Selon nos informations, un adolescent de 17 ans soup\u00e7onn\u00e9 de pr\u00e9parer des actions djihadistes de grande ampleur a \u00e9t\u00e9 plac\u00e9 en garde \u00e0 vue lundi par les policiers de la Direction g\u00e9n\u00e9rale de la s\u00e9curit\u00e9 int\u00e9rieure (DGSI) dans le cadre d\u2019une enqu\u00eate pr\u00e9liminaire ouverte par le parquet national antiterroriste (PNAT) pour \u00ab association de malfaiteurs terroriste criminelle \u00bb. Domicili\u00e9 dans la Sarthe, le mineur a tent\u00e9 de prendre la fuite lors de son interpellation qui a n\u00e9cessit\u00e9 le renfort des forces d\u2019\u00e9lite du Raid.<\/p>\n<p class=\"paragraph text_align_left lp-f-body-02\">Selon les renseignements obtenus par la DGSI, ce jeune homme de nationalit\u00e9 fran\u00e7aise se serait radicalis\u00e9 de mani\u00e8re violente sur Internet en visionnant des vid\u00e9os de propagande de l\u2019organisation \u00c9tat islamique (EI). Un serment d\u2019all\u00e9geance \u00e0 l\u2019\u00e9mir du groupe extr\u00e9miste sunnite a \u00e9t\u00e9 retrouv\u00e9 lors de la perquisition de son domicile, sign\u00e9 de son nom de guerre &#8211; \u00ab Abou Jannah Al Faransi \u00bb (Abou Jannah le Fran\u00e7ais). Dans ce texte belliqueux, le jeune homme annonce son intention de tuer des \u00ab m\u00e9cr\u00e9ants \u00bb et \u00e9voque notamment la situation \u00e0 Gaza.<\/p>\n<p class=\"paragraph text_align_left lp-f-body-02\">Plus inqui\u00e9tant encore, des investigations laissent penser que l\u2019int\u00e9ress\u00e9 a pu \u00eatre en contact virtuel avec des <a href=\"https:\/\/www.leparisien.fr\/faits-divers\/menace-djihadiste-en-france-letat-islamique-khorasan-en-tete-des-priorites-de-la-dgsi-23-01-2025-QB4QSPBYEVEZPPJO5RMKZT2BTI.php\" target=\"_blank\" rel=\"noreferrer nofollow noopener\">membres de l\u2019\u00c9tat islamique au Khorasan (EI-K)<\/a>, la branche de l\u2019organisation terroriste implant\u00e9e en Afghanistan et au Pakistan. Bien qu\u2019affaibli depuis 2018 avec la perte territoriale de son califat autoproclam\u00e9 entre la Syrie et l\u2019Irak, Daech a retrouv\u00e9 de la vigueur \u00e0 travers sa filiale au Khorasan, responsable notamment de l\u2019attentat meurtrier de Moscou en 2024 (137 morts). La DGSI a d\u2019ailleurs r\u00e9cemment plac\u00e9 la menace terroriste \u00e9manant de l\u2019EI-K \u00ab en t\u00eate des priorit\u00e9s \u00bb. Surtout, sa propagande continue de susciter des vocations terroristes en France, en particulier chez les plus jeunes et fragiles.<\/p>\n<p>Une liste d\u2019\u00e9tablissements scolaires<\/p>\n<p class=\"paragraph text_align_left lp-f-body-02\">D\u2019apr\u00e8s les premi\u00e8res investigations, l\u2019adolescent de la Sarthe envisageait plusieurs projets d\u2019attentats contre des institutions \u00e0 Paris : ambassades d\u2019Isra\u00ebl ou des \u00c9tats-Unis par exemple, mais aussi l\u2019\u00c9lys\u00e9e, rue du Faubourg Saint-Honor\u00e9, ou le minist\u00e8re de l\u2019Int\u00e9rieur, place Beauvau. Des \u00e9crits exhum\u00e9s en perquisition laissent \u00e9galement penser qu\u2019il s\u2019int\u00e9ressait au si\u00e8ge de grands m\u00e9dias parisiens audiovisuels. Ces derniers jours, le mineur semblait toutefois avoir r\u00e9orient\u00e9 ses plans terroristes vers un commissariat et, surtout, vers des \u00e9tablissements scolaires de la Sarthe, notamment le lyc\u00e9e o\u00f9 il \u00e9tait inscrit. <\/p>\n<p class=\"lp-card-podcast-highlighting__title  lp-f-subtitle-05\">[4\/4] C\u00e9cile Vallin, les secrets d\u2019une disparition<\/p>\n<p class=\"lp-card-podcast-highlighting__description lp-f-ui-05\">Crime story raconte chaque semaine les grandes affaires criminelles.<\/p>\n<p><a class=\"lp-card-podcast-highlighting__call-to-action\" data-page-type=\"HP\" data-block-name=\"podcast-highlight\">\u00c9couter<\/a><\/p>\n<p class=\"paragraph text_align_left lp-f-body-02\">Il aurait notamment imagin\u00e9 de br\u00fbler des \u00e9coles, symboles \u00e0 ses yeux du syst\u00e8me occidental qu\u2019il ex\u00e8cre, avec de l\u2019essence. D\u2019o\u00f9 le nom de code \u00ab retour de flammes \u00bb. Les policiers ont retrouv\u00e9 sur son t\u00e9l\u00e9phone une liste d\u2019\u00e9tablissements scolaires, des notes relatives \u00e0 des produits chimiques et la fabrication d\u2019explosifs ainsi que des recherches sur des stations essence de la r\u00e9gion et des rep\u00e9rages de cibles sur Google Maps.<\/p>\n<p class=\"paragraph text_align_left lp-f-body-02\">L\u2019enqu\u00eate doit d\u00e9sormais d\u00e9terminer plus pr\u00e9cis\u00e9ment le degr\u00e9 d\u2019avancement et la mat\u00e9rialit\u00e9 des projets djihadistes reproch\u00e9s au suspect. \u00c0 l\u2019issue de quatre jours de garde \u00e0 vue dans les locaux de la DGSI \u00e0 Levallois-Perret (Hauts-de-Seine), le mineur doit \u00eatre pr\u00e9sent\u00e9 ce vendredi devant un juge antiterroriste \u00e0 Paris en vue d\u2019une mise en examen et l\u2019ouverture d\u2019une information judiciaire. Sollicit\u00e9 ce vendredi apr\u00e8s-midi, l\u2019avocat de l\u2019adolescent, Me Dylan Slama, n\u2019a pas souhait\u00e9 s\u2019exprimer \u00e0 ce stade. <\/p>\n<p class=\"paragraph text_align_left lp-f-body-02\">Cette affaire illustre la vigilance toujours accrue des services antiterroristes face \u00e0 une menace djihadiste restant \u00e9lev\u00e9e et de plus en plus juv\u00e9nile. Au moins <a href=\"https:\/\/www.leparisien.fr\/faits-divers\/deux-mineurs-qui-projetaient-des-attaques-terroristes-mis-en-examen-debut-aout-a-paris-26-08-2025-F62DVCZX35FMDA2HCFXKVEVOHA.php\" target=\"_blank\" rel=\"noreferrer nofollow noopener\">12 mineurs ont d\u00e9j\u00e0 \u00e9t\u00e9 mis en examen<\/a> depuis le d\u00e9but de l\u2019ann\u00e9e dans le cadre d\u2019enqu\u00eates li\u00e9es au terrorisme islamiste, une hausse spectaculaire qui ne se constate pas seulement en France mais aussi dans d\u2019autres pays europ\u00e9ens. Un ph\u00e9nom\u00e8ne qui s\u2019explique notamment par la r\u00e9ceptivit\u00e9 de ces adolescents en construction, tr\u00e8s souvent en proie \u00e0 des mal-\u00eatre ou des carences sociales, \u00e0 la propagande toujours active des organisations djihadistes sur Internet et \u00e0 leurs discours anti-Occident.<\/p>\n<p class=\"paragraph text_align_left lp-f-body-02\">Le 1er ao\u00fbt encore, <a href=\"https:\/\/www.leparisien.fr\/faits-divers\/deux-mineurs-qui-projetaient-des-attaques-terroristes-mis-en-examen-debut-aout-a-paris-26-08-2025-F62DVCZX35FMDA2HCFXKVEVOHA.php\" target=\"_blank\" rel=\"noreferrer nofollow noopener\">deux mineurs de 15 et 17 ans ont \u00e9t\u00e9 interpell<\/a>\u00e9s dans la r\u00e9gion parisienne alors qu\u2019ils projetaient de s\u2019en prendre \u00e0 des synagogues et \u00e0 la Tour Eiffel.<\/p>\n","protected":false},"excerpt":{"rendered":"Il avait baptis\u00e9 ses projets d\u2019attentats \u00ab retour de flammes \u00bb ou \u00ab \u0153il pour \u0153il, dent pour&hellip;\n","protected":false},"author":2,"featured_media":368214,"comment_status":"","ping_status":"","sticky":false,"template":"","format":"standard","meta":{"footnotes":""},"categories":[4],"tags":[11,118,1011,27,12,25],"class_list":{"0":"post-368213","1":"post","2":"type-post","3":"status-publish","4":"format-standard","5":"has-post-thumbnail","7":"category-france","8":"tag-actualites","9":"tag-faits-divers","10":"tag-fr","11":"tag-france","12":"tag-news","13":"tag-republique-francaise"},"share_on_mastodon":{"url":"https:\/\/pubeurope.com\/@fr\/115151862911281066","error":""},"_links":{"self":[{"href":"https:\/\/www.europesays.com\/fr\/wp-json\/wp\/v2\/posts\/368213","targetHints":{"allow":["GET"]}}],"collection":[{"href":"https:\/\/www.europesays.com\/fr\/wp-json\/wp\/v2\/posts"}],"about":[{"href":"https:\/\/www.europesays.com\/fr\/wp-json\/wp\/v2\/types\/post"}],"author":[{"embeddable":true,"href":"https:\/\/www.europesays.com\/fr\/wp-json\/wp\/v2\/users\/2"}],"replies":[{"embeddable":true,"href":"https:\/\/www.europesays.com\/fr\/wp-json\/wp\/v2\/comments?post=368213"}],"version-history":[{"count":0,"href":"https:\/\/www.europesays.com\/fr\/wp-json\/wp\/v2\/posts\/368213\/revisions"}],"wp:featuredmedia":[{"embeddable":true,"href":"https:\/\/www.europesays.com\/fr\/wp-json\/wp\/v2\/media\/368214"}],"wp:attachment":[{"href":"https:\/\/www.europesays.com\/fr\/wp-json\/wp\/v2\/media?parent=368213"}],"wp:term":[{"taxonomy":"category","embeddable":true,"href":"https:\/\/www.europesays.com\/fr\/wp-json\/wp\/v2\/categories?post=368213"},{"taxonomy":"post_tag","embeddable":true,"href":"https:\/\/www.europesays.com\/fr\/wp-json\/wp\/v2\/tags?post=368213"}],"curies":[{"name":"wp","href":"https:\/\/api.w.org\/{rel}","templated":true}]}}