{"id":368217,"date":"2025-09-05T13:13:10","date_gmt":"2025-09-05T13:13:10","guid":{"rendered":"https:\/\/www.europesays.com\/fr\/368217\/"},"modified":"2025-09-05T13:13:10","modified_gmt":"2025-09-05T13:13:10","slug":"saint-etienne-une-voiture-de-police-violemment-percutee-les-images-de-laccident","status":"publish","type":"post","link":"https:\/\/www.europesays.com\/fr\/368217\/","title":{"rendered":"Saint-Etienne. Une voiture de police violemment percut\u00e9e, les images de l&rsquo;accident"},"content":{"rendered":"<p>            Par<br \/>\n        <strong><br \/>\n            <a href=\"https:\/\/actu.fr\/auteur\/anthony-soudani\" title=\"Consulter tous les articles de Anthony Soudani\" target=\"_blank\" rel=\"noopener\">Anthony Soudani<\/a><br \/>\n        <\/strong><\/p>\n<p>        Publi\u00e9 le<\/p>\n<p>            5 sept. 2025 \u00e0 14h59        <\/p>\n<p>Les images diffus\u00e9es sur les r\u00e9seaux sociaux par le syndicat policier Alliance sont impressionnantes. <strong>Une voiture de police<\/strong> a \u00e9t\u00e9 percut\u00e9e par le conducteur ivre d\u2019un autre v\u00e9hicule dans la nuit du jeudi 4 au vendredi 5 septembre, \u00e0 Saint-Etienne (<a href=\"https:\/\/actu.fr\/auvergne-rhone-alpes\/loire_42\" target=\"_blank\" rel=\"noopener\">Loire<\/a>).\u00a0<\/p>\n<p>Quatre policiers l\u00e9g\u00e8rement bless\u00e9s<\/p>\n<p class=\" wall-content\">Les quatre agents qui se trouvaient \u00e0 bord ont \u00e9t\u00e9 l\u00e9g\u00e8rement bless\u00e9s et transport\u00e9s \u00e0 l\u2019h\u00f4pital. Aucun jour d\u2019ITT ne leur a cependant \u00e9t\u00e9 prescrit, selon nos informations.\u00a0<\/p>\n<p class=\" wall-content\">Les policiers ont \u00e9t\u00e9 percut\u00e9s aux alentours de 3h30, au niveau du boulevard Jules-Janin, lorsqu\u2019ils intervenaient en urgence pour porter assistance sur une possible s\u00e9questration.<\/p>\n<p>    <a href=\"https:\/\/www.facebook.com\/plugins\/post.php?href=https%3A%2F%2Fwww.facebook.com%2Falliancezonesudest%2Fposts%2Fpfbid024Ep25imhcied3URRfzj4BwUdgMtDSekTgk3ijddusdjPAxrjSDGfDKDp6kUHCJSrl&amp;show_text=true&amp;width=350\" title=\"Ouvrie le lien\" target=\"_blank\" rel=\"noopener\">Cliquez ici pour visualiser le contenu<\/a><\/p>\n<p class=\" wall-content\">\u00ab\u00a0Alors qu\u2019ils franchissaient prudemment un feu rouge, leur v\u00e9hicule a \u00e9t\u00e9 violemment percut\u00e9 par un autre v\u00e9hicule l\u00e9ger roulant sans feux\u00a0\u00bb, explique le syndicat policier Alliance.\u00a0<\/p>\n<p class=\" wall-content\">Qui plus est, le conducteur a \u00e9t\u00e9 contr\u00f4l\u00e9 <strong>positif \u00e0 l\u2019alcool<\/strong>. Sur les photos, on voit sa Citro\u00ebn C3 grise emboutie \u00e0 l\u2019arri\u00e8re de la voiture de police. Son airbag est sorti et le capot avant est pulv\u00e9ris\u00e9.<\/p>\n<p class=\" wall-content\">Personnalisez votre actualit\u00e9 en ajoutant vos villes et m\u00e9dias en favori avec <a href=\"https:\/\/moncompte.actu.fr\" title=\"D\u00e9couvez Mon Actu\" rel=\"nofollow noopener\" data-trk=\"{&quot;cta&quot;:{&quot;action&quot;:&quot;https:\\\/\\\/moncompte.actu.fr&quot;,&quot;category&quot;:&quot;mon compte&quot;,&quot;from&quot;:&quot;article footer&quot;,&quot;name&quot;:&quot;Mon actu&quot;,&quot;type&quot;:&quot;cta&quot;}}\" target=\"_blank\">Mon Actu<\/a>.<\/p>\n","protected":false},"excerpt":{"rendered":"Par Anthony Soudani Publi\u00e9 le 5 sept. 2025 \u00e0 14h59 Les images diffus\u00e9es sur les r\u00e9seaux sociaux par&hellip;\n","protected":false},"author":2,"featured_media":368218,"comment_status":"","ping_status":"","sticky":false,"template":"","format":"standard","meta":{"footnotes":""},"categories":[9653],"tags":[119,1111,11,5702,2430,1777,674,118,1011,27,12,1072,25,4001],"class_list":{"0":"post-368217","1":"post","2":"type-post","3":"status-publish","4":"format-standard","5":"has-post-thumbnail","7":"category-saint-etienne","8":"tag-accident","9":"tag-actu","10":"tag-actualites","11":"tag-alcool","12":"tag-auvergne-rhone-alpes","13":"tag-eu","14":"tag-europe","15":"tag-faits-divers","16":"tag-fr","17":"tag-france","18":"tag-news","19":"tag-police","20":"tag-republique-francaise","21":"tag-saint-etienne"},"share_on_mastodon":{"url":"https:\/\/pubeurope.com\/@fr\/115151870670834159","error":""},"_links":{"self":[{"href":"https:\/\/www.europesays.com\/fr\/wp-json\/wp\/v2\/posts\/368217","targetHints":{"allow":["GET"]}}],"collection":[{"href":"https:\/\/www.europesays.com\/fr\/wp-json\/wp\/v2\/posts"}],"about":[{"href":"https:\/\/www.europesays.com\/fr\/wp-json\/wp\/v2\/types\/post"}],"author":[{"embeddable":true,"href":"https:\/\/www.europesays.com\/fr\/wp-json\/wp\/v2\/users\/2"}],"replies":[{"embeddable":true,"href":"https:\/\/www.europesays.com\/fr\/wp-json\/wp\/v2\/comments?post=368217"}],"version-history":[{"count":0,"href":"https:\/\/www.europesays.com\/fr\/wp-json\/wp\/v2\/posts\/368217\/revisions"}],"wp:featuredmedia":[{"embeddable":true,"href":"https:\/\/www.europesays.com\/fr\/wp-json\/wp\/v2\/media\/368218"}],"wp:attachment":[{"href":"https:\/\/www.europesays.com\/fr\/wp-json\/wp\/v2\/media?parent=368217"}],"wp:term":[{"taxonomy":"category","embeddable":true,"href":"https:\/\/www.europesays.com\/fr\/wp-json\/wp\/v2\/categories?post=368217"},{"taxonomy":"post_tag","embeddable":true,"href":"https:\/\/www.europesays.com\/fr\/wp-json\/wp\/v2\/tags?post=368217"}],"curies":[{"name":"wp","href":"https:\/\/api.w.org\/{rel}","templated":true}]}}