{"id":368229,"date":"2025-09-05T13:20:17","date_gmt":"2025-09-05T13:20:17","guid":{"rendered":"https:\/\/www.europesays.com\/fr\/368229\/"},"modified":"2025-09-05T13:20:17","modified_gmt":"2025-09-05T13:20:17","slug":"mhsc-djemba-et-ndollo-signent-un-premier-contrat-professionnel","status":"publish","type":"post","link":"https:\/\/www.europesays.com\/fr\/368229\/","title":{"rendered":"MHSC\u00a0: Djemba et Ndollo signent un premier contrat professionnel"},"content":{"rendered":"<p>Yvan Djemba et Wilfried Ndollo Bille, 20 ans, form\u00e9s au Cameroun puis \u00e0 Montpellier, signent un premier contrat professionnel avec le MHSC. <\/p>\n<p>Deux jeunes joueurs signent un premier contrat professionnel avec le MHSC, le club\u00a0<a target=\"_blank\" rel=\"nofollow noopener noreferrer\" class=\"IciLink ici-link IciArticleLink g-ici-body-regular-1 underline brand svelte-lu7k6w\" href=\"https:\/\/mhscfoot.com\/articles\/2025-2026\/equipe-pro\/yvan-djemba-et-wilfried-ndollo-bille-passent-pro\/\">l&rsquo;officialise<\/a>\u00a0vendredi 5 septembre 2025. Il s&rsquo;agit d&rsquo;Yvan Djemba et\u00a0Wilfried Ndollo Bille, 20 ans tous les deux et originaires du Cameroun, form\u00e9s \u00e0 l&rsquo;Acad\u00e9my Foot de Douala (club dont le MHSC est actionnaire).<\/p>\n<p>Yvan Djemba est un milieu d\u00e9fensif, arriv\u00e9 \u00e0 Montpellier en 2023. Il a \u00e9volu\u00e9 avec la r\u00e9serve en N3 lors de dix rencontres la saison derni\u00e8re. Wilfried Ndollo Bille est lui d\u00e9fenseur, plut\u00f4t lat\u00e9ral droit. Les supporters le connaissent d\u00e9j\u00e0 un peu mieux, puisqu&rsquo;il a jou\u00e9 huit rencontres avec le MHSC en fin de saison derni\u00e8re en Ligue 1 (trois titularisations). Quatre autres joueurs ont sign\u00e9 leurs premiers contrats professionnels cet \u00e9t\u00e9 avec Montpellier\u00a0: Yanis Issoufou, Axel Gu\u00e9guin, Junior Ndiaye et Th\u00e9o Chennahi.<\/p>\n<p><a href=\"https:\/\/www.youtube.com\/watch?v=b05cCqJelok\" target=\"_blank\" rel=\"noopener noreferrer nofollow\" class=\"Youtube svelte-15adm43\" style=\"background-image: url(https:\/\/i.ytimg.com\/vi\/b05cCqJelok\/sddefault.jpg);\"><\/p>\n<p>Pr\u00e9sentation Academy Foot Douala<\/p>\n<p> <\/a>  <\/p>\n","protected":false},"excerpt":{"rendered":"Yvan Djemba et Wilfried Ndollo Bille, 20 ans, form\u00e9s au Cameroun puis \u00e0 Montpellier, signent un premier contrat&hellip;\n","protected":false},"author":2,"featured_media":368230,"comment_status":"","ping_status":"","sticky":false,"template":"","format":"standard","meta":{"footnotes":""},"categories":[9599],"tags":[1111,11,1777,674,1011,27,2208,12,2680,25],"class_list":{"0":"post-368229","1":"post","2":"type-post","3":"status-publish","4":"format-standard","5":"has-post-thumbnail","7":"category-montpellier","8":"tag-actu","9":"tag-actualites","10":"tag-eu","11":"tag-europe","12":"tag-fr","13":"tag-france","14":"tag-montpellier","15":"tag-news","16":"tag-occitanie","17":"tag-republique-francaise"},"share_on_mastodon":{"url":"https:\/\/pubeurope.com\/@fr\/115151898173063985","error":""},"_links":{"self":[{"href":"https:\/\/www.europesays.com\/fr\/wp-json\/wp\/v2\/posts\/368229","targetHints":{"allow":["GET"]}}],"collection":[{"href":"https:\/\/www.europesays.com\/fr\/wp-json\/wp\/v2\/posts"}],"about":[{"href":"https:\/\/www.europesays.com\/fr\/wp-json\/wp\/v2\/types\/post"}],"author":[{"embeddable":true,"href":"https:\/\/www.europesays.com\/fr\/wp-json\/wp\/v2\/users\/2"}],"replies":[{"embeddable":true,"href":"https:\/\/www.europesays.com\/fr\/wp-json\/wp\/v2\/comments?post=368229"}],"version-history":[{"count":0,"href":"https:\/\/www.europesays.com\/fr\/wp-json\/wp\/v2\/posts\/368229\/revisions"}],"wp:featuredmedia":[{"embeddable":true,"href":"https:\/\/www.europesays.com\/fr\/wp-json\/wp\/v2\/media\/368230"}],"wp:attachment":[{"href":"https:\/\/www.europesays.com\/fr\/wp-json\/wp\/v2\/media?parent=368229"}],"wp:term":[{"taxonomy":"category","embeddable":true,"href":"https:\/\/www.europesays.com\/fr\/wp-json\/wp\/v2\/categories?post=368229"},{"taxonomy":"post_tag","embeddable":true,"href":"https:\/\/www.europesays.com\/fr\/wp-json\/wp\/v2\/tags?post=368229"}],"curies":[{"name":"wp","href":"https:\/\/api.w.org\/{rel}","templated":true}]}}