{"id":368238,"date":"2025-09-05T13:25:13","date_gmt":"2025-09-05T13:25:13","guid":{"rendered":"https:\/\/www.europesays.com\/fr\/368238\/"},"modified":"2025-09-05T13:25:13","modified_gmt":"2025-09-05T13:25:13","slug":"blocages-manifestations-actes-de-sabotage-les-autorites-craignent-une-vague-de-coups-declat-le-10-septembre","status":"publish","type":"post","link":"https:\/\/www.europesays.com\/fr\/368238\/","title":{"rendered":"Blocages, manifestations, actes de sabotage&#8230; Les autorit\u00e9s craignent une vague de coups d\u2019\u00e9clat le 10 septembre"},"content":{"rendered":"<p>\u00c0 l\u2019approche de la journ\u00e9e de col\u00e8re programm\u00e9e par le mouvement \u00ab Bloquons tout\u00a0\u00bb, les analystes du minist\u00e8re de l\u2019Int\u00e9rieur tentent de d\u00e9jouer les pi\u00e8ges de la r\u00e9volte. L\u2019ultra gauche est en embuscade.<\/p>\n<p class=\"fig-paragraph\">Le brouillard est encore \u00e9pais mais les forces de l\u2019ordre s\u2019attendent d\u00e9j\u00e0 \u00e0 g\u00e9rer une s\u00e9quence lourde, jalonn\u00e9e de pi\u00e8ges impr\u00e9visibles. \u00c0 l\u2019approche de la journ\u00e9e de col\u00e8re nationale programm\u00e9e\u00a0<a href=\"http:\/\/www.lefigaro.fr\/actualite-france\/on-va-tout-peter-des-reseaux-a-la-rue-ces-militants-d-extreme-gauche-qui-se-preparent-au-10-septembre-20250901\" data-fig-type=\"Article\" data-gtm-custom-categorie=\"navigation\" data-gtm-custom-action=\"crossclick\" data-gtm-custom-label=\"Contextuel\" data-gtm-event=\"customEventSPE\" data-fig-domain=\"LEFIGARO\" target=\"_blank\" rel=\"noopener\">ce mercredi 10 septembre par le mouvement \u00ab Bloquons tout\u00a0\u00bb<\/a>, les analystes du minist\u00e8re de l\u2019Int\u00e9rieur tournent \u00e0 plein r\u00e9gime pour tenter de d\u00e9miner le terrain. \u00ab Ce que l\u2019on redoute, ce n\u2019est pas un raz-de-mar\u00e9e insurrectionnel mais une multiplicit\u00e9 de petits rassemblements et d\u2019actions visant \u00e0 paralyser le pays jusque dans ses territoires les plus recul\u00e9s\u00a0\u00bb, confie au Figaro un haut responsable de la police qui \u00e9voque un mouvement \u00ab spontan\u00e9, horizontale et impr\u00e9visible\u00a0\u00bb.<\/p>\n<p class=\"fig-paragraph\">D\u00e8s le retour de vacances, les services de renseignement ont senti un vrai fr\u00e9missement dans la mobilisation \u00e0 l\u2019origine contre le budget d\u2019aust\u00e9rit\u00e9 concoct\u00e9 par le gouvernement Bayrou et la suppression annonc\u00e9e de deux jours f\u00e9ri\u00e9s. \u00ab Depuis, l\u2019int\u00e9r\u00eat va croissant et la temp\u00e9rature monte\u00a0\u00bb, grince un\u2026<\/p>\n<p class=\"fig-premium-paywall__infos\">\n        Cet article est r\u00e9serv\u00e9 aux abonn\u00e9s.        Il vous reste 92% \u00e0 d\u00e9couvrir.\n    <\/p>\n<p>                <img  data- alt=\"Le Figaro\" class=\"fig-img--complete fig-img\"\/><\/p>\n<p class=\"fig-premium-paywall__title\">Vente Flash<\/p>\n<p class=\"fig-premium-paywall__subtitle\">4,99\u20ac par mois pendant 12 mois. Sans engagement<\/p>\n<p class=\"fig-premium-paywall__connect\">\n                D\u00e9j\u00e0 abonn\u00e9\u00a0?                <a class=\"fig-premium-paywall__connect-link\" href=\"https:\/\/connect.lefigaro.fr\/login?client=horizon_web&amp;type=main&amp;redirect_uri=https%3A%2F%2Fwww.lefigaro.fr%2Factualite-france%2Fblocages-manifestations-actes-de-sabotage-les-autorites-craignent-une-vague-de-coups-d-eclat-le-10-septembre-20250905\" data-js-gtm=\"{&quot;customCategorie&quot;: &quot;conversion&quot;, &quot;customAction&quot;: &quot;before_Landing_Connexion_paywall_auto&quot;, &quot;customLabel&quot;: &quot;bGVmaWdhcm8uZnJfXzFmMDhhM2Y5LTE0NzUtNmJlMi1iODBjLTg5NzE1NmIyNzgwOV9fQXJ0aWNsZQ==_Blocages, manifestations, actes de sabotage... Les autorit\u00e9s craignent une vague de coups d\u2019\u00e9clat le 10 septembre_308&quot;, &quot;customIDSPE&quot;: &quot;bGVmaWdhcm8uZnJfXzFmMDhhM2Y5LTE0NzUtNmJlMi1iODBjLTg5NzE1NmIyNzgwOV9fQXJ0aWNsZQ==&quot;, &quot;event&quot;: &quot;customEventSPE&quot;}\" target=\"_blank\" rel=\"noopener\"><br \/>\n                    Connectez-vous<br \/>\n                <\/a>\n            <\/p>\n","protected":false},"excerpt":{"rendered":"\u00c0 l\u2019approche de la journ\u00e9e de col\u00e8re programm\u00e9e par le mouvement \u00ab Bloquons tout\u00a0\u00bb, les analystes du minist\u00e8re&hellip;\n","protected":false},"author":2,"featured_media":368239,"comment_status":"","ping_status":"","sticky":false,"template":"","format":"standard","meta":{"footnotes":""},"categories":[2821],"tags":[1111,11,829,1013,1067,1777,674,1011,27,2088,12,1072,584,25],"class_list":{"0":"post-368238","1":"post","2":"type-post","3":"status-publish","4":"format-standard","5":"has-post-thumbnail","7":"category-rennes","8":"tag-actu","9":"tag-actualites","10":"tag-bretagne","11":"tag-bruno-retailleau","12":"tag-enquete","13":"tag-eu","14":"tag-europe","15":"tag-fr","16":"tag-france","17":"tag-manifestation","18":"tag-news","19":"tag-police","20":"tag-rennes","21":"tag-republique-francaise"},"share_on_mastodon":{"url":"https:\/\/pubeurope.com\/@fr\/115151917861968335","error":""},"_links":{"self":[{"href":"https:\/\/www.europesays.com\/fr\/wp-json\/wp\/v2\/posts\/368238","targetHints":{"allow":["GET"]}}],"collection":[{"href":"https:\/\/www.europesays.com\/fr\/wp-json\/wp\/v2\/posts"}],"about":[{"href":"https:\/\/www.europesays.com\/fr\/wp-json\/wp\/v2\/types\/post"}],"author":[{"embeddable":true,"href":"https:\/\/www.europesays.com\/fr\/wp-json\/wp\/v2\/users\/2"}],"replies":[{"embeddable":true,"href":"https:\/\/www.europesays.com\/fr\/wp-json\/wp\/v2\/comments?post=368238"}],"version-history":[{"count":0,"href":"https:\/\/www.europesays.com\/fr\/wp-json\/wp\/v2\/posts\/368238\/revisions"}],"wp:featuredmedia":[{"embeddable":true,"href":"https:\/\/www.europesays.com\/fr\/wp-json\/wp\/v2\/media\/368239"}],"wp:attachment":[{"href":"https:\/\/www.europesays.com\/fr\/wp-json\/wp\/v2\/media?parent=368238"}],"wp:term":[{"taxonomy":"category","embeddable":true,"href":"https:\/\/www.europesays.com\/fr\/wp-json\/wp\/v2\/categories?post=368238"},{"taxonomy":"post_tag","embeddable":true,"href":"https:\/\/www.europesays.com\/fr\/wp-json\/wp\/v2\/tags?post=368238"}],"curies":[{"name":"wp","href":"https:\/\/api.w.org\/{rel}","templated":true}]}}