{"id":368240,"date":"2025-09-05T13:26:09","date_gmt":"2025-09-05T13:26:09","guid":{"rendered":"https:\/\/www.europesays.com\/fr\/368240\/"},"modified":"2025-09-05T13:26:09","modified_gmt":"2025-09-05T13:26:09","slug":"le-gerant-dun-hotel-condamne-pour-avoir-agresse-sexuellement-des-femmes-mises-a-labri","status":"publish","type":"post","link":"https:\/\/www.europesays.com\/fr\/368240\/","title":{"rendered":"Le g\u00e9rant d\u2019un h\u00f4tel condamn\u00e9 pour avoir agress\u00e9 sexuellement des femmes mises \u00e0 l\u2019abri"},"content":{"rendered":"<p class=\"mb-4 text-lg md:leading-8 break-words\"><strong>Abus de faiblesse &#8211; L\u2019\u00e9tablissement \u00e9tait partenaire du 115 et accueillait des victimes de violences ou des personnes \u00e0 la rue<\/strong><\/p>\n<p class=\"mb-4 text-lg md:leading-8 break-words\">C\u2019est un dispositif de mise \u00e0 l\u2019abri. Quand il le peut, le service de Samu social <a href=\"https:\/\/www.20minutes.fr\/societe\/3314123-20220623-canicule-comment-samu-social-aide-abri-affronter-chaleurs-intenses?at_medium=RSS%20feed&amp;at_campaign=ynews&amp;utm_source=yahoo&amp;utm_medium=rss&amp;utm_campaign=news_feed&amp;utm_content=in_article_link\" rel=\"nofollow noopener\" target=\"_blank\" data-ylk=\"slk:propose des h\u00e9bergements aux plus pr\u00e9caires;elm:context_link;itc:0;sec:content-canvas\" class=\"link \">propose des h\u00e9bergements aux plus pr\u00e9caires<\/a>. Des personnes sans abri ou des femmes et enfants victimes de <a href=\"https:\/\/www.20minutes.fr\/dossier\/violences_conjugales?at_medium=RSS%20feed&amp;at_campaign=ynews&amp;utm_source=yahoo&amp;utm_medium=rss&amp;utm_campaign=news_feed&amp;utm_content=in_article_link\" rel=\"nofollow noopener\" target=\"_blank\" data-ylk=\"slk:violences intrafamiliales;elm:context_link;itc:0;sec:content-canvas\" class=\"link \">violences intrafamiliales<\/a> qui n\u2019ont pas d\u2019autre refuge. Pour loger ces personnes souvent en grande d\u00e9tresse, le 115 dispose d\u2019un certain nombre de partenaires, dont des h\u00f4tels. A <a href=\"https:\/\/www.20minutes.fr\/rennes\/?at_medium=RSS%20feed&amp;at_campaign=ynews&amp;utm_source=yahoo&amp;utm_medium=rss&amp;utm_campaign=news_feed&amp;utm_content=in_article_link\" rel=\"nofollow noopener\" target=\"_blank\" data-ylk=\"slk:Rennes;elm:context_link;itc:0;sec:content-canvas\" class=\"link \">Rennes<\/a>, plusieurs \u00e9tablissements sont conventionn\u00e9s et accueillent des familles \u00e0 la rue.<\/p>\n<p class=\"mb-4 text-lg md:leading-8 break-words\">Jeudi, le g\u00e9rant d\u2019un h\u00f4tel de la capitale bretonne \u00e9tait convoqu\u00e9 devant le tribunal correctionnel. Deux femmes l\u2019accusaient d\u2019agressions sexuelles et de harc\u00e8lement. Elles avaient port\u00e9 plainte en\u00a02022, d\u00e9non\u00e7ant les propositions insistantes du g\u00e9rant, rapporte Ouest-France.<\/p>\n<p class=\"mb-4 text-lg md:leading-8 break-words\">\u00c2g\u00e9 de 65 ans, l\u2019homme aujourd\u2019hui \u00e0 la retraite a reconnu \u00ab\u00a0six relations sexuelles\u00a0\u00bb avec des femmes qu\u2019il h\u00e9bergeait mais assure qu\u2019elles \u00e9taient toutes consenties, pr\u00e9cisent nos confr\u00e8res. Des propos fermement contredits par les victimes. Plusieurs d\u2019entre elles avaient confi\u00e9 avoir subi des agressions sexuelles ou des relations \u00ab\u00a0contre des services\u00a0\u00bb ou sous la menace d\u2019\u00eatre mises \u00e0 la rue. Le partenariat avait \u00e9t\u00e9 rompu mais peu de plaintes avaient \u00e9t\u00e9 d\u00e9pos\u00e9es, les victimes souvent <a href=\"https:\/\/www.20minutes.fr\/dossier\/sans-papiers?at_medium=RSS%20feed&amp;at_campaign=ynews&amp;utm_source=yahoo&amp;utm_medium=rss&amp;utm_campaign=news_feed&amp;utm_content=in_article_link\" rel=\"nofollow noopener\" target=\"_blank\" data-ylk=\"slk:sans-papiers;elm:context_link;itc:0;sec:content-canvas\" class=\"link \">sans-papiers<\/a> craignant de se rendre \u00e0 la police.<\/p>\n<p>Deux ans de prison avec sursis<\/p>\n<p class=\"mb-4 text-lg md:leading-8 break-words\">D\u2019apr\u00e8s Ouest-France, qui a assist\u00e9 \u00e0 l\u2019audience, le mis en cause a \u00e9t\u00e9 condamn\u00e9 \u00e0 deux ans de prison avec sursis. Son nom sera inscrit au Fichier judiciaire automatis\u00e9 des auteurs d\u2019infra(&#8230;)<\/p>\n<p class=\"mb-4 text-lg md:leading-8 break-words\"><a href=\"https:\/\/www.20minutes.fr\/justice\/4171446-20250905-rennes-gerant-hotel-condamne-avoir-agresse-sexuellement-femmes-mises-abri?at_medium=RSS%20feed&amp;at_campaign=ynews&amp;utm_source=yahoo&amp;utm_medium=rss&amp;utm_campaign=news_feed&amp;utm_content=read_more_link&quot;\" rel=\"nofollow noopener\" target=\"_blank\" data-ylk=\"slk:Lire la suite sur 20minutes;elm:context_link;itc:0;sec:content-canvas\" class=\"link \">Lire la suite sur 20minutes<\/a><\/p>\n<p>\u00c0 lire aussi :<br \/><a href=\"https:\/\/www.20minutes.fr\/societe\/4170140-20250901-tout-temps-fatiguees-enfants-abri-font-rentree-scolaire-revent-avoir-toit?at_medium=RSS%20feed&amp;at_campaign=ynews&amp;utm_source=yahoo&amp;utm_medium=rss&amp;utm_campaign=news_feed&amp;utm_content=related_content_link\" rel=\"nofollow noopener\" target=\"_blank\" data-ylk=\"slk:\u00ab\u00a0On est tout le temps fatigu\u00e9es\u00a0\u00bb\u2026 Les enfants sans-abri font leur rentr\u00e9e scolaire et r\u00eavent d\u2019avoir un toit;elm:context_link;itc:0;sec:content-canvas\" class=\"link \">\u00ab\u00a0On est tout le temps fatigu\u00e9es\u00a0\u00bb\u2026 Les enfants sans-abri font leur rentr\u00e9e scolaire et r\u00eavent d\u2019avoir un toit<\/a><br \/><a href=\"https:\/\/www.20minutes.fr\/societe\/4170230-20250903-papiers-ur-agriculteurs-migrants-distribuent-gratuitement-legumes?at_medium=RSS%20feed&amp;at_campaign=ynews&amp;utm_source=yahoo&amp;utm_medium=rss&amp;utm_campaign=news_feed&amp;utm_content=related_content_link\" rel=\"nofollow noopener\" target=\"_blank\" data-ylk=\"slk:Sans-papiers mais pas sans c\u0153ur, ces agriculteurs migrants distribuent gratuitement leurs l\u00e9gumes;elm:context_link;itc:0;sec:content-canvas\" class=\"link \">Sans-papiers mais pas sans c\u0153ur, ces agriculteurs migrants distribuent gratuitement leurs l\u00e9gumes<\/a><\/p>\n","protected":false},"excerpt":{"rendered":"Abus de faiblesse &#8211; L\u2019\u00e9tablissement \u00e9tait partenaire du 115 et accueillait des victimes de violences ou des personnes&hellip;\n","protected":false},"author":2,"featured_media":368241,"comment_status":"","ping_status":"","sticky":false,"template":"","format":"standard","meta":{"footnotes":""},"categories":[2821],"tags":[17222,1111,11,829,1777,674,1011,27,43971,12,7418,13454,584,25],"class_list":{"0":"post-368240","1":"post","2":"type-post","3":"status-publish","4":"format-standard","5":"has-post-thumbnail","7":"category-rennes","8":"tag-abus-de-faiblesse","9":"tag-actu","10":"tag-actualites","11":"tag-bretagne","12":"tag-eu","13":"tag-europe","14":"tag-fr","15":"tag-france","16":"tag-la-rue","17":"tag-news","18":"tag-ouest-france","19":"tag-prison-avec-sursis","20":"tag-rennes","21":"tag-republique-francaise"},"share_on_mastodon":{"url":"https:\/\/pubeurope.com\/@fr\/115151921772332568","error":""},"_links":{"self":[{"href":"https:\/\/www.europesays.com\/fr\/wp-json\/wp\/v2\/posts\/368240","targetHints":{"allow":["GET"]}}],"collection":[{"href":"https:\/\/www.europesays.com\/fr\/wp-json\/wp\/v2\/posts"}],"about":[{"href":"https:\/\/www.europesays.com\/fr\/wp-json\/wp\/v2\/types\/post"}],"author":[{"embeddable":true,"href":"https:\/\/www.europesays.com\/fr\/wp-json\/wp\/v2\/users\/2"}],"replies":[{"embeddable":true,"href":"https:\/\/www.europesays.com\/fr\/wp-json\/wp\/v2\/comments?post=368240"}],"version-history":[{"count":0,"href":"https:\/\/www.europesays.com\/fr\/wp-json\/wp\/v2\/posts\/368240\/revisions"}],"wp:featuredmedia":[{"embeddable":true,"href":"https:\/\/www.europesays.com\/fr\/wp-json\/wp\/v2\/media\/368241"}],"wp:attachment":[{"href":"https:\/\/www.europesays.com\/fr\/wp-json\/wp\/v2\/media?parent=368240"}],"wp:term":[{"taxonomy":"category","embeddable":true,"href":"https:\/\/www.europesays.com\/fr\/wp-json\/wp\/v2\/categories?post=368240"},{"taxonomy":"post_tag","embeddable":true,"href":"https:\/\/www.europesays.com\/fr\/wp-json\/wp\/v2\/tags?post=368240"}],"curies":[{"name":"wp","href":"https:\/\/api.w.org\/{rel}","templated":true}]}}