{"id":368244,"date":"2025-09-05T13:28:10","date_gmt":"2025-09-05T13:28:10","guid":{"rendered":"https:\/\/www.europesays.com\/fr\/368244\/"},"modified":"2025-09-05T13:28:10","modified_gmt":"2025-09-05T13:28:10","slug":"strasbourg-les-750-ans-de-la-nef-de-la-cathedrale-celebres-lors-dune-soiree-speciale-le-19-septembre","status":"publish","type":"post","link":"https:\/\/www.europesays.com\/fr\/368244\/","title":{"rendered":"Strasbourg. Les 750 ans de la nef de la cath\u00e9drale c\u00e9l\u00e9br\u00e9s lors d&rsquo;une soir\u00e9e sp\u00e9ciale le 19 septembre"},"content":{"rendered":"<p>Comme nous l\u2019apprend un lectionnaire m\u00e9di\u00e9val \u2013 c\u2019est-\u00e0-dire un livre liturgique \u2013 \u00ab\u00a0l\u2019an du Seigneur 1275, le septi\u00e8me jour des ides de septembre [soit le 7\u00a0septembre], la veille de la f\u00eate de la Nativit\u00e9 de la bienheureuse Vierge Marie, la partie m\u00e9diane de l\u2019\u00e9glise de Strasbourg a \u00e9t\u00e9 achev\u00e9e, selon les t\u00e9moignages des autorit\u00e9s et de toute la fabrique, sauf les tours de la fa\u00e7ade\u00a0\u00bb. <a href=\"https:\/\/www.dna.fr\/culture-loisirs\/2025\/08\/02\/neuf-rendez-vous-pour-(re)-decouvrir-la-cathedrale\" target=\"_blank\" rel=\"nofollow noopener\">La Soci\u00e9t\u00e9 des amis de la cath\u00e9drale de Strasbourg<\/a> a donc estim\u00e9 qu\u2019il convenait de c\u00e9l\u00e9brer dignement et brillamment pareil anniversaire, d\u2019autant qu\u2019avec ses 67\u00a0m\u00e8tres de long, ses 7 trav\u00e9es et 28 baies, c\u2019est l\u2019une des nefs les plus longues en France.<\/p>\n<p>  Ni un concert, ni un spectacle<\/p>\n<p>Le comit\u00e9 de direction a cr\u00e9\u00e9 une commission qui inclut les diverses instances s\u2019occupant de la cath\u00e9drale (archev\u00each\u00e9, paroisse de la cath\u00e9drale, Drac\u2026) et qui travaille d\u2019arrache-pied \u00e0 la r\u00e9ussite de cet \u00e9v\u00e9nement. Elle s\u2019est r\u00e9unie \u00e0 plusieurs reprises avec le personnel charg\u00e9 de la s\u00e9curit\u00e9, des architectes, des cin\u00e9astes-vid\u00e9astes, des ing\u00e9nieurs-techniciens de l\u2019imagerie et du son et la soci\u00e9t\u00e9 Vid\u00e9lio. Tous ont eu \u00e0 c\u0153ur de contribuer \u00e0 la r\u00e9ussite d\u2019un \u00e9v\u00e9nement qui soit hors du commun.<\/p>\n<p>Et cela par l\u2019originalit\u00e9 et la vari\u00e9t\u00e9 de ses composantes\u00a0: ce ne sera ni un concert, ni un spectacle, mais une f\u00eate de l\u2019esprit et des sens.<\/p>\n<p>La musique fera appel au grand orgue dirig\u00e9 par l\u2019organiste titulaire, Guillaume Nussbaum, mais aussi au quatuor de cuivres de la cath\u00e9drale que compl\u00e9tera un quatuor vocal, sous la direction de R\u00e9mi Studer. Ils chanteront tant\u00f4t a cappella, tant\u00f4t avec l\u2019orgue et le final r\u00e9sonnera comme une apoth\u00e9ose puisque ces diff\u00e9rentes forces musicales joueront ensemble un extrait du Messie de Haendel. Des \u0153uvres de compositeurs aussi c\u00e9l\u00e8bres que Bach, Bruckner et Liszt contribueront elles aussi au lustre de cette soir\u00e9e, tout comme, entre autres, un cantique luth\u00e9rien de Wolfgang Dachstein, jou\u00e9 pour la premi\u00e8re fois en 1525 dans\u2026 notre cath\u00e9drale.<\/p>\n<p>Une soir\u00e9e d&rsquo;environ une heure et demie<\/p>\n<p>Images et sons seront particuli\u00e8rement soign\u00e9s. Qui n\u2019a jamais vu m\u00eame virtuellement, grandeur nature, le jub\u00e9 qui ornait la cath\u00e9drale jusqu\u2019en 1682\u00a0? Ce sera chose faite avec une image vectoris\u00e9e projet\u00e9e sur grand \u00e9cran gr\u00e2ce \u00e0 l\u2019amabilit\u00e9 du studio Inventive. L\u2019accent sera aussi mis sur d\u2019autres \u00e9l\u00e9ments de la nef, visibles ou disparus, connus ou mythiques\u00a0: l\u2019orgue, le Kindelesbrunnen, la chaire de Geiler, pour n\u2019en citer que quelques-uns. La start-up Lotchi et les Ateliers BK, qui animent actuellement de belles soir\u00e9es \u00e0 la cath\u00e9drale avec <a href=\"https:\/\/www.dna.fr\/culture-loisirs\/2025\/08\/29\/la-cathedrale-se-raconte-en-son-et-lumiere-avec-luminescence\" target=\"_blank\" rel=\"nofollow noopener\">le spectacle Luminiscence<\/a> , pr\u00eatent une partie de leur r\u00e9alisation, un travail qui valorise la beaut\u00e9 insolite de la nef.<\/p>\n<p>Un texte r\u00e9dig\u00e9 par la Soci\u00e9t\u00e9 des amis de la cath\u00e9drale sera lu \u00e0 plusieurs voix et relatera l\u2019histoire de la construction de la nef dans ses diff\u00e9rentes phases, avec ses heurs et ses malheurs, ins\u00e9rant son histoire dans celle de Strasbourg et m\u00eame de la France. Un membre de la commission pr\u00eatera m\u00eame sa voix au pr\u00e9dicateur Geiler dont il lira un extrait d\u2019un de ses sermons\u00a0: on y reconna\u00eetra son go\u00fbt pour les images expressives et les rapprochements inattendus.<\/p>\n<p>Si le conseil de fabrique prend en charge la partie musicale, les Amis de la cath\u00e9drale paient de leurs deniers tout l\u2019aspect technique, ce qui est encore \u00e9norme. Pour rentrer dans leurs fonds, ils demandent une participation financi\u00e8re de 20\u00a0euros, modeste au vu du co\u00fbt r\u00e9el d\u2019une soir\u00e9e d\u2019environ une heure et demie. C\u2019est un choix d\u00e9lib\u00e9r\u00e9, car destin\u00e9 \u00e0 mettre cette manifestation culturelle exceptionnelle \u00e0 la port\u00e9e de toutes les bourses.<\/p>\n<p>Pour les billets, il suffit d\u2019ouvrir la page d\u2019accueil de leur site www.amis-cathedrale-strasbourg.eu et de cliquer sur le lien indiqu\u00e9 en rouge, \u00e0 la date du 19\u00a0septembre.<\/p>\n<p class=\"note\">Vendredi 19\u00a0septembre \u00e0 20\u00a0h. Entr\u00e9e par la place du Ch\u00e2teau, pr\u00e8s de la chapelle Saint-Michel, \u00e0 partir de 19\u00a0h.<\/p>\n<p class=\"insetTitle\">Une deuxi\u00e8me soir\u00e9e avec l&rsquo;Oh\u00e9s qui invite le choeur Air France le 20 septembre<\/p>\n<p>Une grande soir\u00e9e s\u2019annonce le samedi 20 septembre \u00e0 20h \u00e0 la cath\u00e9drale Notre-Dame de Strasbourg. En effet, <a href=\"https:\/\/www.dna.fr\/culture-loisirs\/2025\/03\/04\/un-concert-dedie-a-napoleon-au-palais-de-la-musique-et-des-congres\" target=\"_blank\" rel=\"nofollow noopener\">l\u2019Orchestre d\u2019harmonie de l\u2019\u00c9lectricit\u00e9 de Strasbourg (Oh\u00e9s)<\/a> invite le ch\u0153ur Air France qui se produira pour la premi\u00e8re fois dans la capitale alsacienne. Les deux grandes entreprises, repr\u00e9sent\u00e9es par leurs ensembles musicaux respectifs, se rejoindront pour c\u00e9l\u00e9brer les 750 ans de la fin des travaux de la construction de la nef de la Cath\u00e9drale Notre-Dame de Strasbourg.<\/p>\n<p>Au programme, deux \u0153uvres liturgiques majeures, le Gloria de Francis Poulenc et la Messa di Gloria de Giacomo Puccini et en ouverture, un pr\u00e9lude symphonique de Puccini et Locus Iste de Bruckner pour appr\u00e9cier en solo la qualit\u00e9 du ch\u0153ur Air France.<\/p>\n<p>La direction du concert sera partag\u00e9e entre Anne Laffilhe, directrice musicale du ch\u0153ur Air France et Marc Schaefer, directeur musical de l\u2019Oh\u00e9s.<\/p>\n<p>Les solistes seront Nathalie Gaudefroy (soprano) dans Poulenc, Sangbae Cho\u00ef (t\u00e9nor) et Dominic Burns (baryton) dans Puccini, tous trois membres des ch\u0153urs de l\u2019Op\u00e9ra national du Rhin.<\/p>\n<p>Une grande soir\u00e9e en perspective. Entr\u00e9e libre et sans billetterie, dans la limite des places disponibles (1\u00a0100 places).<\/p>\n","protected":false},"excerpt":{"rendered":"Comme nous l\u2019apprend un lectionnaire m\u00e9di\u00e9val \u2013 c\u2019est-\u00e0-dire un livre liturgique \u2013 \u00ab\u00a0l\u2019an du Seigneur 1275, le septi\u00e8me&hellip;\n","protected":false},"author":2,"featured_media":368245,"comment_status":"","ping_status":"","sticky":false,"template":"","format":"standard","meta":{"footnotes":""},"categories":[2820],"tags":[1111,11,1687,2880,1777,674,107,1011,27,775,12,2661,5889,25,104,640,2879],"class_list":{"0":"post-368244","1":"post","2":"type-post","3":"status-publish","4":"format-standard","5":"has-post-thumbnail","7":"category-strasbourg","8":"tag-actu","9":"tag-actualites","10":"tag-culture-loisirs","11":"tag-edition-strasbourg","12":"tag-eu","13":"tag-europe","14":"tag-fil-info","15":"tag-fr","16":"tag-france","17":"tag-grand-est","18":"tag-news","19":"tag-patrimoine-culturel","20":"tag-religion-croyance","21":"tag-republique-francaise","22":"tag-societe","23":"tag-strasbourg","24":"tag-strasbourg-ville"},"share_on_mastodon":{"url":"https:\/\/pubeurope.com\/@fr\/115151929636952342","error":""},"_links":{"self":[{"href":"https:\/\/www.europesays.com\/fr\/wp-json\/wp\/v2\/posts\/368244","targetHints":{"allow":["GET"]}}],"collection":[{"href":"https:\/\/www.europesays.com\/fr\/wp-json\/wp\/v2\/posts"}],"about":[{"href":"https:\/\/www.europesays.com\/fr\/wp-json\/wp\/v2\/types\/post"}],"author":[{"embeddable":true,"href":"https:\/\/www.europesays.com\/fr\/wp-json\/wp\/v2\/users\/2"}],"replies":[{"embeddable":true,"href":"https:\/\/www.europesays.com\/fr\/wp-json\/wp\/v2\/comments?post=368244"}],"version-history":[{"count":0,"href":"https:\/\/www.europesays.com\/fr\/wp-json\/wp\/v2\/posts\/368244\/revisions"}],"wp:featuredmedia":[{"embeddable":true,"href":"https:\/\/www.europesays.com\/fr\/wp-json\/wp\/v2\/media\/368245"}],"wp:attachment":[{"href":"https:\/\/www.europesays.com\/fr\/wp-json\/wp\/v2\/media?parent=368244"}],"wp:term":[{"taxonomy":"category","embeddable":true,"href":"https:\/\/www.europesays.com\/fr\/wp-json\/wp\/v2\/categories?post=368244"},{"taxonomy":"post_tag","embeddable":true,"href":"https:\/\/www.europesays.com\/fr\/wp-json\/wp\/v2\/tags?post=368244"}],"curies":[{"name":"wp","href":"https:\/\/api.w.org\/{rel}","templated":true}]}}