{"id":368246,"date":"2025-09-05T13:29:11","date_gmt":"2025-09-05T13:29:11","guid":{"rendered":"https:\/\/www.europesays.com\/fr\/368246\/"},"modified":"2025-09-05T13:29:11","modified_gmt":"2025-09-05T13:29:11","slug":"commissaires-priseurs-des-chasseurs-de-tresors","status":"publish","type":"post","link":"https:\/\/www.europesays.com\/fr\/368246\/","title":{"rendered":"Commissaires-priseurs : des chasseurs de tr\u00e9sors"},"content":{"rendered":"<p>                    <img loading=\"lazy\" decoding=\"async\" src=\"https:\/\/www.europesays.com\/fr\/wp-content\/uploads\/2025\/09\/9634517035868464c3f85e834a0584.jpg\" class=\"img-responsive post-image\" width=\"680\" height=\"510\" alt=\"Commissaires-priseurs (\u2026)\" title=\"Commissaires-priseurs : des chasseurs de tr\u00e9sors\"\/><\/p>\n<p class=\"chapo\">Ana\u00efs Ripoll est commissaire-priseur \u00e0 Villefranche-sur-Mer. Elle est \u00e9galement commissaire de justice salari\u00e9e. Une polyvalence qu\u2019elle doit autant \u00e0 sa formation qu\u2019\u00e0 son exp\u00e9rience.<\/p>\n<p>                    \u00ab\u00a0On ne sait jamais sur quoi on va tomber\u00a0\u00bb <\/p>\n<p>\u00ab\u00a0Il y a de nombreux confr\u00e8res qui avaient d\u00e9j\u00e0 la double casquette avant la fusion (en juillet 2022). Ils \u00e9taient commissaires-priseurs et commissaires-priseurs judiciaires et faisaient, \u00e0 ce titre, des ventes aux ench\u00e8res judiciaires\u00a0\u00bb, explique <strong>Ana\u00efs Ripoll<\/strong>, qui a ouvert sa salle de ventes, <a href=\"https:\/\/www.villefranche-encheres-riviera.fr\/\" class=\"spip_out\" rel=\"external nofollow noopener\" target=\"_blank\">Villefranche Ench\u00e8res Riviera<\/a>, en octobre 2023. Sa particularit\u00e9 (ils sont peu nombreux dans ce cas) tient au fait qu\u2019elle exerce \u00e9galement en tant que commissaire de justice salari\u00e9e, depuis mars 2024, au sein de l\u2019\u00e9tude de Michael Sebrier, commissaire de justice \u00e0 Contes. \u00ab\u00a0Il \u00e9tait tr\u00e8s int\u00e9ress\u00e9 par la partie \u2018commissaire-priseur\u2019 puisqu\u2019il avait des demandes d\u2019organismes de tutelle pour r\u00e9aliser des inventaires chez des personnes prot\u00e9g\u00e9es. De mon c\u00f4t\u00e9, cela m\u2019a permis de compl\u00e9ter mon activit\u00e9 avec la partie \u2018commissaire-priseur judiciaire\u2019 et je suis amen\u00e9e \u00e0 faire \u00e9galement des activit\u00e9s propres \u00e0 l\u2019huissier, comme des constats et des significations\u00a0\u00bb. Ana\u00efs Ripoll milite pour ce genre <br class=\"autobr\"\/><br \/>\nd\u2019entente car la fusion des professions de commissaire-priseur judiciaire et d\u2019huissier, qui s\u2019est faite \u00ab\u00a0dans la douleur\u00a0\u00a0\u00bb, comporte selon elle un danger non n\u00e9gligeable\u00a0: celui d\u2019avoir \u00ab\u00a0des huissiers qui se mettent \u00e0 estimer des bijoux\u00a0\u00bb et des commissaires-priseurs judiciaires \u00ab\u00a0\u00a0qui se lancent dans des proc\u00e9dures tr\u00e8s encadr\u00e9es comme l\u2019expulsion alors que nous n\u2019avons pas du tout la formation pour\u00a0\u00a0\u00bb. <br class=\"autobr\"\/><br \/>\nEn 2026, il n\u2019y aura plus que des commissaires de justice. Les professions d\u2019huissier de justice et de commissaire-priseur judiciaire disparaitront, quatre ans apr\u00e8s la fusion. <br class=\"autobr\"\/><br \/>\nAna\u00efs Ripoll, dipl\u00f4m\u00e9e de l\u2019\u00c9cole du Louvre \u00e0 Paris, titulaire d\u2019un master \u00ab\u00a0march\u00e9 de l\u2019art\u00a0\u00bb, licenci\u00e9e en droit et qui a travaill\u00e9 quatre ans avec des huissiers \u00e0 Toulouse, s\u2019\u00e9panouit pleinement dans toutes ses missions, m\u00eame si ce n\u2019est pas de tout repos.<\/p>\n<p>Expertises gracieuses<\/p>\n<p>\u00ab\u00a0Dans une salle des ventes, normalement, vous avez un clerc, un comptable, une secr\u00e9taire qui r\u00e9pond au t\u00e9l\u00e9phone, des stagiaires et un manutentionnaire qui accroche et qui d\u00e9croche parce qu\u2019on ne fait que porter et d\u00e9placer des objets. Nous, nous ne sommes que deux pour faire tout \u00e7a et nous faisons deux ventes par mois.\u00a0\u00bb Pour l\u2019heure, Ana\u00efs Ripoll et son associ\u00e9e, <strong>H\u00fclya Perrier, <\/strong> ne peuvent compter que sur l\u2019aide ponctuelle de stagiaires. Son associ\u00e9e aimerait le renfort d\u2019un comptable, elle d\u2019un manutentionnaire. Mais pour rien au monde elle ne ferait autre chose\u00a0: \u00ab\u00a0\u00a0Ce qui est formidable dans ce m\u00e9tier, c\u2019est qu\u2019on ne sait jamais sur quoi on va tomber. C\u2019est un m\u00e9tier qui permet de r\u00eaver parce qu\u2019on peut trouver le tr\u00e9sor\u00a0!\u00a0\u00bb. Lors d\u2019inventaires, elle est ainsi tomb\u00e9e sur deux lingots d\u2019or ou sur des tableaux chinois qui valaient une fortune. Elle aime <br class=\"autobr\"\/><br \/>\naussi l\u2019aspect \u00ab\u00a0red\u00e9couverte du patrimoine\u00a0\u00bb avec, se souvient-elle, des objets achet\u00e9s par les archives de Nice et par l\u2019a\u00e9roport lors d\u2019une vente consacr\u00e9e \u00e0 l\u2019aviation. \u00ab\u00a0Nous aimons ce r\u00f4le de passeurs, nous ne sommes pas que des commerciaux qui ne pensent  qu\u2019honoraires\u00a0\u00a0\u00bb. <br class=\"autobr\"\/><br \/>\nCe m\u00e9tier comporte toutefois son lot de d\u00e9ceptions. \u00ab\u00a0\u00a0Il y a beaucoup de faux, des faux <br class=\"autobr\"\/><br \/>\nPicasso, des faux Bernard Buffet\u2026\u00a0\u00bb. <br class=\"autobr\"\/><br \/>\nAna\u00efs Ripoll et son associ\u00e9e, qui font dans certains cas appel \u00e0 des sp\u00e9cialistes, proposent tous les mois des expertises gracieuses, en lien avec les mairies\u00a0: \u00e0 Saint-Jean-Cap-Ferrat, Beaulieu-sur-Mer, \u00c8ze et bient\u00f4t \u00e0 La Turbie. \u00ab\u00a0\u00a0Il y a de la demande. Les gens ont des choses \u00e0 montrer\u00a0\u00bb. Leurs prochaines ventes devraient plaire \u00e0 un large public\u00a0: une vente bijoux et mode au casino de Beaulieu, en octobre, puis une vente passion sport, en novembre, avec notamment un maillot sign\u00e9 de Diego Maradona et des balles de tennis de Roland-Garros sign\u00e9es par Rafael Nadal.<\/p>\n<p>Plus d\u2019informations pour les prochaines expertises gracieuses et les prochaines ventes sur le site de l\u2019\u00e9tude\u00a0: www.villefranche-encheres-<br class=\"autobr\"\/><br \/>\nriviera.fr<br class=\"autobr\"\/><\/p>\n","protected":false},"excerpt":{"rendered":"Ana\u00efs Ripoll est commissaire-priseur \u00e0 Villefranche-sur-Mer. Elle est \u00e9galement commissaire de justice salari\u00e9e. Une polyvalence qu\u2019elle doit autant&hellip;\n","protected":false},"author":2,"featured_media":368247,"comment_status":"","ping_status":"","sticky":false,"template":"","format":"standard","meta":{"footnotes":""},"categories":[2819],"tags":[1111,11,2408,1777,674,1011,27,12,2401,882,25],"class_list":{"0":"post-368246","1":"post","2":"type-post","3":"status-publish","4":"format-standard","5":"has-post-thumbnail","7":"category-nice","8":"tag-actu","9":"tag-actualites","10":"tag-appels-d","11":"tag-eu","12":"tag-europe","13":"tag-fr","14":"tag-france","15":"tag-news","16":"tag-nice","17":"tag-provence-alpes-cote-dazur","18":"tag-republique-francaise"},"share_on_mastodon":{"url":"https:\/\/pubeurope.com\/@fr\/115151933939616032","error":""},"_links":{"self":[{"href":"https:\/\/www.europesays.com\/fr\/wp-json\/wp\/v2\/posts\/368246","targetHints":{"allow":["GET"]}}],"collection":[{"href":"https:\/\/www.europesays.com\/fr\/wp-json\/wp\/v2\/posts"}],"about":[{"href":"https:\/\/www.europesays.com\/fr\/wp-json\/wp\/v2\/types\/post"}],"author":[{"embeddable":true,"href":"https:\/\/www.europesays.com\/fr\/wp-json\/wp\/v2\/users\/2"}],"replies":[{"embeddable":true,"href":"https:\/\/www.europesays.com\/fr\/wp-json\/wp\/v2\/comments?post=368246"}],"version-history":[{"count":0,"href":"https:\/\/www.europesays.com\/fr\/wp-json\/wp\/v2\/posts\/368246\/revisions"}],"wp:featuredmedia":[{"embeddable":true,"href":"https:\/\/www.europesays.com\/fr\/wp-json\/wp\/v2\/media\/368247"}],"wp:attachment":[{"href":"https:\/\/www.europesays.com\/fr\/wp-json\/wp\/v2\/media?parent=368246"}],"wp:term":[{"taxonomy":"category","embeddable":true,"href":"https:\/\/www.europesays.com\/fr\/wp-json\/wp\/v2\/categories?post=368246"},{"taxonomy":"post_tag","embeddable":true,"href":"https:\/\/www.europesays.com\/fr\/wp-json\/wp\/v2\/tags?post=368246"}],"curies":[{"name":"wp","href":"https:\/\/api.w.org\/{rel}","templated":true}]}}