{"id":368248,"date":"2025-09-05T13:30:12","date_gmt":"2025-09-05T13:30:12","guid":{"rendered":"https:\/\/www.europesays.com\/fr\/368248\/"},"modified":"2025-09-05T13:30:12","modified_gmt":"2025-09-05T13:30:12","slug":"trafic-doiseaux-au-chateau-de-nice-six-mois-dinterdiction-des-alpes-maritimes-pour-un-des-auteurs","status":"publish","type":"post","link":"https:\/\/www.europesays.com\/fr\/368248\/","title":{"rendered":"Trafic d\u2019oiseaux au ch\u00e2teau de Nice: six mois d\u2019interdiction des Alpes-Maritimes pour un des auteurs"},"content":{"rendered":"<p>La police municipale et le parquet de Nice viennent de mettre fin \u00e0 un trafic naus\u00e9abond sur la colline du ch\u00e2teau de Nice.<\/p>\n<p>Comme <a href=\"https:\/\/www.nicematin.com\/faits-divers\/arnaque-aux-touristes-et-trafic-d-oiseaux-au-chateau-de-nice-une-interpellation-1000385\" rel=\"nofollow noopener\" target=\"_blank\">Nice-Matin le relatait cette semaine<\/a>, trois personnes arnaquaient les touristes en posant sur leur \u00e9paule, parfois de mani\u00e8re insistante, un pigeon paon.<\/p>\n<p>Le but: prendre un clich\u00e9 insolite. Ils r\u00e9ussissaient, pour une photo r\u00e9alis\u00e9e avec le smartphone des visiteurs, \u00e0 leur extorquer jusqu\u2019\u00e0 vingt euros. Plusieurs touristes s\u2019\u00e9taient plaints aupr\u00e8s de la ville de Nice de ces pratiques agressives.<\/p>\n<p>Un des trois auteurs, interpell\u00e9 mercredi matin, vient de se voir confisquer les oiseaux au terme de 48 heures de garde \u00e0 vue. Les deux autres auteurs n\u2019ont pas \u00e9t\u00e9 retrouv\u00e9s.<\/p>\n<p>Le procureur de Nice, Damien Martinelli, annonce que les six oiseaux confisqu\u00e9s ont \u00e9t\u00e9 confi\u00e9s \u00e0 l\u2019association de protection animale St\u00e9phane Lamart, reconnue d\u2019utilit\u00e9 publique.<\/p>\n<p>L\u2019association avait d\u00e9pos\u00e9 plainte et s\u2019\u00e9tait constitu\u00e9e partie civile.<\/p>\n<p>Selon le Procureur de la R\u00e9publique de Nice, l\u2019enqu\u00eate ouverte pour \u00ab\u00a0mauvais traitements inflig\u00e9s sans n\u00e9cessit\u00e9 \u00e0 un animal domestique\u00a0\u00bb, a \u00e9t\u00e9 class\u00e9e sous conditions, l\u2019individu ne pr\u00e9sentant pas d\u2019ant\u00e9c\u00e9dents judiciaires. L\u2019individu se voit infliger, outre la confiscation des oiseaux, une interdiction de para\u00eetre dans les Alpes-Maritimes pendant six mois.<\/p>\n<p>Un nouveau procureur r\u00e9f\u00e9rent \u00e0 la protection animale<\/p>\n<p>Lors de leur saisie au ch\u00e2teau de Nice, par la police municipale, les six oiseaux \u00e9taient confin\u00e9s dans des caisses pour chat, ou des caisses en carton, expos\u00e9s au soleil sans eau, avec une nourriture inappropri\u00e9e. Les plumes de leur queue \u00e9taient ab\u00eem\u00e9es en raison de l\u2019exigu\u00eft\u00e9 des cages.<\/p>\n<p>Pire encore, selon le v\u00e9t\u00e9rinaire qui les a pris en charge, les animaux \u00e9taient porteurs de poux, potentiellement transmissible aux touristes sur lesquels ils \u00e9taient pos\u00e9s pour la photo.<\/p>\n<p>Etienne Moreau, vice procureur, qui vient de rejoindre le parquet de Nice, en provenance de Pointe-\u00e0-Pitre, est d\u00e9sormais le nouveau r\u00e9f\u00e9rent pour la protection animale. \u00ab J\u2019approuve le message fort du parquet qui rappelle qu\u2019il y a des lois et des r\u00e8glements \u00e0 respecter en France. Nous resterons extr\u00eamement vigilants vis \u00e0 vis de tous ces dossiers \u00bb, r\u00e9agit St\u00e9phane Lamart, pr\u00e9sident de la fondation St\u00e9phane Lamart pour la protection des animaux.<\/p>\n<p>Notre photo : Une touriste posant en d\u00e9but de semaine avec un pigeon paon sans imaginer qu\u2019ils \u00e9taient porteurs de poux. (Photo DR)<\/p>\n","protected":false},"excerpt":{"rendered":"La police municipale et le parquet de Nice viennent de mettre fin \u00e0 un trafic naus\u00e9abond sur la&hellip;\n","protected":false},"author":2,"featured_media":368249,"comment_status":"","ping_status":"","sticky":false,"template":"","format":"standard","meta":{"footnotes":""},"categories":[2819],"tags":[1111,11,1777,674,118,1011,27,12,2401,882,25],"class_list":{"0":"post-368248","1":"post","2":"type-post","3":"status-publish","4":"format-standard","5":"has-post-thumbnail","7":"category-nice","8":"tag-actu","9":"tag-actualites","10":"tag-eu","11":"tag-europe","12":"tag-faits-divers","13":"tag-fr","14":"tag-france","15":"tag-news","16":"tag-nice","17":"tag-provence-alpes-cote-dazur","18":"tag-republique-francaise"},"share_on_mastodon":{"url":"https:\/\/pubeurope.com\/@fr\/115151937455303434","error":""},"_links":{"self":[{"href":"https:\/\/www.europesays.com\/fr\/wp-json\/wp\/v2\/posts\/368248","targetHints":{"allow":["GET"]}}],"collection":[{"href":"https:\/\/www.europesays.com\/fr\/wp-json\/wp\/v2\/posts"}],"about":[{"href":"https:\/\/www.europesays.com\/fr\/wp-json\/wp\/v2\/types\/post"}],"author":[{"embeddable":true,"href":"https:\/\/www.europesays.com\/fr\/wp-json\/wp\/v2\/users\/2"}],"replies":[{"embeddable":true,"href":"https:\/\/www.europesays.com\/fr\/wp-json\/wp\/v2\/comments?post=368248"}],"version-history":[{"count":0,"href":"https:\/\/www.europesays.com\/fr\/wp-json\/wp\/v2\/posts\/368248\/revisions"}],"wp:featuredmedia":[{"embeddable":true,"href":"https:\/\/www.europesays.com\/fr\/wp-json\/wp\/v2\/media\/368249"}],"wp:attachment":[{"href":"https:\/\/www.europesays.com\/fr\/wp-json\/wp\/v2\/media?parent=368248"}],"wp:term":[{"taxonomy":"category","embeddable":true,"href":"https:\/\/www.europesays.com\/fr\/wp-json\/wp\/v2\/categories?post=368248"},{"taxonomy":"post_tag","embeddable":true,"href":"https:\/\/www.europesays.com\/fr\/wp-json\/wp\/v2\/tags?post=368248"}],"curies":[{"name":"wp","href":"https:\/\/api.w.org\/{rel}","templated":true}]}}