{"id":368250,"date":"2025-09-05T13:31:12","date_gmt":"2025-09-05T13:31:12","guid":{"rendered":"https:\/\/www.europesays.com\/fr\/368250\/"},"modified":"2025-09-05T13:31:12","modified_gmt":"2025-09-05T13:31:12","slug":"arrestation-de-3-cambrioleurs-a-lorigine-dune-trentaine-deffractions","status":"publish","type":"post","link":"https:\/\/www.europesays.com\/fr\/368250\/","title":{"rendered":"arrestation de 3 cambrioleurs \u00e0 l\u2019origine d\u2019une trentaine d\u2019effractions"},"content":{"rendered":"<p>Actifs depuis le printemps dans l\u2019ensemble du Grand Ouest, les voleurs visaient en particulier les boutiques de t\u00e9l\u00e9phonie mobile. Le pr\u00e9judice total est estim\u00e9 \u00e0 pr\u00e8s de 100.000 euros.<\/p>\n<p class=\"fig-paragraph\">Fin de cavale pour l\u2019\u00e9quipe de cambrioleurs qui \u00e9cumait le Grand Ouest. Mercredi 3 septembre, une op\u00e9ration de gendarmerie organis\u00e9e\u00a0<a href=\"https:\/\/www.lefigaro.fr\/nantes\" target=\"_blank\" data-fig-type=\"Section\" rel=\"noopener nofollow\" data-gtm-custom-categorie=\"navigation\" data-gtm-custom-action=\"crossclick\" data-gtm-custom-label=\"Contextuel\" data-gtm-event=\"customEventSPE\" data-fig-domain=\"LEFIGARO\">\u00e0 Nantes<\/a>\u00a0(Loire-Atlantique) a permis d\u2019interpeller trois jeunes hommes. \u00c2g\u00e9s de 15, 19 et 22 ans, les suspects ont \u00e9t\u00e9 appr\u00e9hend\u00e9s par les militaires\u00a0<a href=\"http:\/\/www.lefigaro.fr\/nantes\/a-nantes-la-mairie-repousse-le-demantelement-d-un-bidonville-20250827\" target=\"_blank\" data-fig-type=\"NewsFlash\" rel=\"noopener nofollow\" data-gtm-custom-categorie=\"navigation\" data-gtm-custom-action=\"crossclick\" data-gtm-custom-label=\"Contextuel\" data-gtm-event=\"customEventSPE\" data-fig-domain=\"LEFIGARO\">dans un camp rom<\/a>\u00a0ainsi que dans un logement de l\u2019agglom\u00e9ration. Ils seraient les auteurs d\u2019une s\u00e9rie de vols par effraction qui visaient tout particuli\u00e8rement les boutiques de\u00a0<a href=\"https:\/\/www.lefigaro.fr\/tag\/telephonie-mobile\" target=\"_blank\" rel=\"sponsored noopener nofollow\" data-gtm-custom-categorie=\"navigation\" data-gtm-custom-action=\"crossclick\" data-gtm-custom-label=\"Contextuel\" data-gtm-event=\"customEventSPE\">t\u00e9l\u00e9phonie mobile<\/a>. Les trois suspects ont \u00e9t\u00e9 plac\u00e9s en garde \u00e0 vue. Un quatri\u00e8me individu interpell\u00e9 a finalement \u00e9t\u00e9 rel\u00e2ch\u00e9, pr\u00e9cise vendredi le groupement de gendarmerie de Loire-Atlantique.<\/p>\n<p class=\"fig-paragraph\">Selon l\u2019enqu\u00eate men\u00e9e par la section sp\u00e9cialis\u00e9e dans la d\u00e9linquance itin\u00e9rante de la brigade de recherches nantaise, la bande avait r\u00e9alis\u00e9 au moins une trentaine de cambriolages, au sein de six d\u00e9partements du Grand-Ouest\u00a0: la Loire-Atlantique, le Morbihan, la Sarthe, l\u2019Ille-et-Vilaine, la Vend\u00e9e et le Maine-et-Loire.<\/p>\n<p>                                    <a class=\"fig-a11y-skip a11y-hidden\" href=\"#fig-a11y-skip-main-inarticle\"><br \/>\n        Passer la publicit\u00e9<br \/>\n    <\/a><\/p>\n<p>En activit\u00e9 depuis avril<\/p>\n<p class=\"fig-paragraph\">Agissant toujours de nuit, les jeunes voleurs auraient \u00e9t\u00e9 actifs depuis le mois d\u2019avril, avec un dernier fait relev\u00e9 le 20 ao\u00fbt, aux Sables-d\u2019Olonne (Vend\u00e9e). Le pr\u00e9judice de leurs diff\u00e9rents cambriolages s\u2019\u00e9l\u00e8ve \u00e0 pr\u00e8s de 100.000 euros. D\u00e9f\u00e9r\u00e9s devant le parquet de Nantes, les deux adultes du groupe devaient \u00eatre jug\u00e9s cette fin semaine en comparution imm\u00e9diate. Le mineur interpell\u00e9 mardi a \u00e9t\u00e9 d\u00e9f\u00e9r\u00e9 devant le juge des enfants.<\/p>\n<p class=\"fig-paragraph\">Le principal suspect du petit groupe, un jeune Roumain de 19 ans, \u00e9tait d\u00e9j\u00e0 connu de la justice pour de pr\u00e9c\u00e9dentes affaires de vols. En dehors des cambriolages, l\u2019individu \u00e9tait \u00e9galement recherch\u00e9 pour un refus d\u2019obtemp\u00e9rer aggrav\u00e9 sur le p\u00e9riph\u00e9rique de Nantes, datant du 30 mai dernier, d\u2019apr\u00e8s les informations de nos confr\u00e8res de\u00a0<a href=\"https:\/\/www.ouest-france.fr\/faits-divers\/cambriolage\/des-interpellations-apres-des-raids-nocturnes-visant-des-boutiques-de-telephonie-dans-le-grand-ouest-cee43506-899f-11f0-880b-e0751d6521a8\" target=\"_blank\" rel=\"noopener nofollow\" data-gtm-custom-categorie=\"navigation\" data-gtm-custom-action=\"crossclick\" data-gtm-custom-label=\"Contextuel\" data-gtm-event=\"customEventSPE\">Ouest France<\/a> . Dans sa fuite, le suspect avait provoqu\u00e9 un accident de circulation, blessant gravement un conducteur. Le second adulte plac\u00e9 en garde \u00e0 vue \u00e9tait sp\u00e9cialis\u00e9 dans le d\u00e9blocage des t\u00e9l\u00e9phones vol\u00e9s.<\/p>\n","protected":false},"excerpt":{"rendered":"Actifs depuis le printemps dans l\u2019ensemble du Grand Ouest, les voleurs visaient en particulier les boutiques de t\u00e9l\u00e9phonie&hellip;\n","protected":false},"author":2,"featured_media":368251,"comment_status":"","ping_status":"","sticky":false,"template":"","format":"standard","meta":{"footnotes":""},"categories":[2818],"tags":[1111,11,1174,1777,674,1011,27,3381,766,12,2636,25],"class_list":{"0":"post-368250","1":"post","2":"type-post","3":"status-publish","4":"format-standard","5":"has-post-thumbnail","7":"category-nantes","8":"tag-actu","9":"tag-actualites","10":"tag-cambriolage","11":"tag-eu","12":"tag-europe","13":"tag-fr","14":"tag-france","15":"tag-gendarmerie","16":"tag-nantes","17":"tag-news","18":"tag-pays-de-la-loire","19":"tag-republique-francaise"},"share_on_mastodon":{"url":"https:\/\/pubeurope.com\/@fr\/115151941420323298","error":""},"_links":{"self":[{"href":"https:\/\/www.europesays.com\/fr\/wp-json\/wp\/v2\/posts\/368250","targetHints":{"allow":["GET"]}}],"collection":[{"href":"https:\/\/www.europesays.com\/fr\/wp-json\/wp\/v2\/posts"}],"about":[{"href":"https:\/\/www.europesays.com\/fr\/wp-json\/wp\/v2\/types\/post"}],"author":[{"embeddable":true,"href":"https:\/\/www.europesays.com\/fr\/wp-json\/wp\/v2\/users\/2"}],"replies":[{"embeddable":true,"href":"https:\/\/www.europesays.com\/fr\/wp-json\/wp\/v2\/comments?post=368250"}],"version-history":[{"count":0,"href":"https:\/\/www.europesays.com\/fr\/wp-json\/wp\/v2\/posts\/368250\/revisions"}],"wp:featuredmedia":[{"embeddable":true,"href":"https:\/\/www.europesays.com\/fr\/wp-json\/wp\/v2\/media\/368251"}],"wp:attachment":[{"href":"https:\/\/www.europesays.com\/fr\/wp-json\/wp\/v2\/media?parent=368250"}],"wp:term":[{"taxonomy":"category","embeddable":true,"href":"https:\/\/www.europesays.com\/fr\/wp-json\/wp\/v2\/categories?post=368250"},{"taxonomy":"post_tag","embeddable":true,"href":"https:\/\/www.europesays.com\/fr\/wp-json\/wp\/v2\/tags?post=368250"}],"curies":[{"name":"wp","href":"https:\/\/api.w.org\/{rel}","templated":true}]}}