{"id":368254,"date":"2025-09-05T13:33:11","date_gmt":"2025-09-05T13:33:11","guid":{"rendered":"https:\/\/www.europesays.com\/fr\/368254\/"},"modified":"2025-09-05T13:33:11","modified_gmt":"2025-09-05T13:33:11","slug":"un-vide-dressing-xxl-arrive-a-bordeaux","status":"publish","type":"post","link":"https:\/\/www.europesays.com\/fr\/368254\/","title":{"rendered":"Un vide-dressing XXL arrive \u00e0 Bordeaux !"},"content":{"rendered":"<p>Si tu cherches \u00e0 renouveler ta garde-robe sans te ruiner, c\u2019est le moment de noter ce rendez-vous dans ton agenda.\u00a0<a href=\"https:\/\/www.violettesauvage.fr\" target=\"_blank\" rel=\"noreferrer noopener nofollow\">Violette Sauvage<\/a>, le collectif embl\u00e9matique de la mode circulaire, revient \u00e0\u00a0<strong>Bordeaux<\/strong>\u00a0pour une nouvelle \u00e9dition XXL les\u00a0<strong>4 et 5 octobre 2025<\/strong>. Cet \u00e9v\u00e9nement, devenu incontournable, te promet de belles surprises ! <\/p>\n<p style=\"font-size:16px\">Pendant deux jours, les\u00a0<strong>1 000 m\u00b2<\/strong>\u00a0des <strong><a href=\"https:\/\/lesvivresdelart.org\" target=\"_blank\" rel=\"noreferrer noopener nofollow\">Vivres de l\u2019Art<\/a><\/strong>, <strong>lieu class\u00e9 au patrimoine historique<\/strong>, se transforment en\u00a0<strong>temple du vide-dressing<\/strong>. Tu pourras chiner v\u00eatements, chaussures, sacs, bijoux et accessoires de seconde main, mais aussi d\u00e9couvrir des\u00a0<strong>pi\u00e8ces uniques<\/strong>\u00a0\u00e0 petits prix. Que tu sois fashionista \u00e0 la recherche d\u2019un look <strong>original<\/strong> ou simplement curieux de d\u00e9nicher des bonnes affaires, l\u2019\u00e9v\u00e9nement est fait pour toi.<\/p>\n<p><img fetchpriority=\"high\" decoding=\"async\" width=\"700\" height=\"467\" src=\"https:\/\/www.europesays.com\/fr\/wp-content\/uploads\/2025\/09\/OK-VD.jpeg\" alt=\"\" class=\"wp-image-83225\" style=\"width:751px;height:auto\"  \/>Les stands du vide-dressing Violette Sauvage regorgent de tr\u00e9sors \u00e0 d\u00e9nicher : v\u00eatements, accessoires et pi\u00e8ces uniques t\u2019attendent dans une ambiance festive et conviviale.\u00a9violette sauvage<\/p>\n<p style=\"font-size:16px\"><strong>Violette Sauvage<\/strong> ne se limite pas au shopping. L\u2019ambiance est conviviale et anim\u00e9e tout au long du week-end. Tu pourras profiter de\u00a0<strong>food trucks<\/strong>\u00a0pour une pause gourmande,<strong> te faire tatouer, recevoir un<\/strong>\u00a0<strong>massage relaxant<\/strong>, ou participer \u00e0 d\u2019autres animations surprises. Le collectif aime cr\u00e9er une\u00a0<strong>exp\u00e9rience immersive<\/strong>, o\u00f9 le <strong>plaisir du shopping<\/strong> s\u2019accompagne de moments de d\u00e9tente et de d\u00e9couvertes inattendues.<\/p>\n<p style=\"font-size:16px\">Si tu souhaites<strong> vider ton placard <\/strong>et proposer <strong>tes propres v\u00eatements<\/strong> \u00e0 la vente, les\u00a0<strong>inscriptions pour r\u00e9server un stand<\/strong> sont d\u00e9j\u00e0 ouvertes en ligne. Mais attention : les\u00a0<strong>places sont limit\u00e9es et attribu\u00e9es selon le principe du \u201cpremiers arriv\u00e9s, premiers servis\u201d<\/strong> alors soit sur le qui-vive ! M\u00eame les acheteurs devront se <strong>d\u00e9placer t\u00f4t pour profiter des meilleures pi\u00e8ces, <\/strong>car <strong>les stands seront renouvel\u00e9s<\/strong> tout au long du week-end, garantissant un flux constant de trouvailles.<\/p>\n<p><img loading=\"lazy\" decoding=\"async\" width=\"1024\" height=\"494\" src=\"https:\/\/www.europesays.com\/fr\/wp-content\/uploads\/2025\/09\/Banniere-Palais-de-la-Femme-octobre-2019.jpeg\" alt=\"\" class=\"wp-image-83227\"  \/>Entre food trucks, animations et rencontres mode, les visiteurs restent sur le qui-vive pour ne rien manquer lors de cette \u00e9dition XXL bordelaise.\u00a9violette sauvage<\/p>\n<p style=\"font-size:16px\">Au-del\u00e0 du shopping,\u00a0<strong>Violette Sauvage<\/strong>\u00a0est une<strong> vitrine<\/strong> de la\u00a0<strong>mode circulaire<\/strong>, incitant chacun \u00e0 adopter une d\u00e9marche responsable. En <strong>favorisant la revente<\/strong> et le<strong> recyclage de v\u00eatements<\/strong>, l\u2019\u00e9v\u00e9nement <strong>promeut<\/strong> un <strong>mode de consommation plus durable et conscient<\/strong>, <strong>tout en offrant une exp\u00e9rience festive et conviviale.<\/strong><\/p>\n<p style=\"font-size:16px\">Avec son m\u00e9lange unique de\u00a0<strong>bonnes affaires, animations et cadre exceptionnel<\/strong>, Violette Sauvage transforme la ville en un rendez-vous incontournable pour tous ceux qui veulent allier plaisir du shopping et d\u00e9marche responsable. Alors pr\u00e9pare tes sacs, r\u00e9serve ton stand si tu veux vendre et viens d\u00e9couvrir les\u00a0<strong>tr\u00e9sors du vide-dressing bordelais<\/strong>\u00a0lors de cette \u00e9dition XXL.<\/p>\n<p class=\"has-text-align-center\" style=\"font-size:16px\"><strong>On y va ? <\/strong><br \/>\ud83d\udccdLes Vivres de l\u2019Art, 4 rue Achard, Bordeaux<br \/>\ud83d\udcc5 samedi 4 et dimanche 5 octobre 2025  11h \u00e0 18h<br \/>\ud83d\udc9bOuvert \u00e0 tous.tes<br \/>\u27a1\ufe0f<a href=\"https:\/\/www.violettesauvage.fr\/evenement\/vide-dressing-bordeaux-vivres-de-lart-3\/\" target=\"_blank\" rel=\"noreferrer noopener nofollow\">Pour plus d\u2019informations <\/a>\u2022 <a href=\"https:\/\/www.violettesauvage.fr\/vide-dressing-bordeaux-vivres-de-lart-4-et-5-octobre-2025\/\" target=\"_blank\" rel=\"noreferrer noopener nofollow\">Inscription<\/a><br \/>\ud83d\udcf2<a href=\"https:\/\/www.violettesauvage.fr\" target=\"_blank\" rel=\"noreferrer noopener nofollow\">Site web<\/a>\u00a0\u2022\u00a0<a href=\"https:\/\/www.instagram.com\/violettesauvage\/\" target=\"_blank\" rel=\"noreferrer noopener nofollow\">Instagram<\/a><\/p>\n<p style=\"font-size:16px\">\u00c0 lire aussi : <a href=\"https:\/\/www.bougerabordeaux.com\/food\/decouvre-la-madrague-le-bar-incontournable-de-bordeaux\/\" target=\"_blank\" rel=\"noreferrer noopener nofollow\">D\u00e9couvre La Madrague,\u00a0le bar incontournable de Bordeaux !<\/a><\/p>\n<p>\t\t<script async src=\"\/\/www.instagram.com\/embed.js\"><\/script><\/p>\n","protected":false},"excerpt":{"rendered":"Si tu cherches \u00e0 renouveler ta garde-robe sans te ruiner, c\u2019est le moment de noter ce rendez-vous dans&hellip;\n","protected":false},"author":2,"featured_media":368255,"comment_status":"","ping_status":"","sticky":false,"template":"","format":"standard","meta":{"footnotes":""},"categories":[2817],"tags":[1111,11,1997,1777,674,1011,27,12,2219,25],"class_list":{"0":"post-368254","1":"post","2":"type-post","3":"status-publish","4":"format-standard","5":"has-post-thumbnail","7":"category-bordeaux","8":"tag-actu","9":"tag-actualites","10":"tag-bordeaux","11":"tag-eu","12":"tag-europe","13":"tag-fr","14":"tag-france","15":"tag-news","16":"tag-nouvelle-aquitaine","17":"tag-republique-francaise"},"share_on_mastodon":{"url":"https:\/\/pubeurope.com\/@fr\/115151949454607929","error":""},"_links":{"self":[{"href":"https:\/\/www.europesays.com\/fr\/wp-json\/wp\/v2\/posts\/368254","targetHints":{"allow":["GET"]}}],"collection":[{"href":"https:\/\/www.europesays.com\/fr\/wp-json\/wp\/v2\/posts"}],"about":[{"href":"https:\/\/www.europesays.com\/fr\/wp-json\/wp\/v2\/types\/post"}],"author":[{"embeddable":true,"href":"https:\/\/www.europesays.com\/fr\/wp-json\/wp\/v2\/users\/2"}],"replies":[{"embeddable":true,"href":"https:\/\/www.europesays.com\/fr\/wp-json\/wp\/v2\/comments?post=368254"}],"version-history":[{"count":0,"href":"https:\/\/www.europesays.com\/fr\/wp-json\/wp\/v2\/posts\/368254\/revisions"}],"wp:featuredmedia":[{"embeddable":true,"href":"https:\/\/www.europesays.com\/fr\/wp-json\/wp\/v2\/media\/368255"}],"wp:attachment":[{"href":"https:\/\/www.europesays.com\/fr\/wp-json\/wp\/v2\/media?parent=368254"}],"wp:term":[{"taxonomy":"category","embeddable":true,"href":"https:\/\/www.europesays.com\/fr\/wp-json\/wp\/v2\/categories?post=368254"},{"taxonomy":"post_tag","embeddable":true,"href":"https:\/\/www.europesays.com\/fr\/wp-json\/wp\/v2\/tags?post=368254"}],"curies":[{"name":"wp","href":"https:\/\/api.w.org\/{rel}","templated":true}]}}