{"id":368266,"date":"2025-09-05T13:39:08","date_gmt":"2025-09-05T13:39:08","guid":{"rendered":"https:\/\/www.europesays.com\/fr\/368266\/"},"modified":"2025-09-05T13:39:08","modified_gmt":"2025-09-05T13:39:08","slug":"marseille-raser-des-maisons-provencales-pour-ce-projet-immobilier-massif-la-justice-dit-non","status":"publish","type":"post","link":"https:\/\/www.europesays.com\/fr\/368266\/","title":{"rendered":"Marseille. Raser des maisons \u00ab\u00a0proven\u00e7ales\u00a0\u00bb pour ce projet immobilier \u00ab\u00a0massif\u00a0\u00bb, la justice dit \u00ab\u00a0non\u00a0\u00bb"},"content":{"rendered":"<p>            Par<br \/>\n        <strong><br \/>\n            <a href=\"https:\/\/actu.fr\/auteur\/redaction-marseille\" title=\"Consulter tous les articles de R\u00e9daction Marseille\" rel=\"nofollow noopener\" target=\"_blank\">R\u00e9daction Marseille<\/a><br \/>\n        <\/strong><\/p>\n<p>        Publi\u00e9 le<\/p>\n<p>            5 sept. 2025 \u00e0 15h34        <\/p>\n<p>Le tribunal administratif de <a href=\"https:\/\/actu.fr\/marseille\/\" rel=\"nofollow noopener\" target=\"_blank\">Marseille<\/a> a d\u00e9savou\u00e9 le promoteur immobilier qui voulait faire construire <strong>une \u00ab\u2009r\u00e9sidence pour s\u00e9niors avec services\u2009\u00bb<\/strong> au 25 boulevard du Cabot, dans le 9e arrondissement de Marseille (<a href=\"https:\/\/actu.fr\/provence-alpes-cote-d-azur\/bouches-du-rhone_13\" rel=\"nofollow noopener\" target=\"_blank\">Bouches-du-Rh\u00f4ne<\/a>), \u00e0 l\u2019extr\u00e9mit\u00e9 du <a href=\"https:\/\/actu.fr\/provence-alpes-cote-d-azur\/marseille_13055\/marseille-c-est-quoi-ce-boulevard-urbain-sud-voulu-par-la-metropole-et-boude-par-benoit-payan_62810771.html\" rel=\"nofollow noopener\" target=\"_blank\">Boulevard urbain sud<\/a> (BUS). La\u00a0soci\u00e9t\u00e9 civile de construction-vente (SCCV) 25 Cabot\u00a0\u2013 d\u00e9tenue par Michael Mettoudy et Pierre Mattout \u2013 reprochait pourtant au maire de Marseille Beno\u00eet Payan (ex-PS) de lui <strong>avoir \u00ab\u2009retir\u00e9\u2009\u00bb ill\u00e9galement en mai\u00a02021 le permis de construire \u00ab\u2009tacite\u2009\u00bb<\/strong> dont elle estimait \u00eatre titulaire pour faire sortir de terre ces 85 logements.<\/p>\n<p>Dans un \u00ab\u2009tissu urbain plut\u00f4t a\u00e9r\u00e9\u2009\u00bb<\/p>\n<p class=\" wall-content\">Son projet se situe en fait <strong>au sud de la zone d\u2019am\u00e9nagement concert\u00e9 (ZAC) du Vallon R\u00e9gny,<\/strong> une zone \u00ab\u2009strat\u00e9gique\u2009\u00bb de 34 hectares qui doit \u00ab\u2009d\u00e9senclaver\u2009\u00bb les quartiers sud de Marseille selon la Sol\u00e9am, l\u2019am\u00e9nageur de la m\u00e9tropole Aix \u2013 Marseille \u2013 Provence.<\/p>\n<p>    <a href=\"https:\/\/www.google.com\/maps\/embed?pb=!1m18!1m12!1m3!1d2727.7615070137877!2d5.4138921757707195!3d43.26028977775511!2m3!1f0!2f0!3f0!3m2!1i1024!2i768!4f13.1!3m3!1m2!1s0x12c9b8c03c1e9b3b%3A0x2899c434f7553be6!2s25%20Bd%20du%20Cabot%2C%2013009%20Marseille!5e1!3m2!1sfr!2sfr!4v1757076959908!5m2!1sfr!2sfr\" title=\"Ouvrie le lien\" rel=\"nofollow noopener\" target=\"_blank\">Cliquez ici pour visualiser le contenu<\/a><\/p>\n<p class=\" wall-content\">Le \u00ab\u2009nouveau projet urbain\u2009\u00bb inscrit au Plan local d\u2019urbanisme intercommunal (PLUi) pr\u00e9voit la cr\u00e9ation de <strong>1.000 nouveaux logements<\/strong> et ambitionne de faire du Boulevard urbain sud \u00ab\u2009un trait d\u2019union du quartier et f\u00e9d\u00e9rateur de l\u2019intensit\u00e9 urbaine\u2009\u00bb.<\/p>\n<p class=\" wall-content\">\u00ab\u2009Le secteur [\u2026] alterne <strong>des zones r\u00e9sidentielles essentiellement compos\u00e9es d\u2019habitats individuels et des zones d\u2019habitat collectif<\/strong> [\u2026], le tout formant un tissu urbain plut\u00f4t a\u00e9r\u00e9\u2009\u00bb, resitue ainsi le tribunal administratif de Marseille dans un jugement en date du 20\u00a0juin 2025 qui vient d\u2019\u00eatre rendu public.<\/p>\n<p class=\" wall-content\">\u00ab\u2009L\u2019environnement proche du projet est une zone o\u00f9 l\u2019habitat collectif domine et se compose de constructions [\u2026] sur des hauteurs variant de R +\u00a03 \u00e0 R +\u00a04, un immeuble \u00e9difi\u00e9 en R +\u00a010 se situant \u00e0 quelques centaines de m\u00e8tres du projet.\u2009\u00bb<\/p>\n<p>\u00ab\u2009Des constructions massives et denses\u2009\u00bb<\/p>\n<p class=\" wall-content\">Or le projet de r\u00e9sidence pour s\u00e9niors de la SCCV 25 Cabot est constitu\u00e9 de \u00ab\u2009deux immeubles en R +\u00a06 en enfilade\u2009\u00bb en parall\u00e8le du Boulevard urbain sud. \u00ab\u2009Ces constructions pr\u00e9sentent des fa\u00e7ades <strong>relativement imposantes<\/strong>\u2009\u00bb, trouvent les juges.<\/p>\n<p>Votre r\u00e9gion, votre actu !<\/p>\n<p>Recevez chaque jour les infos qui comptent pour vous.<\/p>\n<p>\t<a href=\"https:\/\/actu.fr\/newsletter\" class=\"ac-btn ac-btn--corner ac-btn--medium ac-btn--blue800\" rel=\"nofollow noopener\" target=\"_blank\">S&rsquo;incrire<\/a><\/p>\n<p class=\" wall-content\">\u00ab\u2009Le projet ajoute [\u2026], dans un secteur qui ne comporte que deux immeubles de volume \u00e9quivalent, des constructions massives et denses <strong>en lieu et place de sept maisons individuelles de style plut\u00f4t proven\u00e7al<\/strong> et discr\u00e8tement implant\u00e9es sur le terrain d\u2019assiette.\u2009\u00bb<\/p>\n<p class=\" wall-content\">La \u00ab\u2009v\u00e9g\u00e9talisation\u2009\u00bb qui \u00e9tait pr\u00e9vue par le promoteur <strong>\u00ab\u2009ne suffit pas \u00e0 att\u00e9nuer le caract\u00e8re massif\u2009\u00bb<\/strong> de ses immeubles, alors que celui situ\u00e9 le plus pr\u00e8s du BUS \u00ab\u2009ne pr\u00e9voit pas d\u2019ombri\u00e8re\u2009\u00bb.<\/p>\n<p>\u00ab\u2009Prot\u00e9ger du soleil d\u2019\u00e9t\u00e9\u2009\u00bb<\/p>\n<p class=\" wall-content\">Une des Orientations d\u2019am\u00e9nagement et de programmation (OAP) de ce secteur de la ZAC \u00ab\u2009recommandait\u2009\u00bb pourtant de \u00ab\u2009prot\u00e9ger du soleil d\u2019\u00e9t\u00e9\u2009\u00bb les logements orient\u00e9s plein sud par <strong>des \u00ab\u2009protections solaires adapt\u00e9es\u2009\u00bb.<\/strong><\/p>\n<p class=\" wall-content\">L\u2019OAP limitait aussi \u00e0 \u00ab\u200940\u2009%\u2009\u00bb le nombre de logements \u00ab\u2009mono-orient\u00e9s\u2009\u00bb, c\u2019est-\u00e0-dire avec des ouvertures toutes dirig\u00e9es vers le m\u00eame point cardinal. <strong>Or, dans cette r\u00e9sidence pour s\u00e9niors, \u00ab\u200954\u2009%\u2009\u00bb des 85 logements sont \u00ab\u2009mono-orient\u00e9s\u2009\u00bb,<\/strong> calcule le tribunal\u2009: seuls 33 logements auraient d\u00fb l\u2019\u00eatre au lieu des 46 pr\u00e9vus.<\/p>\n<p class=\" wall-content\">Sur ce point, le tribunal administratif de Marseille a donn\u00e9 raison au promoteur. \u00ab\u2009Le projet ne repr\u00e9sente que 8,5\u2009% du nombre de logements \u00e0 cr\u00e9er sur la zone\u2009\u00bb, relativisent en effet les juges.<\/p>\n<p class=\" wall-content\">\u00ab\u2009La population \u00e0 laquelle s\u2019adresse le projet [de r\u00e9sidence pour personnes \u00e2g\u00e9es] vit majoritairement seule. [\u2026] Au regard de cette consid\u00e9ration sociologique, la n\u00e9cessit\u00e9 d\u2019appartements principalement de petite superficie rend techniquement impossible la construction de logements majoritairement traversants.\u2009\u00bb<\/p>\n<p>Le \u00ab\u2009retrait\u2009\u00bb du permis demeure l\u00e9gal<\/p>\n<p class=\" wall-content\">Par ailleurs, \u00ab\u200933\u2009\u00bb des logements du projet sont \u00ab\u2009doublement ou triplement orient\u00e9s\u2009\u00bb et six sont \u00ab\u2009traversants\u2009\u00bb, ce qui illustre <strong>une \u00ab\u2009volont\u00e9\u2009\u00bb de \u00ab\u2009concilier les contraintes techniques et sociologiques\u2009\u00bb.<\/strong><\/p>\n<p class=\" wall-content\">\u00ab\u2009Si la commune soutient [qu\u2019] aucune mesure de protection contre le soleil n\u2019a \u00e9t\u00e9 mise en place [\u2026] alors que <strong>le projet est cens\u00e9 abriter des personnes \u00e2g\u00e9es,<\/strong> [\u2026] les fa\u00e7ades sud [\u2026] expos\u00e9es au soleil sont agr\u00e9ment\u00e9es de balcons filants sur toute leur longueur\u2009\u00bb, souligne le tribunal administratif de Marseille.<\/p>\n<p class=\" wall-content\">\u00ab\u2009Ces dispositifs [\u2026] r\u00e9pondent exactement aux pr\u00e9conisations de l\u2019OAP.\u2009\u00bb Des \u00ab\u2009dispositifs occultants propres \u00e0 chaque appartement\u2009\u00bb sont au demeurant pr\u00e9vus. Un \u00e9l\u00e9ment toutefois pas suffisant pour inverser la tendance\u2009: le \u00ab\u2009retrait\u2009\u00bb du permis de construire par le maire de Marseille demeure l\u00e9gal au vu du <strong>caract\u00e8re trop \u00ab\u2009massif\u2009\u00bb du projet.<\/strong><\/p>\n<p class=\" wall-content\"><strong>GF \/ PressPepper<\/strong><\/p>\n<p class=\" wall-content\">Personnalisez votre actualit\u00e9 en ajoutant vos villes et m\u00e9dias en favori avec <a href=\"https:\/\/moncompte.actu.fr\" title=\"D\u00e9couvez Mon Actu\" rel=\"nofollow noopener\" data-trk=\"{&quot;cta&quot;:{&quot;action&quot;:&quot;https:\\\/\\\/moncompte.actu.fr&quot;,&quot;category&quot;:&quot;mon compte&quot;,&quot;from&quot;:&quot;article footer&quot;,&quot;name&quot;:&quot;Mon actu&quot;,&quot;type&quot;:&quot;cta&quot;}}\" target=\"_blank\">Mon Actu<\/a>.<\/p>\n","protected":false},"excerpt":{"rendered":"Par R\u00e9daction Marseille Publi\u00e9 le 5 sept. 2025 \u00e0 15h34 Le tribunal administratif de Marseille a d\u00e9savou\u00e9 le&hellip;\n","protected":false},"author":2,"featured_media":368267,"comment_status":"","ping_status":"","sticky":false,"template":"","format":"standard","meta":{"footnotes":""},"categories":[2814],"tags":[1111,11,1777,674,1011,27,303,884,12,882,25,104,1352],"class_list":{"0":"post-368266","1":"post","2":"type-post","3":"status-publish","4":"format-standard","5":"has-post-thumbnail","7":"category-marseille","8":"tag-actu","9":"tag-actualites","10":"tag-eu","11":"tag-europe","12":"tag-fr","13":"tag-france","14":"tag-justice","15":"tag-marseille","16":"tag-news","17":"tag-provence-alpes-cote-dazur","18":"tag-republique-francaise","19":"tag-societe","20":"tag-urbanisme"},"share_on_mastodon":{"url":"https:\/\/pubeurope.com\/@fr\/115151972906407676","error":""},"_links":{"self":[{"href":"https:\/\/www.europesays.com\/fr\/wp-json\/wp\/v2\/posts\/368266","targetHints":{"allow":["GET"]}}],"collection":[{"href":"https:\/\/www.europesays.com\/fr\/wp-json\/wp\/v2\/posts"}],"about":[{"href":"https:\/\/www.europesays.com\/fr\/wp-json\/wp\/v2\/types\/post"}],"author":[{"embeddable":true,"href":"https:\/\/www.europesays.com\/fr\/wp-json\/wp\/v2\/users\/2"}],"replies":[{"embeddable":true,"href":"https:\/\/www.europesays.com\/fr\/wp-json\/wp\/v2\/comments?post=368266"}],"version-history":[{"count":0,"href":"https:\/\/www.europesays.com\/fr\/wp-json\/wp\/v2\/posts\/368266\/revisions"}],"wp:featuredmedia":[{"embeddable":true,"href":"https:\/\/www.europesays.com\/fr\/wp-json\/wp\/v2\/media\/368267"}],"wp:attachment":[{"href":"https:\/\/www.europesays.com\/fr\/wp-json\/wp\/v2\/media?parent=368266"}],"wp:term":[{"taxonomy":"category","embeddable":true,"href":"https:\/\/www.europesays.com\/fr\/wp-json\/wp\/v2\/categories?post=368266"},{"taxonomy":"post_tag","embeddable":true,"href":"https:\/\/www.europesays.com\/fr\/wp-json\/wp\/v2\/tags?post=368266"}],"curies":[{"name":"wp","href":"https:\/\/api.w.org\/{rel}","templated":true}]}}