{"id":368268,"date":"2025-09-05T13:40:09","date_gmt":"2025-09-05T13:40:09","guid":{"rendered":"https:\/\/www.europesays.com\/fr\/368268\/"},"modified":"2025-09-05T13:40:09","modified_gmt":"2025-09-05T13:40:09","slug":"lex-femme-de-lassaillant-de-marseille-se-dit-effaree-quil-ait-ete-laisse-en-liberte-apres-sa-premiere-condamnation","status":"publish","type":"post","link":"https:\/\/www.europesays.com\/fr\/368268\/","title":{"rendered":"l&rsquo;ex-femme de l&rsquo;assaillant de Marseille se dit \u00ab\u00a0effar\u00e9e\u00a0\u00bb qu&rsquo;il ait \u00e9t\u00e9 laiss\u00e9 en libert\u00e9 apr\u00e8s sa premi\u00e8re condamnation"},"content":{"rendered":"<p>Sophie, l&rsquo;ex-\u00e9pouse de l&rsquo;assaillant de Marseille, t\u00e9moigne aupr\u00e8s de BFMTV ce vendredi 5 septembre. Elle dit ne pas comprendre pourquoi il se trouvait en libert\u00e9, alors qu&rsquo;il avait d\u00e9j\u00e0 \u00e9t\u00e9 condamn\u00e9 pour violences aggrav\u00e9es.<\/p>\n<p>Trois jours apr\u00e8s <a href=\"https:\/\/www.bfmtv.com\/police-justice\/attaque-au-couteau-a-marseille-la-personne-gravement-blessee-est-actuellement-hors-de-danger_AN-202509030695.html\" title=\"Attaque au couteau \u00e0 Marseille: la personne gravement bless\u00e9e est &quot;actuellement hors de danger&quot;\" class=\"internal_link\" rel=\"nofollow noopener\" target=\"_blank\">l&rsquo;attaque au couteau \u00e0 Marseille<\/a> qui a fait 5 bless\u00e9s graves mardi dernier, l&rsquo;ex-\u00e9pouse de l&rsquo;assaillant, qui a \u00e9t\u00e9 tu\u00e9, t\u00e9moigne ce vendredi 5 septembre aupr\u00e8s de BFMTV. Elle dit ne pas comprendre comment cet homme, qui a \u00e9t\u00e9 tu\u00e9 par les forces de l&rsquo;ordre mardi, pouvait \u00eatre en libert\u00e9 malgr\u00e9 une pr\u00e9c\u00e9dente condamnation pour \u00ab\u00a0violences aggrav\u00e9es\u00a0\u00bb.<\/p>\n<blockquote class=\"embed embed_quote\"><p>\u00ab\u00a0Je suis effar\u00e9e\u00a0\u00bb, dit-elle.<\/p><\/blockquote>\n<p>\u00ab\u00a0Je me dis &lsquo;mais comment est-ce possible de laisser quelqu&rsquo;un qui fait une tentative de meurtre en libert\u00e9?&rsquo; (Abdelkader D. a \u00e9t\u00e9 condamn\u00e9 pour violences aggrav\u00e9es, NDLR), je suis rest\u00e9e choqu\u00e9e pendant tr\u00e8s longtemps\u00a0\u00bb, d\u00e9plore-t-elle.<\/p>\n<p>\u00ab\u00a0Il a pr\u00e9sent\u00e9 des excuses, il a expliqu\u00e9 qu&rsquo;il n&rsquo;\u00e9tait pas lui-m\u00eame. Il avait un contr\u00f4le judiciaire et devait se pr\u00e9senter toutes les semaines \u00e0 la gendarmerie et puis il y a obligation de soins. Mais quels soins? Il n&rsquo;a rien eu\u00a0\u00bb, affirme-t-elle.<\/p>\n<p>Abdelkader D. <a href=\"https:\/\/www.bfmtv.com\/police-justice\/controle-judiciaire-troubles-psychiatriques-le-profil-du-suspect-de-l-attaque-au-couteau-a-marseille_AV-202509030468.html\" title=\"Contr\u00f4le judiciaire, troubles psychiatriques\u2026 Le profil du suspect de l&#039;attaque au couteau \u00e0 Marseille\" class=\"internal_link\" rel=\"nofollow noopener\" target=\"_blank\">avait \u00e9t\u00e9 condamn\u00e9<\/a> pour \u00ab\u00a0violences aggrav\u00e9es\u00a0\u00bb \u00e0 quatre ans de prison, dont un ferme, mais sans mandat de d\u00e9p\u00f4t, en mai 2025. Il avait fait appel, raison pour laquelle il n&rsquo;\u00e9tait pas en d\u00e9tention.<\/p>\n<p><strong>&gt;&gt; Plus d&rsquo;informations \u00e0 venir sur BFMTV.com&#8230;<\/strong><\/p>\n<p>Vincent Henin et Astrid Bergere<\/p>\n","protected":false},"excerpt":{"rendered":"Sophie, l&rsquo;ex-\u00e9pouse de l&rsquo;assaillant de Marseille, t\u00e9moigne aupr\u00e8s de BFMTV ce vendredi 5 septembre. Elle dit ne pas&hellip;\n","protected":false},"author":2,"featured_media":368269,"comment_status":"","ping_status":"","sticky":false,"template":"","format":"standard","meta":{"footnotes":""},"categories":[2814],"tags":[1111,11,1777,674,1011,27,884,12,882,25],"class_list":{"0":"post-368268","1":"post","2":"type-post","3":"status-publish","4":"format-standard","5":"has-post-thumbnail","7":"category-marseille","8":"tag-actu","9":"tag-actualites","10":"tag-eu","11":"tag-europe","12":"tag-fr","13":"tag-france","14":"tag-marseille","15":"tag-news","16":"tag-provence-alpes-cote-dazur","17":"tag-republique-francaise"},"share_on_mastodon":{"url":"https:\/\/pubeurope.com\/@fr\/115151976967594262","error":""},"_links":{"self":[{"href":"https:\/\/www.europesays.com\/fr\/wp-json\/wp\/v2\/posts\/368268","targetHints":{"allow":["GET"]}}],"collection":[{"href":"https:\/\/www.europesays.com\/fr\/wp-json\/wp\/v2\/posts"}],"about":[{"href":"https:\/\/www.europesays.com\/fr\/wp-json\/wp\/v2\/types\/post"}],"author":[{"embeddable":true,"href":"https:\/\/www.europesays.com\/fr\/wp-json\/wp\/v2\/users\/2"}],"replies":[{"embeddable":true,"href":"https:\/\/www.europesays.com\/fr\/wp-json\/wp\/v2\/comments?post=368268"}],"version-history":[{"count":0,"href":"https:\/\/www.europesays.com\/fr\/wp-json\/wp\/v2\/posts\/368268\/revisions"}],"wp:featuredmedia":[{"embeddable":true,"href":"https:\/\/www.europesays.com\/fr\/wp-json\/wp\/v2\/media\/368269"}],"wp:attachment":[{"href":"https:\/\/www.europesays.com\/fr\/wp-json\/wp\/v2\/media?parent=368268"}],"wp:term":[{"taxonomy":"category","embeddable":true,"href":"https:\/\/www.europesays.com\/fr\/wp-json\/wp\/v2\/categories?post=368268"},{"taxonomy":"post_tag","embeddable":true,"href":"https:\/\/www.europesays.com\/fr\/wp-json\/wp\/v2\/tags?post=368268"}],"curies":[{"name":"wp","href":"https:\/\/api.w.org\/{rel}","templated":true}]}}