{"id":368270,"date":"2025-09-05T13:41:21","date_gmt":"2025-09-05T13:41:21","guid":{"rendered":"https:\/\/www.europesays.com\/fr\/368270\/"},"modified":"2025-09-05T13:41:21","modified_gmt":"2025-09-05T13:41:21","slug":"musiques-lyon-six-concerts-classiques-et-contemporains-a-ne-pas-rater-par-jed","status":"publish","type":"post","link":"https:\/\/www.europesays.com\/fr\/368270\/","title":{"rendered":"Musiques Lyon &#8211; Six concerts classiques et contemporains \u00e0 ne pas rater par JED"},"content":{"rendered":"<p itemprop=\"description\" style=\"font-weight: 600;\">S\u00e9lection \/ De Schubert \u00e0 Moondog, de l&rsquo;opulence symphonique de Mahler aux r\u00e9citals pour piano, voici six rendez-vous musicaux h\u00e9t\u00e9roclites qui ont retenu notre oreille pour l&rsquo;automne et le d\u00e9but de l&rsquo;hiver.<\/p>\n<p><img decoding=\"async\" src=\"https:\/\/www.europesays.com\/fr\/wp-content\/uploads\/2025\/09\/2025-09-04-21-03-40_20220922JMignotONL70132.jpg\" alt=\"\"\/><\/p>\n<p style=\"font-size:12px;\">Photo : ONL (c)J Mignot<\/p>\n<p>Mahler Symphonie N\u00b06\u00a0<\/p>\n<p>L&rsquo;Orchestre National de Lyon poursuit ses p\u00e9r\u00e9grinations parmi le paysage symphonique de Mahler avec la 6e Symphonie dite \u00ab\u00a0Tragique\u00a0\u00bb. Tragique car largement autobiographique et \u00e9voquant les aspects sombres de la vie et l&rsquo;angoisse de la mort. Compos\u00e9e en 1903 et 1904, cette \u0153uvre, au final XXL (entre 30 et 40 minutes !), est en elle-m\u00eame un monde, spectacle autant visuel (pour suivre des yeux les subtilit\u00e9s de la composition) que musical.<\/p>\n<\/p>\n<p><strong>Mahler Symphonie N\u00b06\u00a0<\/strong><br \/><a href=\"https:\/\/www.auditorium-lyon.com\/fr\/saison-2025-26\/symphonique\/mahler-symphonie-6\" target=\"_blank\" rel=\"noopener nofollow\"><strong>Les 2 et 3 octobre 2025 \u00e0 l&rsquo;Auditorium (Lyon 3e) ; de 10 \u00e0 54 \u20ac<\/strong><\/a><\/p>\n<p>Boris Godounov<\/p>\n<p>Cr\u00e9\u00e9 en 1869, adapt\u00e9 d&rsquo;une pi\u00e8ce d&rsquo;Alexandre Pouchkine, l&rsquo;op\u00e9ra de Modeste Moussorgski Boris Godounov est un drame \u00e0 la fois psychologique et politique, explorant les ressorts et les travers du pouvoir. Musicalement, il est aussi une plong\u00e9e dans la culture slave et ses musiques traditionnelles.\u00a0<\/p>\n<p>Dirig\u00e9 par Vitali Alekseenok, sa mise en sc\u00e8ne sera assur\u00e9e par son compatriote russe Vasily Barkhatov qui voit dans cette \u0153uvre une d\u00e9sillusion du politique et \u00a0\u00ab l&rsquo;histoire d&rsquo;une soci\u00e9t\u00e9 indiff\u00e9rente \u00e0 sa destin\u00e9e et d\u00e9sengag\u00e9e de ses enjeux politiques \u00bb.<\/p>\n<\/p>\n<p><strong>Boris Godounov<\/strong><br \/><a href=\"https:\/\/www.opera-lyon.com\/fr\/programmation\/saison-2025-2026\/opera\/boris-godounov\" target=\"_blank\" rel=\"noopener nofollow\"><strong>Du 13 au 25 octobre 2025 \u00e0 l&rsquo;Op\u00e9ra (Lyon 1er) ; de 10 \u00e0 116 \u20ac<\/strong><\/a><\/p>\n<p>La jeune fille et la mort\u00a0<\/p>\n<p>La jeune fille et la mort est l&rsquo;une des \u0153uvres les plus connues de Schubert et, \u00e0 nos oreilles, l&rsquo;une des plus poignantes. \u00c0 partir d&rsquo;un lied compos\u00e9 sept ans plus t\u00f4t, ce quatorzi\u00e8me quatuor \u00e0 cordes n&rsquo;est ni plus ni moins qu&rsquo;une lutte (dont l&rsquo;issue est connue) entre la vie et la mort. Lors de son \u00e9criture, Schubert a vingt-sept ans, il se sait condamn\u00e9 par une syphilis, et intensifie d&rsquo;autant plus sa cr\u00e9ativit\u00e9. Le programme des musiciens de l&rsquo;ONL sera compl\u00e9t\u00e9 par le 15e quatuor \u00e0 cordes de Mozart.\u00a0<\/p>\n<\/p>\n<p><strong>La jeune fille et la mort\u00a0<\/strong><br \/><a href=\"https:\/\/www.auditorium-lyon.com\/fr\/saison-2025-26\/musique-chambre\/jeune-fille-mort\" target=\"_blank\" rel=\"noopener nofollow\"><strong>Le 21 octobre 2025 \u00e0 l&rsquo;Auditorium (Lyon 3e) ; de 10 \u00e0 19 \u20ac<\/strong><\/a><\/p>\n<p>Journ\u00e9es du piano<\/p>\n<p>L&rsquo;Auditorium met en avant le piano en consacrant \u00e0 l&rsquo;instrument trois journ\u00e9es, et en invitant quatre interpr\u00e8tes de renom. L&rsquo;autrichien Rudolf Buchbinder sera au clavier avec l&rsquo;ONL pour le Concerto pour piano N\u00b027 de Mozart. Vanessa Wagner mettra en regard les \u00c9tudes de Philip Glass avec des Pr\u00e9ludes de Bach. Jean-Pierre Gasparian (Victoire de la musique 2021) jouera Schumann et Franck. Et, last but not least, le grand pianiste russe Grigory Sokolov aura carte blanche pour son r\u00e9cital. \u00c9tant donn\u00e9 que son r\u00e9pertoire s&rsquo;\u00e9tend des musiques sacr\u00e9es \u00e0 Arnold Sch\u00f6nberg, difficile de faire des paris sur le programme qu&rsquo;il proposera !<\/p>\n<\/p>\n<p><strong>Journ\u00e9es du piano<\/strong><br \/><a href=\"https:\/\/www.auditorium-lyon.com\/fr\/journees-du-piano-2025\" target=\"_blank\" rel=\"noopener nofollow\"><strong>Les 20, 21 et 22 novembre 2025 \u00e0 l&rsquo;Auditorium (Lyon 3e) ; de 10 \u00e0 54 \u20ac<\/strong><\/a><\/p>\n<p>Moondog<\/p>\n<p>Pendant quatre jours, le festival Chapelle d&rsquo;automne remet en avant les \u00a0\u00bbclaviers anciens\u00a0\u00bb (clavecin, orgue&#8230;). Parmi la programmation, le singulier Moondog est \u00e0 l&rsquo;honneur. Son biographe Amaury Cornut donnera une conf\u00e9rence musicale sur cet \u00ab inconnu l\u00e9gendaire et aveugle visionnaire \u00bb. Le lendemain, plusieurs pi\u00e8ces de Moondog seront jou\u00e9es \u00e0 \u00ab\u00a0l&rsquo;orgue explorateur\u00a0\u00bb accompagn\u00e9es de percussions, tir\u00e9es notamment de l&rsquo;album pour orgue du compositeur, A new sound of an old instrument.<\/p>\n<\/p>\n<p><strong>Moondog<\/strong><br \/><a href=\"https:\/\/trinitelyon.com\/events\/moondog-a-travers-le-xxe-siecle\/\" target=\"_blank\" rel=\"noopener nofollow\"><strong>Conf\u00e9rence \u00a0\u00bbMoondog \u00e0 travers le 20e Si\u00e8cle\u00a0\u00bb\u00a0 jeudi 13 novembre 2025 \u00e0 la Chapelle de la Trinit\u00e9 (Lyon 2e) ; entr\u00e9e libre<\/strong><\/a><\/p>\n<p><a href=\"https:\/\/trinitelyon.com\/events\/around-moondog\/\" target=\"_blank\" rel=\"noopener nofollow\"><strong>Concert Around Moondog vendredi 14 novembre 2025 \u00e0 la Chapelle de la Trinit\u00e9 (Lyon 2e) ; de 12 \u00e0 30 \u20ac<\/strong><\/a><\/p>\n<p>L&rsquo;amour et la mer<\/p>\n<p>Ernest Chausson mit rien moins qu&rsquo;une dizaine d&rsquo;ann\u00e9es (1882-1892) pour composer son chef-d&rsquo;\u0153uvre inclassable (\u00e0 la fois cycle de m\u00e9lodies, cantate profane et monologue), Po\u00e8me de l&rsquo;amour et de la mer,  \u00e0 partir de six po\u00e8mes de son ami Maurice Bouchor. Cette \u0153uvre poignante pour voix et orchestre sera compl\u00e9t\u00e9e au programme de l&rsquo;ONL par la musique pour ballet de Stravinski, Pulcinella, nettement plus l\u00e9g\u00e8re.<\/p>\n<\/p>\n<p><strong>L&rsquo;amour et la mer<\/strong><br \/><a href=\"https:\/\/www.auditorium-lyon.com\/fr\/saison-2025-26\/symphonique\/amour-mer\" target=\"_blank\" rel=\"noopener nofollow\"><strong>Les 18 et 20 d\u00e9cembre 2025 \u00e0 l&rsquo;Auditorium (Lyon 3e) ; de 10 \u00e0 54 \u20ac<\/strong><\/a><\/p>\n","protected":false},"excerpt":{"rendered":"S\u00e9lection \/ De Schubert \u00e0 Moondog, de l&rsquo;opulence symphonique de Mahler aux r\u00e9citals pour piano, voici six rendez-vous&hellip;\n","protected":false},"author":2,"featured_media":368271,"comment_status":"","ping_status":"","sticky":false,"template":"","format":"standard","meta":{"footnotes":""},"categories":[1889],"tags":[1111,11,2430,50282,1777,674,1011,27,2428,50279,50280,1698,12,25,50281],"class_list":{"0":"post-368270","1":"post","2":"type-post","3":"status-publish","4":"format-standard","5":"has-post-thumbnail","7":"category-lyon","8":"tag-actu","9":"tag-actualites","10":"tag-auvergne-rhone-alpes","11":"tag-ernest-chausson","12":"tag-eu","13":"tag-europe","14":"tag-fr","15":"tag-france","16":"tag-lyon","17":"tag-mahler","18":"tag-moondog","19":"tag-musiques","20":"tag-news","21":"tag-republique-francaise","22":"tag-schubert"},"share_on_mastodon":{"url":"https:\/\/pubeurope.com\/@fr\/115151984373938731","error":""},"_links":{"self":[{"href":"https:\/\/www.europesays.com\/fr\/wp-json\/wp\/v2\/posts\/368270","targetHints":{"allow":["GET"]}}],"collection":[{"href":"https:\/\/www.europesays.com\/fr\/wp-json\/wp\/v2\/posts"}],"about":[{"href":"https:\/\/www.europesays.com\/fr\/wp-json\/wp\/v2\/types\/post"}],"author":[{"embeddable":true,"href":"https:\/\/www.europesays.com\/fr\/wp-json\/wp\/v2\/users\/2"}],"replies":[{"embeddable":true,"href":"https:\/\/www.europesays.com\/fr\/wp-json\/wp\/v2\/comments?post=368270"}],"version-history":[{"count":0,"href":"https:\/\/www.europesays.com\/fr\/wp-json\/wp\/v2\/posts\/368270\/revisions"}],"wp:featuredmedia":[{"embeddable":true,"href":"https:\/\/www.europesays.com\/fr\/wp-json\/wp\/v2\/media\/368271"}],"wp:attachment":[{"href":"https:\/\/www.europesays.com\/fr\/wp-json\/wp\/v2\/media?parent=368270"}],"wp:term":[{"taxonomy":"category","embeddable":true,"href":"https:\/\/www.europesays.com\/fr\/wp-json\/wp\/v2\/categories?post=368270"},{"taxonomy":"post_tag","embeddable":true,"href":"https:\/\/www.europesays.com\/fr\/wp-json\/wp\/v2\/tags?post=368270"}],"curies":[{"name":"wp","href":"https:\/\/api.w.org\/{rel}","templated":true}]}}