{"id":368274,"date":"2025-09-05T13:43:10","date_gmt":"2025-09-05T13:43:10","guid":{"rendered":"https:\/\/www.europesays.com\/fr\/368274\/"},"modified":"2025-09-05T13:43:10","modified_gmt":"2025-09-05T13:43:10","slug":"manuels-scolaires-numeriques-en-ile-de-france-la-region-met-les-choses-au-clair","status":"publish","type":"post","link":"https:\/\/www.europesays.com\/fr\/368274\/","title":{"rendered":"Manuels scolaires num\u00e9riques en \u00cele-de-France\u00a0: la R\u00e9gion met les choses au clair"},"content":{"rendered":"\n<p lang=\"fr-FR\" style=\"margin-bottom: 0cm;\">Le conseil r\u00e9gional n&rsquo;h\u00e9site pas \u00e0 \u00e9voquer des \u00ab\u00a0intox\u00a0\u00bb concernant les id\u00e9es re\u00e7ues sur ce dispositif. La collectivit\u00e9 pr\u00e9cise d&rsquo;abord que le num\u00e9rique n&rsquo;est pas impos\u00e9 aux lyc\u00e9es\u00a0: les \u00e9tablissement ont choisi. Ensuite, les manuels papiers ne sont pas supprim\u00e9s\u00a0! Financ\u00e9s par la R\u00e9gion, ils sont toujours conserv\u00e9s. Enfin, les enseignants eux-m\u00eames peuvent choisir entre les manuels num\u00e9riques \u00e9diteurs, ou bien les manuels libres r\u00e9gion.<\/p>\n<p lang=\"fr-FR\" style=\"margin-bottom: 0cm;\">\u00a0<\/p>\n<p lang=\"fr-FR\" style=\"margin-bottom: 0cm;\">Nicolas Chacun<\/p>\n<p>!function(f,b,e,v,n,t,s){if(f.fbq)return;n=f.fbq=function(){n.callMethod?<br \/>\nn.callMethod.apply(n,arguments):n.queue.push(arguments)};if(!f._fbq)f._fbq=n;<br \/>\nn.push=n;n.loaded=!0;n.version=&rsquo;2.0&prime;;n.queue=[];t=b.createElement(e);t.async=!0;<br \/>\nt.src=v;s=b.getElementsByTagName(e)[0];s.parentNode.insertBefore(t,s)}(window,<br \/>\ndocument,&rsquo;script&rsquo;,&rsquo;https:\/\/connect.facebook.net\/en_US\/fbevents.js&rsquo;);<br \/>\nfbq(&lsquo;init&rsquo;, &lsquo;278974969201861&rsquo;); \/\/ Insert your pixel ID here.<br \/>\nfbq(&lsquo;track&rsquo;, &lsquo;PageView&rsquo;);<\/p>\n","protected":false},"excerpt":{"rendered":"Le conseil r\u00e9gional n&rsquo;h\u00e9site pas \u00e0 \u00e9voquer des \u00ab\u00a0intox\u00a0\u00bb concernant les id\u00e9es re\u00e7ues sur ce dispositif. La collectivit\u00e9&hellip;\n","protected":false},"author":2,"featured_media":368275,"comment_status":"","ping_status":"","sticky":false,"template":"","format":"standard","meta":{"footnotes":""},"categories":[1592],"tags":[1111,11,1933,1936,1777,1939,674,1011,27,662,1934,12,1940,626,1935,25,1937,1941,1938],"class_list":{"0":"post-368274","1":"post","2":"type-post","3":"status-publish","4":"format-standard","5":"has-post-thumbnail","7":"category-ile-de-france","8":"tag-actu","9":"tag-actualites","10":"tag-actualites-locales","11":"tag-essonne","12":"tag-eu","13":"tag-eure-et-loir","14":"tag-europe","15":"tag-fr","16":"tag-france","17":"tag-ile-de-france","18":"tag-infos-locales","19":"tag-news","20":"tag-oise","21":"tag-paris","22":"tag-pres-de-chez-vous","23":"tag-republique-francaise","24":"tag-seine-et-marne","25":"tag-somme","26":"tag-yvelines"},"share_on_mastodon":{"url":"","error":""},"_links":{"self":[{"href":"https:\/\/www.europesays.com\/fr\/wp-json\/wp\/v2\/posts\/368274","targetHints":{"allow":["GET"]}}],"collection":[{"href":"https:\/\/www.europesays.com\/fr\/wp-json\/wp\/v2\/posts"}],"about":[{"href":"https:\/\/www.europesays.com\/fr\/wp-json\/wp\/v2\/types\/post"}],"author":[{"embeddable":true,"href":"https:\/\/www.europesays.com\/fr\/wp-json\/wp\/v2\/users\/2"}],"replies":[{"embeddable":true,"href":"https:\/\/www.europesays.com\/fr\/wp-json\/wp\/v2\/comments?post=368274"}],"version-history":[{"count":0,"href":"https:\/\/www.europesays.com\/fr\/wp-json\/wp\/v2\/posts\/368274\/revisions"}],"wp:featuredmedia":[{"embeddable":true,"href":"https:\/\/www.europesays.com\/fr\/wp-json\/wp\/v2\/media\/368275"}],"wp:attachment":[{"href":"https:\/\/www.europesays.com\/fr\/wp-json\/wp\/v2\/media?parent=368274"}],"wp:term":[{"taxonomy":"category","embeddable":true,"href":"https:\/\/www.europesays.com\/fr\/wp-json\/wp\/v2\/categories?post=368274"},{"taxonomy":"post_tag","embeddable":true,"href":"https:\/\/www.europesays.com\/fr\/wp-json\/wp\/v2\/tags?post=368274"}],"curies":[{"name":"wp","href":"https:\/\/api.w.org\/{rel}","templated":true}]}}