{"id":368276,"date":"2025-09-05T13:44:13","date_gmt":"2025-09-05T13:44:13","guid":{"rendered":"https:\/\/www.europesays.com\/fr\/368276\/"},"modified":"2025-09-05T13:44:13","modified_gmt":"2025-09-05T13:44:13","slug":"championnat-interregional-des-hauts-de-france-et-dile-de-france-les-engages-actualite","status":"publish","type":"post","link":"https:\/\/www.europesays.com\/fr\/368276\/","title":{"rendered":"Championnat interr\u00e9gional des Hauts-de-France et d&rsquo;Ile-de-France : Les engag\u00e9s &#8211; Actualit\u00e9"},"content":{"rendered":"<p>            Championnat interr\u00e9gional des Hauts-de-France et d&rsquo;Ile-de-France : Les engag\u00e9s &#8211; Actualit\u00e9 &#8211; DirectVelo<\/p>\n<p>        <a href=\"#mobile-search-modal\" class=\"close\" data-toggle=\"modal\"\/><br \/>\n        Rechercher<br \/>\n        une course, un coureur, une actualit\u00e9&#8230;<\/p>\n","protected":false},"excerpt":{"rendered":"Championnat interr\u00e9gional des Hauts-de-France et d&rsquo;Ile-de-France : Les engag\u00e9s &#8211; Actualit\u00e9 &#8211; DirectVelo Rechercher une course, un coureur,&hellip;\n","protected":false},"author":2,"featured_media":368277,"comment_status":"","ping_status":"","sticky":false,"template":"","format":"standard","meta":{"footnotes":""},"categories":[1592],"tags":[1111,11,834,828,836,829,837,827,83,826,824,823,207,814,817,815,816,822,821,1777,674,832,211,839,1011,27,662,820,818,819,12,626,835,831,830,833,838,25,212,208,825],"class_list":{"0":"post-368276","1":"post","2":"type-post","3":"status-publish","4":"format-standard","5":"has-post-thumbnail","7":"category-ile-de-france","8":"tag-actu","9":"tag-actualites","10":"tag-attaque","11":"tag-belgique","12":"tag-braquet","13":"tag-bretagne","14":"tag-chute","15":"tag-competition","16":"tag-coupe-de-france","17":"tag-coureur","18":"tag-course-cyclisme","19":"tag-course-cycliste","20":"tag-cyclisme","21":"tag-direct","22":"tag-direct-velo","23":"tag-directvelo","24":"tag-directvelo-com","25":"tag-epreuve","26":"tag-epreuve-cycliste","27":"tag-eu","28":"tag-europe","29":"tag-federation-francaise-de-cyclisme","30":"tag-ffc","31":"tag-flandres","32":"tag-fr","33":"tag-france","34":"tag-ile-de-france","35":"tag-live","36":"tag-live-course","37":"tag-live-epreuve","38":"tag-news","39":"tag-paris","40":"tag-peloton","41":"tag-radio-peloton","42":"tag-radio-tour","43":"tag-ravitaillement","44":"tag-relance","45":"tag-republique-francaise","46":"tag-uci","47":"tag-velo","48":"tag-velos"},"share_on_mastodon":{"url":"","error":"Validation failed: Text character limit of 500 exceeded"},"_links":{"self":[{"href":"https:\/\/www.europesays.com\/fr\/wp-json\/wp\/v2\/posts\/368276","targetHints":{"allow":["GET"]}}],"collection":[{"href":"https:\/\/www.europesays.com\/fr\/wp-json\/wp\/v2\/posts"}],"about":[{"href":"https:\/\/www.europesays.com\/fr\/wp-json\/wp\/v2\/types\/post"}],"author":[{"embeddable":true,"href":"https:\/\/www.europesays.com\/fr\/wp-json\/wp\/v2\/users\/2"}],"replies":[{"embeddable":true,"href":"https:\/\/www.europesays.com\/fr\/wp-json\/wp\/v2\/comments?post=368276"}],"version-history":[{"count":0,"href":"https:\/\/www.europesays.com\/fr\/wp-json\/wp\/v2\/posts\/368276\/revisions"}],"wp:featuredmedia":[{"embeddable":true,"href":"https:\/\/www.europesays.com\/fr\/wp-json\/wp\/v2\/media\/368277"}],"wp:attachment":[{"href":"https:\/\/www.europesays.com\/fr\/wp-json\/wp\/v2\/media?parent=368276"}],"wp:term":[{"taxonomy":"category","embeddable":true,"href":"https:\/\/www.europesays.com\/fr\/wp-json\/wp\/v2\/categories?post=368276"},{"taxonomy":"post_tag","embeddable":true,"href":"https:\/\/www.europesays.com\/fr\/wp-json\/wp\/v2\/tags?post=368276"}],"curies":[{"name":"wp","href":"https:\/\/api.w.org\/{rel}","templated":true}]}}