{"id":368278,"date":"2025-09-05T13:45:11","date_gmt":"2025-09-05T13:45:11","guid":{"rendered":"https:\/\/www.europesays.com\/fr\/368278\/"},"modified":"2025-09-05T13:45:11","modified_gmt":"2025-09-05T13:45:11","slug":"ce-que-lon-sait-de-cette-geante-coupure-de-courant","status":"publish","type":"post","link":"https:\/\/www.europesays.com\/fr\/368278\/","title":{"rendered":"ce que l&rsquo;on sait de cette g\u00e9ante coupure de courant"},"content":{"rendered":"<p>            Par<br \/>\n        <strong><br \/>\n            <a href=\"https:\/\/actu.fr\/auteur\/redaction-paris\" title=\"Consulter tous les articles de R\u00e9daction Paris\" target=\"_blank\" rel=\"noopener\">R\u00e9daction Paris<\/a><br \/>\n        <\/strong><\/p>\n<p>        Publi\u00e9 le<\/p>\n<p>            5 sept. 2025 \u00e0 15h31        <\/p>\n<p>La panne n\u2019a dur\u00e9 que quelques instants. Ce vendredi 5\u00a0septembre 2025, aux alentours de midi, une <a href=\"https:\/\/actu.fr\/tag\/panne\" target=\"_blank\" rel=\"noopener\">panne<\/a> d\u2019\u00e9lectricit\u00e9 g\u00e9n\u00e9ralis\u00e9e a touch\u00e9 le Forum des Halles de <a href=\"https:\/\/actu.fr\/tag\/chatelet\" target=\"_blank\" rel=\"noopener\">Ch\u00e2telet<\/a> dans le 1er arrondissement de Paris, contraignant les nombreuses enseignes du centre commercial \u00e0 <strong>suspendre leur activit\u00e9<\/strong> et \u00e0 \u00e9vacuer leurs clients. Que s\u2019est-il pass\u00e9\u2009? <a href=\"https:\/\/actu.fr\/paris\/dernieres-actus\" target=\"_blank\" rel=\"noopener\">actu Paris<\/a> fait le point.<\/p>\n<p>Les faits<\/p>\n<p class=\" wall-content\">Selon les informations du <a href=\"https:\/\/www.leparisien.fr\/paris-75\/paris-panne-generale-delectricite-a-chatelet-les-halles-le-centre-commercial-brievement-evacue-05-09-2025-LWROQYX5YRDBVLUJAZJEMQTU7Q.php\" target=\"_blank\" rel=\"noopener\">Parisien<\/a>, la coupure aurait eu lieu vers midi. La panne aurait dur\u00e9 une quinzaine de minutes, mais l\u2019activit\u00e9 des lieux ne serait revenue \u00e0 la normale qu\u2019aux alentours de 14 heures. Pour l\u2019heure, les <strong>causes de l\u2019incident<\/strong> ne sont pas connues.<\/p>\n<p>L\u2019impact dans le centre commercial<\/p>\n<p class=\" wall-content\">Sans \u00e9lectricit\u00e9, aucun moyen de faire fonctionner les syst\u00e8mes informatiques, de s\u00e9curit\u00e9 ou les caisses des magasins. Les clients ont donc \u00e9t\u00e9 \u00e9vacu\u00e9s. Sur X, un internaute a partag\u00e9 deux <strong>vid\u00e9os<\/strong> du Westfield o\u00f9 l\u2019on peut voir les magasins plong\u00e9s dans l\u2019obscurit\u00e9 et les clients se diriger vers les sorties, dans un climat qui semble calme.<\/p>\n<p class=\" wall-content\">\u00ab\u2009Panne g\u00e9n\u00e9rale d\u2019\u00e9lectricit\u00e9 \u00e0 Ch\u00e2telet \u2013 Les Halles\u2009! Les boutiques sont plong\u00e9es dans le noir et le centre commercial \u00e9vacu\u00e9\u2026\u2009\u00bb, pr\u00e9cise-t-il en l\u00e9gende.<\/p>\n<p class=\" wall-content\">\n<p>Des perturbations dans les transports\u2009?<\/p>\n<p class=\" wall-content\">Une panne de courant qui aurait pu avoir un impact sur les lignes de <strong>transports en commun<\/strong> qui circulent sous terre. Le Parisien a appris aupr\u00e8s de la <a href=\"https:\/\/actu.fr\/tag\/ratp\" target=\"_blank\" rel=\"noopener\">RATP <\/a>qu\u2019aucun <a href=\"https:\/\/actu.fr\/tag\/metro\" target=\"_blank\" rel=\"noopener\">m\u00e9tro<\/a> ni RER n\u2019a \u00e9t\u00e9 impact\u00e9 par ce manque ponctuel d\u2019\u00e9lectricit\u00e9.<\/p>\n<p class=\" wall-content\">Personnalisez votre actualit\u00e9 en ajoutant vos villes et m\u00e9dias en favori avec <a href=\"https:\/\/moncompte.actu.fr\" title=\"D\u00e9couvez Mon Actu\" rel=\"nofollow noopener\" data-trk=\"{&quot;cta&quot;:{&quot;action&quot;:&quot;https:\\\/\\\/moncompte.actu.fr&quot;,&quot;category&quot;:&quot;mon compte&quot;,&quot;from&quot;:&quot;article footer&quot;,&quot;name&quot;:&quot;Mon actu&quot;,&quot;type&quot;:&quot;cta&quot;}}\" target=\"_blank\">Mon Actu<\/a>.<\/p>\n","protected":false},"excerpt":{"rendered":"Par R\u00e9daction Paris Publi\u00e9 le 5 sept. 2025 \u00e0 15h31 La panne n\u2019a dur\u00e9 que quelques instants. Ce&hellip;\n","protected":false},"author":2,"featured_media":166431,"comment_status":"","ping_status":"","sticky":false,"template":"","format":"standard","meta":{"footnotes":""},"categories":[1888],"tags":[1111,1928,11,1927,16079,1777,674,1011,27,12,1926,10899,626,1925,25,104],"class_list":{"0":"post-368278","1":"post","2":"type-post","3":"status-publish","4":"format-standard","5":"has-post-thumbnail","7":"category-paris","8":"tag-actu","9":"tag-actu-paris","10":"tag-actualites","11":"tag-actualites-paris","12":"tag-chatelet","13":"tag-eu","14":"tag-europe","15":"tag-fr","16":"tag-france","17":"tag-news","18":"tag-news-paris","19":"tag-panne","20":"tag-paris","21":"tag-paris-news","22":"tag-republique-francaise","23":"tag-societe"},"share_on_mastodon":{"url":"https:\/\/pubeurope.com\/@fr\/115151996750235705","error":""},"_links":{"self":[{"href":"https:\/\/www.europesays.com\/fr\/wp-json\/wp\/v2\/posts\/368278","targetHints":{"allow":["GET"]}}],"collection":[{"href":"https:\/\/www.europesays.com\/fr\/wp-json\/wp\/v2\/posts"}],"about":[{"href":"https:\/\/www.europesays.com\/fr\/wp-json\/wp\/v2\/types\/post"}],"author":[{"embeddable":true,"href":"https:\/\/www.europesays.com\/fr\/wp-json\/wp\/v2\/users\/2"}],"replies":[{"embeddable":true,"href":"https:\/\/www.europesays.com\/fr\/wp-json\/wp\/v2\/comments?post=368278"}],"version-history":[{"count":0,"href":"https:\/\/www.europesays.com\/fr\/wp-json\/wp\/v2\/posts\/368278\/revisions"}],"wp:featuredmedia":[{"embeddable":true,"href":"https:\/\/www.europesays.com\/fr\/wp-json\/wp\/v2\/media\/166431"}],"wp:attachment":[{"href":"https:\/\/www.europesays.com\/fr\/wp-json\/wp\/v2\/media?parent=368278"}],"wp:term":[{"taxonomy":"category","embeddable":true,"href":"https:\/\/www.europesays.com\/fr\/wp-json\/wp\/v2\/categories?post=368278"},{"taxonomy":"post_tag","embeddable":true,"href":"https:\/\/www.europesays.com\/fr\/wp-json\/wp\/v2\/tags?post=368278"}],"curies":[{"name":"wp","href":"https:\/\/api.w.org\/{rel}","templated":true}]}}