{"id":368279,"date":"2025-09-05T13:46:14","date_gmt":"2025-09-05T13:46:14","guid":{"rendered":"https:\/\/www.europesays.com\/fr\/368279\/"},"modified":"2025-09-05T13:46:14","modified_gmt":"2025-09-05T13:46:14","slug":"lhomme-arrete-avec-10-millions-deuros-de-bijoux-dans-son-slip-ecroue-avec-son-complice","status":"publish","type":"post","link":"https:\/\/www.europesays.com\/fr\/368279\/","title":{"rendered":"L\u2019homme arr\u00eat\u00e9 avec 10 millions d\u2019euros de bijoux dans son slip \u00e9crou\u00e9 avec son complice"},"content":{"rendered":"<p class=\"mb-4 text-lg md:leading-8 break-words\"><strong>bijoux &#8211; Les deux hommes arr\u00eat\u00e9s samedi gare de Lyon \u00e0 Paris avec 10 millions d\u2019euros de bijoux cach\u00e9s dans le slip pour l\u2019un d\u2019eux, ont \u00e9t\u00e9 mis en examen et incarc\u00e9r\u00e9s<\/strong><\/p>\n<p class=\"mb-4 text-lg md:leading-8 break-words\">Pas de montre de luxe, pas de bagues serties de pierres pr\u00e9cieuses, mais le prisme de la prison pour <a href=\"https:\/\/www.20minutes.fr\/faits_divers\/4170429-20250831-paris-deux-hommes-cueillis-gare-lyon-10-millions-euros-bijoux-slip?at_medium=RSS%20feed&amp;at_campaign=ynews&amp;utm_source=yahoo&amp;utm_medium=rss&amp;utm_campaign=news_feed&amp;utm_content=in_article_link\" rel=\"nofollow noopener\" target=\"_blank\" data-ylk=\"slk:les deux hommes arr\u00eat\u00e9s samedi dernier \u00e0 Paris;elm:context_link;itc:0;sec:content-canvas\" class=\"link \">les deux hommes arr\u00eat\u00e9s samedi dernier \u00e0 Paris<\/a>, en gare de Lyon. Tous deux majeurs, de nationalit\u00e9 tunisienne, ils ont \u00e9t\u00e9 mis en examen et incarc\u00e9r\u00e9s mercredi, a-t-on appris vendredi aupr\u00e8s du parquet de <a href=\"https:\/\/www.20minutes.fr\/faits_divers\/faits-divers-paris\/?at_medium=RSS%20feed&amp;at_campaign=ynews&amp;utm_source=yahoo&amp;utm_medium=rss&amp;utm_campaign=news_feed&amp;utm_content=in_article_link\" rel=\"nofollow noopener\" target=\"_blank\" data-ylk=\"slk:Paris;elm:context_link;itc:0;sec:content-canvas\" class=\"link \">Paris<\/a>.<\/p>\n<p class=\"mb-4 text-lg md:leading-8 break-words\">Les deux suspects ont pr\u00e9cis\u00e9ment \u00e9t\u00e9 <a href=\"https:\/\/www.20minutes.fr\/dossier\/mis_en_examen?at_medium=RSS%20feed&amp;at_campaign=ynews&amp;utm_source=yahoo&amp;utm_medium=rss&amp;utm_campaign=news_feed&amp;utm_content=in_article_link\" rel=\"nofollow noopener\" target=\"_blank\" data-ylk=\"slk:mis en examen;elm:context_link;itc:0;sec:content-canvas\" class=\"link \">mis en examen<\/a> pour vol en r\u00e9union et plac\u00e9s en d\u00e9tention provisoire, ont expliqu\u00e9 \u00e0 l\u2019AFP des sources proches du dossier, confirmant une information du Parisien. Ils sont aussi plac\u00e9s sous le statut de t\u00e9moin assist\u00e9 pour association de malfaiteurs, a pr\u00e9cis\u00e9 une des sources proches du dossier.<\/p>\n<p>Emball\u00e9s dans une chaussette puis cach\u00e9 dans le slip<\/p>\n<p class=\"mb-4 text-lg md:leading-8 break-words\">Les deux comp\u00e8res ont finalement reconnu avoir vol\u00e9 ces bijoux chez un particulier en <a href=\"https:\/\/www.20minutes.fr\/dossier\/suisse?at_medium=RSS%20feed&amp;at_campaign=ynews&amp;utm_source=yahoo&amp;utm_medium=rss&amp;utm_campaign=news_feed&amp;utm_content=in_article_link\" rel=\"nofollow noopener\" target=\"_blank\" data-ylk=\"slk:Suisse;elm:context_link;itc:0;sec:content-canvas\" class=\"link \">Suisse<\/a>, selon cette source, qui a pr\u00e9cis\u00e9 qu\u2019il s\u2019agissait d\u2019une montre Rolex, de colliers, de boucles d\u2019oreilles et de bagues serties de pierres pr\u00e9cieuses. Le butin est estim\u00e9 \u00e0 10 millions d\u2019euros, mais cette \u00e9valuation est \u00e0 ajuster, a pr\u00e9cis\u00e9 une source proche du dossier. Pour rappel, ils avaient \u00e9t\u00e9 interpell\u00e9s lors d\u2019un contr\u00f4le de routine \u00e0 la sortie de leur TGV. Les policiers avaient eu la surprise de trouver les bijoux dissimul\u00e9s dans le slip de l\u2019un d\u2019eux, emball\u00e9 dans une chaussette, selon une des sources proches du dossier. Outre <a href=\"https:\/\/www.20minutes.fr\/dossier\/bijoux?at_medium=RSS%20feed&amp;at_campaign=ynews&amp;utm_source=yahoo&amp;utm_medium=rss&amp;utm_campaign=news_feed&amp;utm_content=in_article_link\" rel=\"nofollow noopener\" target=\"_blank\" data-ylk=\"slk:les bijoux;elm:context_link;itc:0;sec:content-canvas\" class=\"link \">les bijoux<\/a>, les deux hommes \u00e9taient en possession d\u2019une disqueuse, a pr\u00e9cis\u00e9 le parquet.<\/p>\n<p class=\"mb-4 text-lg md:leading-8 break-words\"><a href=\"https:\/\/www.20minutes.fr\/justice\/4171380-20250905-paris-homme-arrete-10-millions-euros-bijoux-slip-ecroue-complice?at_medium=RSS%20feed&amp;at_campaign=ynews&amp;utm_source=yahoo&amp;utm_medium=rss&amp;utm_campaign=news_feed&amp;utm_content=read_more_link&quot;\" rel=\"nofollow noopener\" target=\"_blank\" data-ylk=\"slk:Lire la suite sur 20minutes;elm:context_link;itc:0;sec:content-canvas\" class=\"link \">Lire la suite sur 20minutes<\/a><\/p>\n<p>\u00c0 lire aussi :<br \/><a href=\"https:\/\/www.20minutes.fr\/faits_divers\/4170429-20250831-paris-deux-hommes-cueillis-gare-lyon-10-millions-euros-bijoux-slip?at_medium=RSS%20feed&amp;at_campaign=ynews&amp;utm_source=yahoo&amp;utm_medium=rss&amp;utm_campaign=news_feed&amp;utm_content=related_content_link\" rel=\"nofollow noopener\" target=\"_blank\" data-ylk=\"slk:Paris : Deux hommes cueillis \u00e0 la gare de Lyon avec 10 millions d\u2019euros de bijoux dans le slip;elm:context_link;itc:0;sec:content-canvas\" class=\"link \">Paris : Deux hommes cueillis \u00e0 la gare de Lyon avec 10 millions d\u2019euros de bijoux dans le slip<\/a><br \/><a href=\"https:\/\/www.20minutes.fr\/insolite\/1433507-20140828-montelimar-arrete-3900-euros-slip?at_medium=RSS%20feed&amp;at_campaign=ynews&amp;utm_source=yahoo&amp;utm_medium=rss&amp;utm_campaign=news_feed&amp;utm_content=related_content_link\" rel=\"nofollow noopener\" target=\"_blank\" data-ylk=\"slk:Mont\u00e9limar: Arr\u00eat\u00e9 avec 3.900 euros dans son slip;elm:context_link;itc:0;sec:content-canvas\" class=\"link \">Mont\u00e9limar: Arr\u00eat\u00e9 avec 3.900 euros dans son slip<\/a><\/p>\n","protected":false},"excerpt":{"rendered":"bijoux &#8211; Les deux hommes arr\u00eat\u00e9s samedi gare de Lyon \u00e0 Paris avec 10 millions d\u2019euros de bijoux&hellip;\n","protected":false},"author":2,"featured_media":368280,"comment_status":"","ping_status":"","sticky":false,"template":"","format":"standard","meta":{"footnotes":""},"categories":[1888],"tags":[1111,1928,11,1927,1777,674,1011,27,3338,50284,18375,4657,12,1926,626,1925,50283,25],"class_list":{"0":"post-368279","1":"post","2":"type-post","3":"status-publish","4":"format-standard","5":"has-post-thumbnail","7":"category-paris","8":"tag-actu","9":"tag-actu-paris","10":"tag-actualites","11":"tag-actualites-paris","12":"tag-eu","13":"tag-europe","14":"tag-fr","15":"tag-france","16":"tag-gare-de-lyon","17":"tag-les-bijoux","18":"tag-les-deux-hommes","19":"tag-millions","20":"tag-news","21":"tag-news-paris","22":"tag-paris","23":"tag-paris-news","24":"tag-pierres-precieuses","25":"tag-republique-francaise"},"share_on_mastodon":{"url":"https:\/\/pubeurope.com\/@fr\/115152000518839737","error":""},"_links":{"self":[{"href":"https:\/\/www.europesays.com\/fr\/wp-json\/wp\/v2\/posts\/368279","targetHints":{"allow":["GET"]}}],"collection":[{"href":"https:\/\/www.europesays.com\/fr\/wp-json\/wp\/v2\/posts"}],"about":[{"href":"https:\/\/www.europesays.com\/fr\/wp-json\/wp\/v2\/types\/post"}],"author":[{"embeddable":true,"href":"https:\/\/www.europesays.com\/fr\/wp-json\/wp\/v2\/users\/2"}],"replies":[{"embeddable":true,"href":"https:\/\/www.europesays.com\/fr\/wp-json\/wp\/v2\/comments?post=368279"}],"version-history":[{"count":0,"href":"https:\/\/www.europesays.com\/fr\/wp-json\/wp\/v2\/posts\/368279\/revisions"}],"wp:featuredmedia":[{"embeddable":true,"href":"https:\/\/www.europesays.com\/fr\/wp-json\/wp\/v2\/media\/368280"}],"wp:attachment":[{"href":"https:\/\/www.europesays.com\/fr\/wp-json\/wp\/v2\/media?parent=368279"}],"wp:term":[{"taxonomy":"category","embeddable":true,"href":"https:\/\/www.europesays.com\/fr\/wp-json\/wp\/v2\/categories?post=368279"},{"taxonomy":"post_tag","embeddable":true,"href":"https:\/\/www.europesays.com\/fr\/wp-json\/wp\/v2\/tags?post=368279"}],"curies":[{"name":"wp","href":"https:\/\/api.w.org\/{rel}","templated":true}]}}