{"id":368283,"date":"2025-09-05T13:48:28","date_gmt":"2025-09-05T13:48:28","guid":{"rendered":"https:\/\/www.europesays.com\/fr\/368283\/"},"modified":"2025-09-05T13:48:28","modified_gmt":"2025-09-05T13:48:28","slug":"ufc-paris-4-francais-programme-combats-chaine-tv-tout-savoir-sur-la-competition-a-laccor-arena","status":"publish","type":"post","link":"https:\/\/www.europesays.com\/fr\/368283\/","title":{"rendered":"UFC Paris 4 : Fran\u00e7ais, programme, combats, cha\u00eene TV\u2026 tout savoir sur la comp\u00e9tition \u00e0 l\u2019Accor Arena"},"content":{"rendered":"<p class=\"paragraph text_align_left lp-f-body-02\">L\u2019UFC, l\u2019organisation de MMA la plus prestigieuse du <a href=\"https:\/\/www.leparisien.fr\/sports\/mma\/\" target=\"_blank\" rel=\"noreferrer noopener\">MMA <\/a>mondial, est de retour dans la capitale. Trois ans apr\u00e8s la grande premi\u00e8re \u00e0 l\u2019Accor Arena, la ligue am\u00e9ricaine investit \u00e0 nouveau la salle du XIIe arrondissement ce samedi 6 septembre pour faire rugir les 15 000 spectateurs attendus. <\/p>\n<p class=\"paragraph text_align_left lp-f-body-02\">Comme chaque ann\u00e9e, le public fran\u00e7ais a r\u00e9pondu au rendez-vous pour soutenir ses compatriotes, Nassourdine Imavov et <a href=\"https:\/\/www.leparisien.fr\/sports\/mma\/benoit-saint-denis\/\" target=\"_blank\" rel=\"noreferrer noopener\">Beno\u00eet Saint Denis<\/a> en t\u00eate.<\/p>\n<p>Cinq Tricolores \u00e0 l\u2019affiche<\/p>\n<p class=\"paragraph text_align_left lp-f-body-02\">Au total, ils seront cinq Fran\u00e7ais \u00e0 combattre dans la cage de l\u2019UFC. Oumar Sy sera le premier \u00e0 y entrer, en fin de carte pr\u00e9liminaire, avant de laisser la place \u00e0 <a href=\"https:\/\/www.leparisien.fr\/sports\/mma\/jai-vu-la-mort-william-gomis-raconte-son-horrible-cutting-avant-son-combat-annule-a-lufc-301-04-05-2024-MPVKRR4DMVEL5NTAW77OSOB7A4.php\" target=\"_blank\" rel=\"noreferrer noopener\">William Gomis<\/a>. Tous les deux battus lors de leurs derniers combats, le poids mi-lourd (-93 kg) et le poids plume (-66 kg) doivent prendre leur revanche et reprendre leur ascension.<\/p>\n<p class=\"paragraph text_align_left lp-f-body-02\">\u00ab Tout le monde sait que lors de mon dernier combat, j\u2019\u00e9tais absent, reconnaissait <a href=\"https:\/\/www.leparisien.fr\/sports\/mma\/mma-coup-darret-pour-oumar-sy-battu-pour-la-premiere-fois-de-sa-carriere-a-lufc-atlanta-15-06-2025-SLKLG2JBTFCYPKNKPPLIJ2NHSM.php\" target=\"_blank\" rel=\"noreferrer noopener\">Oumar Sy<\/a> ce mercredi en conf\u00e9rence de presse. Il n\u2019y avait vraiment pas d\u2019agressivit\u00e9, il s\u2019est pass\u00e9 des choses en amont qui ont fait que je n\u2019avais pas envie de me battre. J\u2019ai perdu, c\u2019\u00e9tait une d\u00e9ception mais j\u2019avance. \u00bb<\/p>\n<p class=\"paragraph text_align_left lp-f-body-02\">Nouveau venu \u00e0 l\u2019UFC, <a href=\"https:\/\/www.leparisien.fr\/sports\/mma\/en-commencant-le-mma-jai-eu-limpression-detre-a-disneyland-les-confidences-daxel-sola-petit-nouveau-a-lufc-28-08-2025-VC2IIKXHCBEHTDLI6LWZJH5NGM.php\" target=\"_blank\" rel=\"noreferrer noopener\">Axel Sola disputera son premier combat face \u00e0 l\u2019Irlandais Rhys McKee<\/a>. Les deux t\u00eates d\u2019affiche, Beno\u00eet Saint Denis et Nassourdine Imavov, cloront la soir\u00e9e face aux Br\u00e9siliens Mauricio Ruffy et Caio Borralho. Un terrible et all\u00e9chant duel entre l\u2019\u00e9quipe de Nicolas Ott et les \u00ab Fighting Nerds \u00bb.<\/p>\n<p>Un combat pour le titre pour Imavov ?<\/p>\n<p class=\"paragraph text_align_left lp-f-body-02\">Pour les deux Tricolores, cette soir\u00e9e de samedi pourrait \u00eatre d\u00e9cisive. Apr\u00e8s avoir renou\u00e9 avec <a href=\"https:\/\/www.leparisien.fr\/sports\/mma\/on-va-sortir-lanimal-benoit-saint-denis-renoue-avec-la-victoire-apres-une-demonstration-a-lufc-montreal-11-05-2025-6CEGMG4JOREIROVR2O2MPJ2VEU.php\" target=\"_blank\" rel=\"noreferrer noopener\">la victoire face au modeste Kyle Prepolec en mai dernier, Beno\u00eet Saint Denis<\/a> doit absolument stopper l\u2019ascension de Mauricio Ruffy s\u2019il ne veut pas dispara\u00eetre des classements de l\u2019UFC. Et il assure \u00eatre pr\u00eat pour y parvenir. \u00ab Ce que Ruffy craint va lui arriver, il va y avoir beaucoup de pression \u00bb, a-t-il annonc\u00e9.<\/p>\n<p class=\"paragraph text_align_left lp-f-body-02\">Son partenaire d\u2019entra\u00eenement partage ce discours, et compte aussi s\u2019offrir le scalp d\u2019un Br\u00e9silien. Alors que Dana White, le pr\u00e9sident de l\u2019UFC, a annonc\u00e9 que ce combat serait d\u00e9cisif pour d\u00e9terminer l\u2019identit\u00e9 du <a href=\"https:\/\/www.leparisien.fr\/sports\/mma\/ufc-khamzat-chimaev-devient-le-roi-des-poids-moyen-apres-son-eclatante-victoire-sur-dricus-du-plessis-17-08-2025-P7IGQL7QJVCYPEVADB6FTJH6NQ.php\" target=\"_blank\" rel=\"noreferrer noopener\">futur adversaire de Khamzat Chimaev pour le titre des poids moyens<\/a>, Nassourdine Imavov sait qu\u2019une victoire est indispensable. Et avec la mani\u00e8re.<\/p>\n<p class=\"paragraph text_align_left lp-f-body-02\">\u00ab Je me sens au top, je suis dans la meilleure forme de ma vie, sans aucune blessure \u00bb, a-t-il assur\u00e9 \u00e0 trois jours de l\u2019affrontement. Apr\u00e8s s\u2019\u00eatre \u00e9charp\u00e9s sur les r\u00e9seaux sociaux pendant de longs mois, ils vont d\u00e9sormais se d\u00e9fier dans la cage. \u00ab Et c\u2019est personnel entre nous, je veux le mettre KO \u00bb, pr\u00e9vient le Fran\u00e7ais.<\/p>\n<p>Diffuseur<\/p>\n<p class=\"paragraph text_align_left lp-f-body-02\">D\u00e9tenteur des droits de l\u2019UFC en France, <a href=\"https:\/\/www.leparisien.fr\/sports\/mma\/un-vrai-laboratoire-comment-son-role-de-consultant-a-fait-progresser-le-mma-de-taylor-lapilus-12-01-2024-5CDZPAPMXZCZBLLL7SSUS3ZRHQ.php\" target=\"_blank\" rel=\"noreferrer noopener\">RMC Sport<\/a> diffusera cette soir\u00e9e d\u00e8s le premier combat. La carte pr\u00e9liminaire, \u00e0 partir de 18 heures, sera disponible sur la cha\u00eene Twitch de RMC Sport tandis que la carte principale, d\u00e8s 21 heures, sera \u00e0 suivre sur RMC Sport 1. Les trois derniers combats, dont ceux de Beno\u00eet Saint Denis et Nassourdine Imavov, seront \u00e9galement diffus\u00e9s en clair sur RMC D\u00e9couverte.<\/p>\n<p class=\"paragraph text_align_left lp-f-body-02\"><b>La liste des combats de l\u2019UFC Paris 4 \u00e0 l\u2019Accor Arena ce samedi 6 septembre 2025 :<\/b><\/p>\n<p class=\"paragraph text_align_left lp-f-body-02\">\u00c0 partir de 18 heures :<\/p>\n<ul class=\"margin_bottom_md fs_18_26 fs_20_28_ad blue-dot\">\n<li class=\"mb_150 pl_325\">Shauna Bannon (IRL) &#8211; Sam Hughes (USA)<\/li>\n<li class=\"mb_150 pl_325\">Andreas Gustafsson (SUE) &#8211; Rinat Fakhretdinov (RUS)<\/li>\n<li class=\"mb_150 pl_325\">Brad Tavares (USA) &#8211; Robert Bryczek (POL)<\/li>\n<li class=\"mb_150 pl_325\">Sam Patterson (GBR) &#8211; Trey Waters (USA)<\/li>\n<li class=\"mb_150 pl_325\">Harry Hardwick (GBR) &#8211; Kau\u00ea Fernandes (BRE)<\/li>\n<li class=\"mb_150 pl_325\">Marcin Tybura (POL\/n\u00b07) &#8211; Ante Delija (CRO)<\/li>\n<li class=\"mb_150 pl_325\">Oumar Sy (FRA) &#8211; Brendson Ribeiro (BRE)<\/li>\n<li class=\"mb_150 pl_325\">William Gomis (FRA) &#8211; Robert Ruchala (POL)<\/li>\n<\/ul>\n<p class=\"paragraph text_align_left lp-f-body-02\">\u00c0 partir de 21 heures :<\/p>\n<ul class=\"margin_bottom_md fs_18_26 fs_20_28_ad blue-dot\">\n<li class=\"mb_150 pl_325\">Patricio Pitbull (BRE\/n\u00b011) &#8211; Losene Keita (BEL)<\/li>\n<li class=\"mb_150 pl_325\">Axel Sola (FRA) &#8211; Rhys McKee (IRL)<\/li>\n<li class=\"mb_150 pl_325\">Bolaji Oki (BEL) &#8211; Mason Jones (GAL)<\/li>\n<li class=\"mb_150 pl_325\">Modestas Bukauskas (LIT) &#8211; Paul Craig (ECO)<\/li>\n<li class=\"mb_150 pl_325\">Beno\u00eet Saint Denis (FRA\/n\u00b013) &#8211; Mauricio Ruffy (BRE\/n\u00b015)<\/li>\n<li class=\"mb_150 pl_325\">Nassourdine Imavov (FRA\/n\u00b02) &#8211; Caio Borralho (BRE\/n\u00b07)<\/li>\n<\/ul>\n","protected":false},"excerpt":{"rendered":"L\u2019UFC, l\u2019organisation de MMA la plus prestigieuse du MMA mondial, est de retour dans la capitale. Trois ans&hellip;\n","protected":false},"author":2,"featured_media":231128,"comment_status":"","ping_status":"","sticky":false,"template":"","format":"standard","meta":{"footnotes":""},"categories":[1888],"tags":[11,1777,674,1011,27,1847,12,626,25,60],"class_list":{"0":"post-368283","1":"post","2":"type-post","3":"status-publish","4":"format-standard","5":"has-post-thumbnail","7":"category-paris","8":"tag-actualites","9":"tag-eu","10":"tag-europe","11":"tag-fr","12":"tag-france","13":"tag-mma","14":"tag-news","15":"tag-paris","16":"tag-republique-francaise","17":"tag-sports"},"share_on_mastodon":{"url":"https:\/\/pubeurope.com\/@fr\/115152008538512008","error":""},"_links":{"self":[{"href":"https:\/\/www.europesays.com\/fr\/wp-json\/wp\/v2\/posts\/368283","targetHints":{"allow":["GET"]}}],"collection":[{"href":"https:\/\/www.europesays.com\/fr\/wp-json\/wp\/v2\/posts"}],"about":[{"href":"https:\/\/www.europesays.com\/fr\/wp-json\/wp\/v2\/types\/post"}],"author":[{"embeddable":true,"href":"https:\/\/www.europesays.com\/fr\/wp-json\/wp\/v2\/users\/2"}],"replies":[{"embeddable":true,"href":"https:\/\/www.europesays.com\/fr\/wp-json\/wp\/v2\/comments?post=368283"}],"version-history":[{"count":0,"href":"https:\/\/www.europesays.com\/fr\/wp-json\/wp\/v2\/posts\/368283\/revisions"}],"wp:featuredmedia":[{"embeddable":true,"href":"https:\/\/www.europesays.com\/fr\/wp-json\/wp\/v2\/media\/231128"}],"wp:attachment":[{"href":"https:\/\/www.europesays.com\/fr\/wp-json\/wp\/v2\/media?parent=368283"}],"wp:term":[{"taxonomy":"category","embeddable":true,"href":"https:\/\/www.europesays.com\/fr\/wp-json\/wp\/v2\/categories?post=368283"},{"taxonomy":"post_tag","embeddable":true,"href":"https:\/\/www.europesays.com\/fr\/wp-json\/wp\/v2\/tags?post=368283"}],"curies":[{"name":"wp","href":"https:\/\/api.w.org\/{rel}","templated":true}]}}