{"id":368289,"date":"2025-09-05T13:52:11","date_gmt":"2025-09-05T13:52:11","guid":{"rendered":"https:\/\/www.europesays.com\/fr\/368289\/"},"modified":"2025-09-05T13:52:11","modified_gmt":"2025-09-05T13:52:11","slug":"pourquoi-la-numero-deux-du-gouvernement-a-demissionne","status":"publish","type":"post","link":"https:\/\/www.europesays.com\/fr\/368289\/","title":{"rendered":"pourquoi\u00a0la num\u00e9ro deux du gouvernement a d\u00e9missionn\u00e9"},"content":{"rendered":"<p>La pol\u00e9mique secouait le pays depuis plusieurs jours. Ce vendredi 5\u00a0septembre, la vice-Premi\u00e8re ministre et ministre du Logement britannique, Angela Rayner, a annonc\u00e9 sa d\u00e9mission. Dans un \u00e9change de lettres avec le Premier ministre Keir Starmer, elle a indiqu\u00e9 quitter ses fonctions gouvernementales, \u00ab\u00a0ainsi que le poste de vice-pr\u00e9sidente du Parti travailliste\u00a0\u00bb.<\/p>\n<p>Ce renoncement survient deux jours apr\u00e8s qu&rsquo;elle a reconnu n&rsquo;avoir pas pay\u00e9 le montant suffisant d&rsquo;imp\u00f4ts lors de l&rsquo;achat d&rsquo;un appartement. Dans sa lettre, cette figure de l&rsquo;aile gauche du Parti travailliste assure \u00ab\u00a0regretter profond\u00e9ment [sa] d\u00e9cision de ne pas avoir recherch\u00e9 des conseils fiscaux sp\u00e9cialis\u00e9s suppl\u00e9mentaires\u00a0\u00bb et assumer \u00ab\u00a0l&rsquo;enti\u00e8re responsabilit\u00e9 de cette erreur\u00a0\u00bb, li\u00e9e \u00e0 l&rsquo;achat de l&rsquo;appartement incrimin\u00e9, d&rsquo;une valeur de 800\u00a0000\u00a0livres sterling (plus de 921\u00a0000\u00a0euros). Elle indique aussi avoir re\u00e7u des conseils \u00ab\u00a0inexacts\u00a0\u00bb sur le sujet.<\/p>\n<p>Infraction \u00ab\u00a0du code\u00a0\u00bb de la conduite minist\u00e9rielle<\/p>\n<p>C&rsquo;est un rapport ind\u00e9pendant du conseiller en \u00e9thique du gouvernement, auquel elle avait elle-m\u00eame signal\u00e9 sa situation (elle a d&rsquo;ailleurs \u00e9galement alert\u00e9 les autorit\u00e9s fiscales de son propre chef), qui a statu\u00e9 ce vendredi 5\u00a0septembre qu&rsquo;Angela Rayner avait \u00ab\u00a0enfreint le code\u00a0\u00bb de conduite minist\u00e9rielle. Dans le d\u00e9tail, la femme politique, qui avait quitt\u00e9 l&rsquo;\u00e9cole sans dipl\u00f4me et \u00e9tait devenue m\u00e8re c\u00e9libataire \u00e0 16\u00a0ans, avait retir\u00e9 son nom des titres de propri\u00e9t\u00e9 d&rsquo;un autre bien immobilier \u2013 situ\u00e9 dans sa circonscription, \u00e0 Hove \u2013 faisant de son dernier appartement achet\u00e9 son seul et unique bien immobilier, officiellement. Celui qui aurait permis d&rsquo;\u00e9conomiser quelque 40\u00a0000\u00a0livres sterling (46\u00a0050\u00a0euros) d&rsquo;imp\u00f4ts li\u00e9s \u00e0 l&rsquo;acquisition de ce logement.<\/p>\n<p>\n\u00c0 D\u00e9couvrir<br \/>\n<strong class=\"discover-kangourou__line\"><br \/>\n<img decoding=\"async\" class=\"discover-kangourou__img\" src=\"https:\/\/static.lpnt.fr\/static\/img\/kangourou\/kangourou_filled.svg\"\/><br \/>\n<strong class=\"discover-kangourou__txt\"><br \/>\n<strong>Le Kangourou du jour<\/strong><br \/>\n<a href=\"https:\/\/kangourou.lepoint.fr\" title=\"kangourou\" data-gtm-cta=\"kangourou_article\" class=\"discover-kangourou__lnk\" rel=\"nofollow noopener\" target=\"_blank\"><br \/>\nR\u00e9pondre<br \/>\n<\/a><br \/>\n<\/strong><br \/>\n<\/strong><br \/>\nDans une lettre, le Premier ministre Keir Starmer a accept\u00e9 sa d\u00e9mission, se disant \u00ab\u00a0tr\u00e8s attrist\u00e9\u00a0\u00bb de la mise en retrait de sa collaboratrice, qui avait d\u00e9couvert le syndicalisme puis la politique apr\u00e8s avoir travaill\u00e9 dans le monde du social, et assurant qu&rsquo;elle resterait \u00ab\u00a0une figure majeure\u00a0\u00bb du Labour.<\/p>\n<p>Malgr\u00e9 les critiques qui p\u00e8sent sur le Parti travailliste depuis un an, et malgr\u00e9 les nombreuses fois o\u00f9 le Parti conservateur l&rsquo;avait prise pour cible, Angela Rayner \u00e9tait rest\u00e9e jusqu&rsquo;alors une figure plut\u00f4t discr\u00e8te du gouvernement.<\/p>\n<p>Toute l\u2019actualit\u00e9 \u00e0 1\u20ac le premier mois<\/p>\n<p><a href=\"https:\/\/abo.lepoint.fr\/?provenance=21EDI020098\" class=\"btn\" title=\"S&#039;abonner\" data-gtm=\"click:abo|display:abo\" data-campaign=\"paywall_maison\" rel=\"nofollow noopener\" target=\"_blank\">S&rsquo;abonner<\/a><\/p>\n<p>ou<\/p>\n","protected":false},"excerpt":{"rendered":"La pol\u00e9mique secouait le pays depuis plusieurs jours. Ce vendredi 5\u00a0septembre, la vice-Premi\u00e8re ministre et ministre du Logement&hellip;\n","protected":false},"author":2,"featured_media":368290,"comment_status":"","ping_status":"","sticky":false,"template":"","format":"standard","meta":{"footnotes":""},"categories":[1588],"tags":[11,1777,674,12,473,1853,1851,1850,1852],"class_list":{"0":"post-368289","1":"post","2":"type-post","3":"status-publish","4":"format-standard","5":"has-post-thumbnail","7":"category-royaume-uni","8":"tag-actualites","9":"tag-eu","10":"tag-europe","11":"tag-news","12":"tag-royaume-uni","13":"tag-royaume-uni-de-grande-bretagne-et-dirlande-du-nord","14":"tag-uk","15":"tag-united-kingdom","16":"tag-united-kingdom-of-great-britain-and-northern-ireland"},"share_on_mastodon":{"url":"https:\/\/pubeurope.com\/@fr\/115152024085702015","error":""},"_links":{"self":[{"href":"https:\/\/www.europesays.com\/fr\/wp-json\/wp\/v2\/posts\/368289","targetHints":{"allow":["GET"]}}],"collection":[{"href":"https:\/\/www.europesays.com\/fr\/wp-json\/wp\/v2\/posts"}],"about":[{"href":"https:\/\/www.europesays.com\/fr\/wp-json\/wp\/v2\/types\/post"}],"author":[{"embeddable":true,"href":"https:\/\/www.europesays.com\/fr\/wp-json\/wp\/v2\/users\/2"}],"replies":[{"embeddable":true,"href":"https:\/\/www.europesays.com\/fr\/wp-json\/wp\/v2\/comments?post=368289"}],"version-history":[{"count":0,"href":"https:\/\/www.europesays.com\/fr\/wp-json\/wp\/v2\/posts\/368289\/revisions"}],"wp:featuredmedia":[{"embeddable":true,"href":"https:\/\/www.europesays.com\/fr\/wp-json\/wp\/v2\/media\/368290"}],"wp:attachment":[{"href":"https:\/\/www.europesays.com\/fr\/wp-json\/wp\/v2\/media?parent=368289"}],"wp:term":[{"taxonomy":"category","embeddable":true,"href":"https:\/\/www.europesays.com\/fr\/wp-json\/wp\/v2\/categories?post=368289"},{"taxonomy":"post_tag","embeddable":true,"href":"https:\/\/www.europesays.com\/fr\/wp-json\/wp\/v2\/tags?post=368289"}],"curies":[{"name":"wp","href":"https:\/\/api.w.org\/{rel}","templated":true}]}}