{"id":36829,"date":"2025-04-19T15:45:35","date_gmt":"2025-04-19T15:45:35","guid":{"rendered":"https:\/\/www.europesays.com\/fr\/36829\/"},"modified":"2025-04-19T15:45:35","modified_gmt":"2025-04-19T15:45:35","slug":"limage-improbable-du-penalty-refuse-a-kalimuendo-facon-julian-alvarez-2","status":"publish","type":"post","link":"https:\/\/www.europesays.com\/fr\/36829\/","title":{"rendered":"l&rsquo;image improbable du penalty refus\u00e9 \u00e0 Kalimuendo fa\u00e7on Julian Alvarez"},"content":{"rendered":"<p><img decoding=\"async\" class=\"caas-img caas-lazy has-preview\" src=\"https:\/\/www.europesays.com\/fr\/wp-content\/uploads\/2025\/04\/6c0ef0f9856f318a8e6b7762a628cbdb.jpeg\"\/><\/p>\n<p>Rennes-Nantes: l&rsquo;image improbable du penalty refus\u00e9 \u00e0 Kalimuendo fa\u00e7on Julian Alvarez<\/p>\n<p>C&rsquo;est un fait de jeu qui semble devenir commun. \u00c0 peine plus d&rsquo;un mois apr\u00e8s une s\u00e9ance de tirs au but pol\u00e9mique en Ligue des champions entre le Real Madrid et l&rsquo;Atl\u00e9tico de Madrid, un penalty a \u00e9t\u00e9 annul\u00e9 <a href=\"https:\/\/rmcsport.bfmtv.com\/football\/ligue-1\/direct-rennes-nantes-suivez-le-match-d-ouverture-de-la-30e-journee-de-ligue-1-en-live_LS-202504180367.html\" rel=\"nofollow noopener\" target=\"_blank\" data-ylk=\"slk:ce vendredi soir en Ligue 1 entre Rennes et Nantes;elm:context_link;itc:0;sec:content-canvas\" class=\"link \">ce vendredi soir en Ligue 1 entre Rennes et Nantes<\/a> pour un motif original.<\/p>\n<p>Apr\u00e8s une faute d&rsquo;Anthony Lopes sur Musa Al-Taamari au quart d&rsquo;heure de jeu, Arnaud Kalimuendo s&rsquo;est pr\u00e9sent\u00e9 devant l&rsquo;ancien portier lyonnais pour tirer son penalty. Un penalty qui a fini au fond de filets, sans \u00eatre pour autant comptabilis\u00e9.<\/p>\n<p>La cause: le ballon a touch\u00e9 son pied d&rsquo;appui apr\u00e8s la frappe, ce qui est interdit par le r\u00e8glement. La situation a imm\u00e9diatement \u00e9t\u00e9 signal\u00e9e par les Nantais, puis confirm\u00e9e par le VAR.<\/p>\n<p>Jurisprudence Alvarez?<\/p>\n<p>Cette situation fait directement \u00e9cho \u00e0 <a href=\"https:\/\/fr.news.yahoo.com\/sport\/atl%C3%A9tico-real-luefa-doit-r%C3%A9soudre-214845924.html\" data-ylk=\"slk:la pol\u00e9mique qui a agit\u00e9 l&#039;Espagne \u00e0 la mi-mars;elm:context_link;itc:0;sec:content-canvas;outcm:mb_qualified_link;_E:mb_qualified_link;ct:story;\" class=\"link  yahoo-link\" target=\"_blank\" rel=\"noopener\">la pol\u00e9mique qui a agit\u00e9 l&rsquo;Espagne \u00e0 la mi-mars<\/a>. Alors que Merengue et Colchoneros devaient se d\u00e9partager aux tirs au but en huiti\u00e8me de finale retour de C1, l&rsquo;attaquant argentin Julian Alvarez a gliss\u00e9 au moment de tirer et a lui aussi touch\u00e9 deux fois le ballon avant qu&rsquo;il n&rsquo;arrive dans les filets de Thibaut Courtois.<\/p>\n<p>Le but avait <a href=\"https:\/\/fr.news.yahoo.com\/sport\/atl%C3%A9tico-real-luefa-confirme-tir-173606317.html\" data-ylk=\"slk:logiquement \u00e9t\u00e9 annul\u00e9;elm:context_link;itc:0;sec:content-canvas;outcm:mb_qualified_link;_E:mb_qualified_link;ct:story;\" class=\"link  yahoo-link\" target=\"_blank\" rel=\"noopener\">logiquement \u00e9t\u00e9 annul\u00e9<\/a> par le corps arbitral, sans convaincre les supporters de l&rsquo;Atl\u00e9tico estimant que la vid\u00e9o n&rsquo;\u00e9tait pas assez explicite. \u00ab\u00a0Bien que minime, Alvarez a touch\u00e9 le ballon avec son pied d&rsquo;appui avant de tirer. Conform\u00e9ment \u00e0 la r\u00e8gle actuelle (Loi 14.1), le but devait \u00eatre annul\u00e9\u00a0\u00bb, avait r\u00e9agi l&rsquo;UEFA dans un communiqu\u00e9, fournissant m\u00eame une vid\u00e9o.<\/p>\n<p><a href=\"https:\/\/rmcsport.bfmtv.com\/football\/ligue-1\/rennes-nantes-l-image-improbable-du-penalty-refuse-a-kalimuendo-facon-julian-alvarez_AV-202504180734.html#xtor=AL-68\" rel=\"nofollow noopener\" target=\"_blank\" data-ylk=\"slk:Article original publi\u00e9 sur RMC Sport;elm:context_link;itc:0;sec:content-canvas\" class=\"link \">Article original publi\u00e9 sur RMC Sport<\/a><\/p>\n","protected":false},"excerpt":{"rendered":"Rennes-Nantes: l&rsquo;image improbable du penalty refus\u00e9 \u00e0 Kalimuendo fa\u00e7on Julian Alvarez C&rsquo;est un fait de jeu qui semble&hellip;\n","protected":false},"author":2,"featured_media":36830,"comment_status":"","ping_status":"","sticky":false,"template":"","format":"standard","meta":{"footnotes":""},"categories":[2818],"tags":[1111,11,11745,11749,1777,674,1011,27,11746,11747,447,11750,766,12,2636,4790,584,25,11748],"class_list":{"0":"post-36829","1":"post","2":"type-post","3":"status-publish","4":"format-standard","5":"has-post-thumbnail","7":"category-nantes","8":"tag-actu","9":"tag-actualites","10":"tag-arnaud-kalimuendo","11":"tag-colchoneros","12":"tag-eu","13":"tag-europe","14":"tag-fr","15":"tag-france","16":"tag-julian-alvarez","17":"tag-jurisprudence-alvarez","18":"tag-ligue-des-champions","19":"tag-lopes","20":"tag-nantes","21":"tag-news","22":"tag-pays-de-la-loire","23":"tag-real-madrid","24":"tag-rennes","25":"tag-republique-francaise","26":"tag-thibaut-courtois"},"share_on_mastodon":{"url":"https:\/\/pubeurope.com\/@fr\/114365407322056834","error":""},"_links":{"self":[{"href":"https:\/\/www.europesays.com\/fr\/wp-json\/wp\/v2\/posts\/36829","targetHints":{"allow":["GET"]}}],"collection":[{"href":"https:\/\/www.europesays.com\/fr\/wp-json\/wp\/v2\/posts"}],"about":[{"href":"https:\/\/www.europesays.com\/fr\/wp-json\/wp\/v2\/types\/post"}],"author":[{"embeddable":true,"href":"https:\/\/www.europesays.com\/fr\/wp-json\/wp\/v2\/users\/2"}],"replies":[{"embeddable":true,"href":"https:\/\/www.europesays.com\/fr\/wp-json\/wp\/v2\/comments?post=36829"}],"version-history":[{"count":0,"href":"https:\/\/www.europesays.com\/fr\/wp-json\/wp\/v2\/posts\/36829\/revisions"}],"wp:featuredmedia":[{"embeddable":true,"href":"https:\/\/www.europesays.com\/fr\/wp-json\/wp\/v2\/media\/36830"}],"wp:attachment":[{"href":"https:\/\/www.europesays.com\/fr\/wp-json\/wp\/v2\/media?parent=36829"}],"wp:term":[{"taxonomy":"category","embeddable":true,"href":"https:\/\/www.europesays.com\/fr\/wp-json\/wp\/v2\/categories?post=36829"},{"taxonomy":"post_tag","embeddable":true,"href":"https:\/\/www.europesays.com\/fr\/wp-json\/wp\/v2\/tags?post=36829"}],"curies":[{"name":"wp","href":"https:\/\/api.w.org\/{rel}","templated":true}]}}