{"id":368291,"date":"2025-09-05T13:53:10","date_gmt":"2025-09-05T13:53:10","guid":{"rendered":"https:\/\/www.europesays.com\/fr\/368291\/"},"modified":"2025-09-05T13:53:10","modified_gmt":"2025-09-05T13:53:10","slug":"merz-inaugure-un-supercalculateur-et-appelle-leurope-a-rattraper-son-retard-en-ia","status":"publish","type":"post","link":"https:\/\/www.europesays.com\/fr\/368291\/","title":{"rendered":"Merz inaugure un supercalculateur et appelle l\u2019Europe \u00e0 rattraper son retard en IA"},"content":{"rendered":"<p>Ne pas se laisser distancer par les <a href=\"https:\/\/www.20minutes.fr\/monde\/etats-unis\/\" class=\"c-link c-link--is-underlined\" target=\"_blank\" rel=\"noopener\">Etats-Unis<\/a> et la <a href=\"https:\/\/www.20minutes.fr\/dossier\/chine\" class=\"c-link c-link--is-underlined\" target=\"_blank\" rel=\"noopener\">Chine<\/a>. Le chancelier allemand, <a href=\"https:\/\/www.20minutes.fr\/politique\/friedrich-merz\/\" class=\"c-link c-link--is-underlined\" target=\"_blank\" rel=\"noopener\">Friedrich Merz<\/a> a appel\u00e9 vendredi l\u2019Europe \u00e0 rattraper son retard dans le domaine de l\u2019<a href=\"https:\/\/www.20minutes.fr\/dossier\/intelligence_artificielle\" class=\"c-link c-link--is-underlined\" target=\"_blank\" rel=\"noopener\">intelligence artificielle<\/a>. Il inaugurait le premier supercalculateur \u00ab\u00a0exascale\u00a0\u00bb du Vieux continent, capable d\u2019effectuer un milliard de milliards de calculs par seconde. \u00ab\u00a0Les \u00c9tats-Unis et la Chine se livrent une course au coude \u00e0 coude [\u2026] dans une \u00e9conomie mondiale port\u00e9e par l\u2019intelligence artificielle\u00a0\u00bb, mais l\u2019Allemagne et l\u2019Europe ont \u00ab\u00a0toutes les chances de rattraper\u00a0\u00bb leur retard, a-t-il d\u00e9clar\u00e9.<\/p>\n<p>Le chancelier a salu\u00e9 un \u00ab\u00a0projet pionnier historique europ\u00e9en\u00a0\u00bb, qui se distingue par une puissance de calcul colossale, un atout significatif pour les efforts europ\u00e9ens dans l\u2019entra\u00eenement de mod\u00e8les d\u2019IA. Jupiter est capable d\u2019effectuer au moins un quintillion de calculs par seconde, soit un milliard de milliards. \u00ab\u00a0C\u2019est comme si 10\u00a0millions d\u2019ordinateurs portables classiques \u00e9taient utilis\u00e9s en m\u00eame temps, empil\u00e9s jusqu\u2019\u00e0 une hauteur de 300 kilom\u00e8tres\u00a0\u00bb.<\/p>\n<\/p>\n<p>Avec cet outil appel\u00e9 \u00e0 servir dans de multiples domaines de la recherche &#8211; climat, \u00e9nergie, sant\u00e9\u2026 &#8211; la volont\u00e9 est que \u00ab\u00a0l\u2019Allemagne devienne une nation de l\u2019intelligence artificielle\u00a0\u00bb, a-t-il lanc\u00e9. \u00ab\u00a0Disposer de capacit\u00e9s de calcul souveraines, au niveau de nos concurrents internationaux, est une question de comp\u00e9titivit\u00e9 autant que de s\u00e9curit\u00e9 nationale\u00a0\u00bb. Le dirigeant y voit une \u00ab\u00a0priorit\u00e9 absolue\u00a0\u00bb.<\/p>\n<p><a href=\"https:\/\/www.20minutes.fr\/dossier\/intelligence_artificielle\" class=\"c-link c-btn c-btn--primary\" target=\"_blank\" rel=\"noopener\">Notre dossier sur l&rsquo;intelligence artificielle<\/a><\/p>\n<p>Le supercalculateur, \u00e9labor\u00e9 par le groupe fran\u00e7ais Atos pour un budget de 500\u00a0millions d\u2019euros, financ\u00e9 \u00e0 parts \u00e9gales par l\u2019Union europ\u00e9enne et l\u2019Allemagne, est le premier ordinateur exascale d\u2019Europe, et le quatri\u00e8me dans le monde d\u2019apr\u00e8s les donn\u00e9es connues.<\/p>\n","protected":false},"excerpt":{"rendered":"Ne pas se laisser distancer par les Etats-Unis et la Chine. Le chancelier allemand, Friedrich Merz a appel\u00e9&hellip;\n","protected":false},"author":2,"featured_media":368292,"comment_status":"","ping_status":"","sticky":false,"template":"","format":"standard","meta":{"footnotes":""},"categories":[1587],"tags":[11,672,1804,309,1805,1803,73,1777,674,4710,1801,142,3995,50287,12,1802],"class_list":{"0":"post-368291","1":"post","2":"type-post","3":"status-publish","4":"format-standard","5":"has-post-thumbnail","7":"category-allemagne","8":"tag-actualites","9":"tag-allemagne","10":"tag-bundesrepublik-deutschland","11":"tag-chine","12":"tag-de","13":"tag-deutschland","14":"tag-etats-unis","15":"tag-eu","16":"tag-europe","17":"tag-friedrich-merz","18":"tag-germany","19":"tag-high-tech","20":"tag-intelligence-artificielle-ia","21":"tag-jupiter","22":"tag-news","23":"tag-republique-federale-dallemagne"},"share_on_mastodon":{"url":"https:\/\/pubeurope.com\/@fr\/115152028201849850","error":""},"_links":{"self":[{"href":"https:\/\/www.europesays.com\/fr\/wp-json\/wp\/v2\/posts\/368291","targetHints":{"allow":["GET"]}}],"collection":[{"href":"https:\/\/www.europesays.com\/fr\/wp-json\/wp\/v2\/posts"}],"about":[{"href":"https:\/\/www.europesays.com\/fr\/wp-json\/wp\/v2\/types\/post"}],"author":[{"embeddable":true,"href":"https:\/\/www.europesays.com\/fr\/wp-json\/wp\/v2\/users\/2"}],"replies":[{"embeddable":true,"href":"https:\/\/www.europesays.com\/fr\/wp-json\/wp\/v2\/comments?post=368291"}],"version-history":[{"count":0,"href":"https:\/\/www.europesays.com\/fr\/wp-json\/wp\/v2\/posts\/368291\/revisions"}],"wp:featuredmedia":[{"embeddable":true,"href":"https:\/\/www.europesays.com\/fr\/wp-json\/wp\/v2\/media\/368292"}],"wp:attachment":[{"href":"https:\/\/www.europesays.com\/fr\/wp-json\/wp\/v2\/media?parent=368291"}],"wp:term":[{"taxonomy":"category","embeddable":true,"href":"https:\/\/www.europesays.com\/fr\/wp-json\/wp\/v2\/categories?post=368291"},{"taxonomy":"post_tag","embeddable":true,"href":"https:\/\/www.europesays.com\/fr\/wp-json\/wp\/v2\/tags?post=368291"}],"curies":[{"name":"wp","href":"https:\/\/api.w.org\/{rel}","templated":true}]}}