{"id":368295,"date":"2025-09-05T13:55:14","date_gmt":"2025-09-05T13:55:14","guid":{"rendered":"https:\/\/www.europesays.com\/fr\/368295\/"},"modified":"2025-09-05T13:55:14","modified_gmt":"2025-09-05T13:55:14","slug":"lue-a-valide-lacquisition-ditinere-infraestructuras-en-espagne","status":"publish","type":"post","link":"https:\/\/www.europesays.com\/fr\/368295\/","title":{"rendered":"l&rsquo;UE a valid\u00e9 l&rsquo;acquisition d&rsquo;It\u00ednere Infraestructuras en Espagne"},"content":{"rendered":"<p>        &#13;<\/p>\n<p>(Zonebourse.com) &#8211; La Commission europ\u00e9enne a approuv\u00e9, en vertu du r\u00e8glement de l&rsquo;UE sur les concentrations, l&rsquo;acquisition du contr\u00f4le conjoint d&rsquo;It\u00ednere Infraestructuras (Espagne) par Swiss Life (Suisse) et APG Asset Management (Pays-Bas).<\/p>\n<p>L&rsquo;op\u00e9ration porte principalement sur la gestion et l&rsquo;exploitation de concessions routi\u00e8res \u00e0 p\u00e9age.<\/p>\n<p>La Commission a conclu que l&rsquo;op\u00e9ration notifi\u00e9e ne soul\u00e8verait pas de probl\u00e8mes de concurrence, \u00e9tant donn\u00e9 que les entreprises ne sont pas pr\u00e9sentes sur des march\u00e9s identiques ou verticalement li\u00e9s.<\/p>\n<p>L&rsquo;op\u00e9ration a \u00e9t\u00e9 examin\u00e9e dans le cadre de la proc\u00e9dure simplifi\u00e9e d&rsquo;examen des concentrations.<\/p>\n<p>Copyright \u00a9 2025 Zonebourse.com &#8211; All rights reserved.<\/p>\n<p>&#13;<br \/>\n            &#13;<\/p>\n<p>Vous avez aim\u00e9 cet article ? Partagez-le avec vos amis avec les boutons ci-dessous.<\/p>\n<p>        <a target=\"_blank\" title=\"Twitter\" href=\"https:\/\/twitter.com\/share?url=https:\/\/www.abcbourse.com\/marches\/swiss-life-l-ue-a-valide-l-acquisition-d-it%c3%adnere-infraestructuras-en-espagne_673795&amp;text=Swiss Life: l&#039;UE a valid\u00e9 l&#039;acquisition d&#039;It\u00ednere Infraestructuras en Espagne&amp;via=abcbourse\" rel=\"nofollow noopener\">&#13;<br \/>\n            <img decoding=\"async\" src=\"https:\/\/www.europesays.com\/fr\/wp-content\/uploads\/2025\/04\/share_twitter.png\" class=\"mr10\" alt=\"Twitter\"\/>&#13;<br \/>\n        <\/a><br \/>\n        <a target=\"_blank\" title=\"Facebook\" href=\"https:\/\/www.facebook.com\/sharer.php?u=https:\/\/www.abcbourse.com\/marches\/swiss-life-l-ue-a-valide-l-acquisition-d-it%c3%adnere-infraestructuras-en-espagne_673795&amp;t=Swiss Life: l&#039;UE a valid\u00e9 l&#039;acquisition d&#039;It\u00ednere Infraestructuras en Espagne\" rel=\"nofollow noopener\">&#13;<br \/>\n            <img decoding=\"async\" src=\"https:\/\/www.europesays.com\/fr\/wp-content\/uploads\/2025\/04\/share_fb.png\" alt=\"Facebook\" class=\"mr10\"\/>&#13;<br \/>\n        <\/a><br \/>\n        <a target=\"_blank\" title=\"Linkedin\" href=\"https:\/\/www.linkedin.com\/shareArticle?mini=true&amp;url=https:\/\/www.abcbourse.com\/marches\/swiss-life-l-ue-a-valide-l-acquisition-d-it%c3%adnere-infraestructuras-en-espagne_673795&amp;title=Swiss Life: l&#039;UE a valid\u00e9 l&#039;acquisition d&#039;It\u00ednere Infraestructuras en Espagne\" rel=\"nofollow noopener\">&#13;<br \/>\n            <img decoding=\"async\" src=\"https:\/\/www.europesays.com\/fr\/wp-content\/uploads\/2025\/04\/share_linkedin.png\" alt=\"Linkedin\" class=\"mr10\"\/>&#13;<br \/>\n        <\/a><br \/>\n        <a target=\"_blank\" title=\"Envoyer par mail\" href=\"https:\/\/www.abcbourse.com\/marches\/mailto:?subject=Swiss Life: l\" ue=\"\" a=\"\" valid=\"\" l=\"\" d=\"\" infraestructuras=\"\" en=\"\" espagne=\"\" rel=\"nofollow noopener\">&#13;<br \/>\n            <img decoding=\"async\" src=\"https:\/\/www.europesays.com\/fr\/wp-content\/uploads\/2025\/04\/share_email.png\" alt=\"email\"\/>&#13;<br \/>\n        <\/a><br \/>\n    <script async src=\"https:\/\/platform.twitter.com\/widgets.js\" charset=\"utf-8\"><\/script><\/p>\n","protected":false},"excerpt":{"rendered":"&#13; (Zonebourse.com) &#8211; La Commission europ\u00e9enne a approuv\u00e9, en vertu du r\u00e8glement de l&rsquo;UE sur les concentrations, l&rsquo;acquisition&hellip;\n","protected":false},"author":2,"featured_media":26192,"comment_status":"","ping_status":"","sticky":false,"template":"","format":"standard","meta":{"footnotes":""},"categories":[1586],"tags":[11,1777,674,1779,1011,27,12,25,1778,364],"class_list":{"0":"post-368295","1":"post","2":"type-post","3":"status-publish","4":"format-standard","5":"has-post-thumbnail","7":"category-europe","8":"tag-actualites","9":"tag-eu","10":"tag-europe","11":"tag-european-union","12":"tag-fr","13":"tag-france","14":"tag-news","15":"tag-republique-francaise","16":"tag-ue","17":"tag-union-europeenne"},"share_on_mastodon":{"url":"https:\/\/pubeurope.com\/@fr\/115152035897483667","error":""},"_links":{"self":[{"href":"https:\/\/www.europesays.com\/fr\/wp-json\/wp\/v2\/posts\/368295","targetHints":{"allow":["GET"]}}],"collection":[{"href":"https:\/\/www.europesays.com\/fr\/wp-json\/wp\/v2\/posts"}],"about":[{"href":"https:\/\/www.europesays.com\/fr\/wp-json\/wp\/v2\/types\/post"}],"author":[{"embeddable":true,"href":"https:\/\/www.europesays.com\/fr\/wp-json\/wp\/v2\/users\/2"}],"replies":[{"embeddable":true,"href":"https:\/\/www.europesays.com\/fr\/wp-json\/wp\/v2\/comments?post=368295"}],"version-history":[{"count":0,"href":"https:\/\/www.europesays.com\/fr\/wp-json\/wp\/v2\/posts\/368295\/revisions"}],"wp:featuredmedia":[{"embeddable":true,"href":"https:\/\/www.europesays.com\/fr\/wp-json\/wp\/v2\/media\/26192"}],"wp:attachment":[{"href":"https:\/\/www.europesays.com\/fr\/wp-json\/wp\/v2\/media?parent=368295"}],"wp:term":[{"taxonomy":"category","embeddable":true,"href":"https:\/\/www.europesays.com\/fr\/wp-json\/wp\/v2\/categories?post=368295"},{"taxonomy":"post_tag","embeddable":true,"href":"https:\/\/www.europesays.com\/fr\/wp-json\/wp\/v2\/tags?post=368295"}],"curies":[{"name":"wp","href":"https:\/\/api.w.org\/{rel}","templated":true}]}}