{"id":368298,"date":"2025-09-05T13:57:13","date_gmt":"2025-09-05T13:57:13","guid":{"rendered":"https:\/\/www.europesays.com\/fr\/368298\/"},"modified":"2025-09-05T13:57:13","modified_gmt":"2025-09-05T13:57:13","slug":"gerald-darmanin-interdit-les-tenues-a-connotation-religieuse-a-lecole-nationale-de-la-magistrature","status":"publish","type":"post","link":"https:\/\/www.europesays.com\/fr\/368298\/","title":{"rendered":"G\u00e9rald Darmanin interdit les \u00abtenues \u00e0 connotation religieuse\u00bb \u00e0 l\u2019\u00c9cole nationale de la magistrature"},"content":{"rendered":"<p>Ce changement de r\u00e8glement fait suite \u00e0 la pr\u00e9sence d\u2019\u00e9l\u00e8ve portant des tenues religieuses, notamment le foulard musulman, selon CNEWS.<\/p>\n<p class=\"fig-paragraph\">G\u00e9rald Darmanin hausse le ton. \u00abLa la\u00efcit\u00e9 doit \u00eatre prot\u00e9g\u00e9e et confort\u00e9e partout dans notre soci\u00e9t\u00e9\u00bb, a publi\u00e9 le ministre de la Justice sur X. \u00abCela doit aussi \u00eatre le cas dans les lieux qui forment ceux qui feront la justice de demain\u00bb, a-t-il ajout\u00e9. Le r\u00e8glement int\u00e9rieur de l\u2019\u00c9cole nationale de la magistrature, qui forme les futurs magistrats, \u00abest modifi\u00e9 afin qu\u2019aucune tenue \u00e0 connotation religieuse ne soit accept\u00e9e\u00bb.<\/p>\n<p class=\"fig-paragraph\">\u00abLa neutralit\u00e9 des futurs magistrats doit \u00eatre indiscutable\u00bb, affirme le garde des Sceaux. Selon un document du minist\u00e8re de la Justice,\u00a0<a href=\"https:\/\/www.cnews.fr\/france\/2025-09-05\/gerald-darmanin-annonce-modifier-le-reglement-interieur-de-lenm-afin-quaucune\" target=\"_blank\" rel=\"sponsored noopener\" data-gtm-custom-categorie=\"navigation\" data-gtm-custom-action=\"crossclick\" data-gtm-custom-label=\"Contextuel\" data-gtm-event=\"customEventSPE\">consult\u00e9 par CNews<\/a>, ce changement de r\u00e8glement fait suite \u00e0 la pr\u00e9sence, depuis deux ans, d\u2019\u00e9l\u00e8ves portant des tenues \u00e0 caract\u00e8re religieux, notamment des voiles musulmans. Ceux-ci auraient m\u00eame voulu, selon nos confr\u00e8res, poser pour une photo \u00e0 c\u00f4t\u00e9 du ministre avec cette tenue.<\/p>\n<p>                                    <a class=\"fig-a11y-skip a11y-hidden\" href=\"#fig-a11y-skip-main-inarticle\"><br \/>\n        Passer la publicit\u00e9<br \/>\n    <\/a><\/p>\n<p class=\"fig-paragraph\">Cette directive devrait par la suite s\u2019appliquer aux autres \u00e9coles du minist\u00e8re de la Justice\u00a0: l\u2019\u00c9cole nationale des greffes, l\u2019\u00c9cole nationale d\u2019administration p\u00e9nitentiaire et l\u2019\u00c9cole nationale de protection judiciaire de la jeunesse. Un arr\u00eat\u00e9 doit \u00eatre pris par G\u00e9rald Darmanin pour ent\u00e9riner la mesure.<\/p>\n","protected":false},"excerpt":{"rendered":"Ce changement de r\u00e8glement fait suite \u00e0 la pr\u00e9sence d\u2019\u00e9l\u00e8ve portant des tenues religieuses, notamment le foulard musulman,&hellip;\n","protected":false},"author":2,"featured_media":368299,"comment_status":"","ping_status":"","sticky":false,"template":"","format":"standard","meta":{"footnotes":""},"categories":[2],"tags":[11,1011,27,12,25,3223],"class_list":{"0":"post-368298","1":"post","2":"type-post","3":"status-publish","4":"format-standard","5":"has-post-thumbnail","7":"category-actualites","8":"tag-actualites","9":"tag-fr","10":"tag-france","11":"tag-news","12":"tag-republique-francaise","13":"tag-voile-islamique"},"share_on_mastodon":{"url":"https:\/\/pubeurope.com\/@fr\/115152043669895921","error":""},"_links":{"self":[{"href":"https:\/\/www.europesays.com\/fr\/wp-json\/wp\/v2\/posts\/368298","targetHints":{"allow":["GET"]}}],"collection":[{"href":"https:\/\/www.europesays.com\/fr\/wp-json\/wp\/v2\/posts"}],"about":[{"href":"https:\/\/www.europesays.com\/fr\/wp-json\/wp\/v2\/types\/post"}],"author":[{"embeddable":true,"href":"https:\/\/www.europesays.com\/fr\/wp-json\/wp\/v2\/users\/2"}],"replies":[{"embeddable":true,"href":"https:\/\/www.europesays.com\/fr\/wp-json\/wp\/v2\/comments?post=368298"}],"version-history":[{"count":0,"href":"https:\/\/www.europesays.com\/fr\/wp-json\/wp\/v2\/posts\/368298\/revisions"}],"wp:featuredmedia":[{"embeddable":true,"href":"https:\/\/www.europesays.com\/fr\/wp-json\/wp\/v2\/media\/368299"}],"wp:attachment":[{"href":"https:\/\/www.europesays.com\/fr\/wp-json\/wp\/v2\/media?parent=368298"}],"wp:term":[{"taxonomy":"category","embeddable":true,"href":"https:\/\/www.europesays.com\/fr\/wp-json\/wp\/v2\/categories?post=368298"},{"taxonomy":"post_tag","embeddable":true,"href":"https:\/\/www.europesays.com\/fr\/wp-json\/wp\/v2\/tags?post=368298"}],"curies":[{"name":"wp","href":"https:\/\/api.w.org\/{rel}","templated":true}]}}