{"id":368300,"date":"2025-09-05T13:58:14","date_gmt":"2025-09-05T13:58:14","guid":{"rendered":"https:\/\/www.europesays.com\/fr\/368300\/"},"modified":"2025-09-05T13:58:14","modified_gmt":"2025-09-05T13:58:14","slug":"la-prochaine-saison-tournee-en-france-la-cote-dazur-paris-et-megeve-evoques","status":"publish","type":"post","link":"https:\/\/www.europesays.com\/fr\/368300\/","title":{"rendered":"la prochaine saison tourn\u00e9e en France, la C\u00f4te d\u2019Azur, Paris et Meg\u00e8ve \u00e9voqu\u00e9s"},"content":{"rendered":"<p>L\u2019information \u00e9tait attendue par les nombreux fans de la s\u00e9rie\u200a: la prochaine saison de The White Lotus sera tourn\u00e9e en France\u200a! Le cr\u00e9ateur du programme, Mike White, a choisi notre pays pour le tournage de la quatri\u00e8me saison, selon le m\u00e9dia am\u00e9ricain sp\u00e9cialis\u00e9 <a href=\"https:\/\/deadline.com\/2025\/09\/the-white-lotus-season-4-location-france-hbo-1236507930\/\" target=\"_blank\" rel=\"nofollow noopener\">Deadline<\/a>.<\/p>\n<p>Ce nouveau volet devrait conservait la m\u00eame recette que les trois pr\u00e9c\u00e9dents\u200a: un h\u00f4tel de r\u00eave dans lequel plusieurs drames viennent bouleverser la vie de la client\u00e8le fortun\u00e9e. Et si aucun \u00e9tablissement n\u2019aurait encore \u00e9t\u00e9 retenu par <a href=\"https:\/\/www.ledauphine.com\/societe\/2024\/05\/08\/max-la-nouvelle-plateforme-de-streaming-sera-lancee-en-france-le-11-juin\" target=\"_blank\" rel=\"nofollow noopener\">HBO<\/a>, le producteur de The White Lotus, les rumeurs vont d\u00e9j\u00e0 bon train.<\/p>\n<p>\u00a0Le Cap-Ferrat favori<\/p>\n<p>\u00ab\u200aHBO a conclu un partenariat marketing avec la cha\u00eene h\u00f4teli\u00e8re Four Seasons, qui h\u00e9berge \u00e9galement les h\u00f4tels White Lotus dans la s\u00e9rie, indique Deadline. Les sp\u00e9culations se sont concentr\u00e9es sur le c\u00e9l\u00e8bre Grand-H\u00f4tel du Cap-Ferrat, perch\u00e9 \u00e0 l\u2019extr\u00e9mit\u00e9 de la presqu\u2019\u00eele du Cap-Ferrat, sur la C\u00f4te d\u2019Azur, qui entretient des liens \u00e9troits avec Hollywood gr\u00e2ce \u00e0 sa proximit\u00e9 avec Cannes.\u200a\u00bb<\/p>\n<p>Ce contenu est bloqu\u00e9 car vous n&rsquo;avez pas accept\u00e9 les cookies et autres traceurs.<\/p>\n<p>En cliquant sur \u00ab J\u2019accepte \u00bb, les cookies et autres traceurs seront d\u00e9pos\u00e9s et vous pourrez visualiser les contenus  (<a href=\"\" class=\"consentModule_policy\" target=\"_blank\" title=\"Consulter la politique de protection des donn\u00e9es du fournisseur\">plus d&rsquo;informations<\/a>).<\/p>\n<p>En cliquant sur \u00ab J\u2019accepte tous les cookies \u00bb, vous autorisez des d\u00e9p\u00f4ts de cookies et autres traceurs pour le stockage de vos donn\u00e9es sur nos sites et applications \u00e0 des fins de personnalisation et de ciblage publicitaire.<\/p>\n<p class=\"consentModule_secondaryText\">Vous gardez la possibilit\u00e9 de retirer votre consentement \u00e0 tout moment en consultant notre <a href=\"https:\/\/www.ledauphine.com\/protection-des-donnees\" target=\"_blank\" title=\"Consulter notre politique de protection des donn\u00e9es\" rel=\"nofollow noopener\">politique de protection des donn\u00e9es<\/a>. <br \/>&#13;<br \/>\n            <a href=\"https:\/\/www.ledauphine.com\/societe\/2025\/09\/05\/javascript:Didomi.notice.show()\" class=\"consentModule_cmp\" rel=\"nofollow noopener\" target=\"_blank\">G\u00e9rer mes choix<\/a>&#13;\n        <\/p>\n<p>&#13;<br \/>\n                        J&rsquo;accepte&#13;<br \/>\n            J&rsquo;accepte tous les cookies&#13;\n        <\/p>\n<p>Mais l\u2019Hexagone compte deux autres h\u00f4tels Four Seasons\u200a: \u00e0 Meg\u00e8ve, la station de luxe des Alpes, et Paris. Mais c\u2019est bien le Cap-Ferrat qui tiendrait la corde car il est \u00ab\u200ale lieu le plus proche des d\u00e9cors des trois premi\u00e8res saisons, qui se d\u00e9roulaient dans des complexes h\u00f4teliers de luxe en bord de mer \u00e0 Hawa\u00ef (Saison 1), en Italie (Saison 2) et en Tha\u00eflande (Saison 3)\u200a\u00bb, ajoute Deadline.<\/p>\n<p>D&rsquo;autant que \u00ab\u00a0les acteurs de White Lotus ont r\u00e9v\u00e9l\u00e9 que Mike White d\u00e9teste le froid et a d\u00e9j\u00e0 rejet\u00e9 les suggestions concernant les stations de ski\u00a0\u00bb, selon le m\u00e9dia.<\/p>\n","protected":false},"excerpt":{"rendered":"L\u2019information \u00e9tait attendue par les nombreux fans de la s\u00e9rie\u200a: la prochaine saison de The White Lotus sera&hellip;\n","protected":false},"author":2,"featured_media":368301,"comment_status":"","ping_status":"","sticky":false,"template":"","format":"standard","meta":{"footnotes":""},"categories":[4],"tags":[11,1687,107,1011,27,329,12,25,2205],"class_list":{"0":"post-368300","1":"post","2":"type-post","3":"status-publish","4":"format-standard","5":"has-post-thumbnail","7":"category-france","8":"tag-actualites","9":"tag-culture-loisirs","10":"tag-fil-info","11":"tag-fr","12":"tag-france","13":"tag-france-monde","14":"tag-news","15":"tag-republique-francaise","16":"tag-television-medias"},"share_on_mastodon":{"url":"https:\/\/pubeurope.com\/@fr\/115152047776605884","error":""},"_links":{"self":[{"href":"https:\/\/www.europesays.com\/fr\/wp-json\/wp\/v2\/posts\/368300","targetHints":{"allow":["GET"]}}],"collection":[{"href":"https:\/\/www.europesays.com\/fr\/wp-json\/wp\/v2\/posts"}],"about":[{"href":"https:\/\/www.europesays.com\/fr\/wp-json\/wp\/v2\/types\/post"}],"author":[{"embeddable":true,"href":"https:\/\/www.europesays.com\/fr\/wp-json\/wp\/v2\/users\/2"}],"replies":[{"embeddable":true,"href":"https:\/\/www.europesays.com\/fr\/wp-json\/wp\/v2\/comments?post=368300"}],"version-history":[{"count":0,"href":"https:\/\/www.europesays.com\/fr\/wp-json\/wp\/v2\/posts\/368300\/revisions"}],"wp:featuredmedia":[{"embeddable":true,"href":"https:\/\/www.europesays.com\/fr\/wp-json\/wp\/v2\/media\/368301"}],"wp:attachment":[{"href":"https:\/\/www.europesays.com\/fr\/wp-json\/wp\/v2\/media?parent=368300"}],"wp:term":[{"taxonomy":"category","embeddable":true,"href":"https:\/\/www.europesays.com\/fr\/wp-json\/wp\/v2\/categories?post=368300"},{"taxonomy":"post_tag","embeddable":true,"href":"https:\/\/www.europesays.com\/fr\/wp-json\/wp\/v2\/tags?post=368300"}],"curies":[{"name":"wp","href":"https:\/\/api.w.org\/{rel}","templated":true}]}}